{"id":81165,"date":"2025-12-20T16:47:09","date_gmt":"2025-12-20T16:47:09","guid":{"rendered":"https:\/\/www.europesays.com\/lv\/81165\/"},"modified":"2025-12-20T16:47:09","modified_gmt":"2025-12-20T16:47:09","slug":"valsts-asinsdonoru-centrs-pirmssvetku-un-starpsvetku-dienas-aicina-ziedot-asinis","status":"publish","type":"post","link":"https:\/\/www.europesays.com\/lv\/81165\/","title":{"rendered":"Valsts asinsdonoru centrs pirmssv\u0113tku un starpsv\u0113tku dien\u0101s aicina ziedot asinis"},"content":{"rendered":"<p>K\u0101 uzsver centr\u0101, pacientu \u0101rst\u0113\u0161ana turpin\u0101s ar\u012b sv\u0113tkos, un tie\u0161i \u0161aj\u0101 laik\u0101 asins kr\u0101jumi ir \u012bpa\u0161i svar\u012bgi. VADC direktore Egita Pole nov\u0113rojusi, ka asins piepras\u012bjums un donoru aktivit\u0101te Latvij\u0101 saist\u012bta ar sezon\u0101liem un sv\u0113tku periodiem, k\u0101 ar\u012b ar pacientu skaitu slimn\u012bc\u0101s. Bie\u017ei asins kr\u0101jumi sar\u016bk garo br\u012bvdienu d\u0113\u013c. Piem\u0113ram, \u0161ogad p\u0113c \u010detr\u0101m br\u012bvdien\u0101m valsts sv\u0113tkos, kr\u0101jumi bija zemi, jo slimn\u012bc\u0101s bija smagi slimi pacienti, un bija piepras\u012bjums p\u0113c asins komponentiem. L\u012bdz\u012bgi ir ar\u012b citos sv\u0113tku periodos.<\/p>\n","protected":false},"excerpt":{"rendered":"K\u0101 uzsver centr\u0101, pacientu \u0101rst\u0113\u0161ana turpin\u0101s ar\u012b sv\u0113tkos, un tie\u0161i \u0161aj\u0101 laik\u0101 asins kr\u0101jumi ir \u012bpa\u0161i svar\u012bgi. VADC&hellip;\n","protected":false},"author":2,"featured_media":81166,"comment_status":"","ping_status":"","sticky":false,"template":"","format":"standard","meta":{"footnotes":""},"categories":[12],"tags":[23,28,29,32,33,22,30,31,35,39,38,36,37,34,40,20,26,27,24,25,21],"class_list":{"0":"post-81165","1":"post","2":"type-post","3":"status-publish","4":"format-standard","5":"has-post-thumbnail","7":"category-latvija","8":"tag-aktualitates","9":"tag-breaking-news","10":"tag-breakingnews","11":"tag-featured-news","12":"tag-featurednews","13":"tag-headlines","14":"tag-latest-news","15":"tag-latestnews","16":"tag-latvia","17":"tag-latvian","18":"tag-latviesu","19":"tag-latviesu-valoda","20":"tag-latviesuvaloda","21":"tag-latvija","22":"tag-lv","23":"tag-news","24":"tag-popularakas-zinas","25":"tag-popularakaszinas","26":"tag-top-stories","27":"tag-topstories","28":"tag-zinas"},"share_on_mastodon":{"url":"https:\/\/pubeurope.com\/@lv\/115752916949780203","error":""},"_links":{"self":[{"href":"https:\/\/www.europesays.com\/lv\/wp-json\/wp\/v2\/posts\/81165","targetHints":{"allow":["GET"]}}],"collection":[{"href":"https:\/\/www.europesays.com\/lv\/wp-json\/wp\/v2\/posts"}],"about":[{"href":"https:\/\/www.europesays.com\/lv\/wp-json\/wp\/v2\/types\/post"}],"author":[{"embeddable":true,"href":"https:\/\/www.europesays.com\/lv\/wp-json\/wp\/v2\/users\/2"}],"replies":[{"embeddable":true,"href":"https:\/\/www.europesays.com\/lv\/wp-json\/wp\/v2\/comments?post=81165"}],"version-history":[{"count":0,"href":"https:\/\/www.europesays.com\/lv\/wp-json\/wp\/v2\/posts\/81165\/revisions"}],"wp:featuredmedia":[{"embeddable":true,"href":"https:\/\/www.europesays.com\/lv\/wp-json\/wp\/v2\/media\/81166"}],"wp:attachment":[{"href":"https:\/\/www.europesays.com\/lv\/wp-json\/wp\/v2\/media?parent=81165"}],"wp:term":[{"taxonomy":"category","embeddable":true,"href":"https:\/\/www.europesays.com\/lv\/wp-json\/wp\/v2\/categories?post=81165"},{"taxonomy":"post_tag","embeddable":true,"href":"https:\/\/www.europesays.com\/lv\/wp-json\/wp\/v2\/tags?post=81165"}],"curies":[{"name":"wp","href":"https:\/\/api.w.org\/{rel}","templated":true}]}}