{"id":81171,"date":"2025-12-20T16:59:13","date_gmt":"2025-12-20T16:59:13","guid":{"rendered":"https:\/\/www.europesays.com\/lv\/81171\/"},"modified":"2025-12-20T16:59:13","modified_gmt":"2025-12-20T16:59:13","slug":"brivdabas-muzeja-izveidota-ziemassvetku-gaismas-taka-raksts","status":"publish","type":"post","link":"https:\/\/www.europesays.com\/lv\/81171\/","title":{"rendered":"Br\u012bvdabas muzej\u0101 izveidota Ziemassv\u0113tku gaismas taka \/ Raksts"},"content":{"rendered":"<p>Saska\u0146\u0101 ar latvie\u0161u tautas trad\u012bcij\u0101m, s\u0101kas tr\u012bs \u012bs\u0101k\u0101s dienas un tr\u012bs gar\u0101k\u0101s naktis, kad gaisma c\u012bn\u0101s ar tumsu. \u0160aj\u0101s dien\u0101s svinam Ziemas saulgrie\u017eus. Un laik\u0101, kad \u0161\u0137iet, ka gaismas ir pavisam maz, iest\u0101joties tumsai to var atrast Latvijas Etnogr\u0101fiskaj\u0101 Br\u012bvdabas muzej\u0101, kur ir izveidota Ziemassv\u0113tku gaismas taka.<\/p>\n<p>Ziemassv\u0113tku gaismas taka ir otr\u0101 da\u013ca trilo\u0123ijai, kas apmekl\u0113t\u0101jus iepaz\u012bstina ar tautas trad\u012bcij\u0101m ce\u013cojot caur gadsk\u0101rt\u0101m sen\u0101 latvie\u0161a dz\u012bves g\u0101jum\u0101. Trilo\u0123ijas s\u0101kums bija ve\u013cu laiks un tagad pien\u0101cis br\u012bdis gaid\u012bt saules atgrie\u0161anos.<\/p>\n<p>&#8220;\u0160is ir tas br\u012bdis, kad m\u0113s no pazemes atgrie\u017eamies virszem\u0113 un l\u016bkojamies uz saules ce\u013cu.<\/p>\n<blockquote>\n<p>Saule ir visa ener\u0123ijas avots, tas ir gaismas avots, tas ir visa, visas augl\u012bbas avots.<\/p>\n<\/blockquote>\n<p>Un tie\u0161i t\u0101p\u0113c m\u0113s par to \u0161aj\u0101 gaismas ce\u013c\u0101, protams, st\u0101stam. Par trad\u012bciju vis\u0101 t\u0101s kr\u0101\u0161\u0146um\u0101. M\u0113s minam m\u012bklas, m\u0113s z\u012bl\u0113jam, m\u0113s st\u0101st\u0101m pasakas. Un ikvienam ir iesp\u0113ja satikt ar\u012b \u0137ekatas,&#8221; pauda\u00a0Latvijas Etnogr\u0101fisk\u0101 br\u012bvdabas muzeja direktore Zanda \u0136ergalve.<\/p>\n<p><img decoding=\"async\" src=\"https:\/\/www.europesays.com\/lv\/wp-content\/uploads\/2025\/12\/sbh2.jpg\" alt=\"\"\/><\/p>\n<p>Foto: Zanda Ozola-Balode \/ Latvijas Telev\u012bzija<\/p>\n<p><img decoding=\"async\" src=\"https:\/\/www.europesays.com\/lv\/wp-content\/uploads\/2025\/12\/sbgx.jpg\" alt=\"\"\/><\/p>\n<p>Foto: Zanda Ozola-Balode \/ Latvijas Telev\u012bzija<\/p>\n<p><img decoding=\"async\" src=\"https:\/\/www.europesays.com\/lv\/wp-content\/uploads\/2025\/12\/sbgy.jpg\" alt=\"\"\/><\/p>\n<p>Foto: Zanda Ozola-Balode \/ Latvijas Telev\u012bzija<\/p>\n<p><img decoding=\"async\" src=\"https:\/\/www.europesays.com\/lv\/wp-content\/uploads\/2025\/12\/sbgz.jpg\" alt=\"\"\/><\/p>\n<p>Foto: Zanda Ozola-Balode \/ Latvijas Telev\u012bzija<\/p>\n<p><img decoding=\"async\" src=\"https:\/\/www.europesays.com\/lv\/wp-content\/uploads\/2025\/12\/sbh0.jpg\" alt=\"\"\/><\/p>\n<p>Foto: Zanda Ozola-Balode \/ Latvijas Telev\u012bzija<\/p>\n<p><img decoding=\"async\" src=\"https:\/\/www.europesays.com\/lv\/wp-content\/uploads\/2025\/12\/sbh1.jpg\" alt=\"\"\/><\/p>\n<p>Foto: Zanda Ozola-Balode \/ Latvijas Telev\u012bzija<\/p>\n<p><img decoding=\"async\" src=\"https:\/\/www.europesays.com\/lv\/wp-content\/uploads\/2025\/12\/sbh3.jpg\" alt=\"\"\/><\/p>\n<p>Foto: Zanda Ozola-Balode \/ Latvijas Telev\u012bzija<\/p>\n<p><img decoding=\"async\" src=\"https:\/\/www.europesays.com\/lv\/wp-content\/uploads\/2025\/12\/sbh4.jpg\" alt=\"\"\/><\/p>\n<p>Foto: Zanda Ozola-Balode \/ Latvijas Telev\u012bzija<\/p>\n<p><img decoding=\"async\" src=\"https:\/\/www.europesays.com\/lv\/wp-content\/uploads\/2025\/12\/sbh5.jpg\" alt=\"\"\/><\/p>\n<p>Foto: Zanda Ozola-Balode \/ Latvijas Telev\u012bzija<\/p>\n<p><img decoding=\"async\" src=\"https:\/\/www.europesays.com\/lv\/wp-content\/uploads\/2025\/12\/sbh6.jpg\" alt=\"\"\/><\/p>\n<p>Foto: Zanda Ozola-Balode \/ Latvijas Telev\u012bzija<\/p>\n<\/p>\n<p>Ziemassv\u0113tku gaismas taku var\u0113s izstaig\u0101t l\u012bdz pat 4. janv\u0101rim. T\u0101 darbosies katru dienu iz\u0146emot 24. un 31. decembri. S\u0101kot no pieciem vakar\u0101, muzej\u0101 var\u0113s satikt ar\u012b l\u0101ci, n\u0101vi, \u010dig\u0101nieti, kazu, vilku un dz\u0113rvi un ar visiem izdancoties.<\/p>\n<p>                    Valodas k\u013c\u016bda rakst\u0101?<\/p>\n<p class=\"d-none d-md-block\">Iez\u012bm\u0113jiet tekstu un spiediet Ctrl+Enter, lai nos\u016bt\u012btu labojamo teksta fragmentu redaktoram! Par faktu k\u013c\u016bd\u0101m l\u016bdzam zi\u0146ot e-past\u0101 <a href=\"https:\/\/www.lsm.lv\/cdn-cgi\/l\/email-protection\" class=\"__cf_email__\" data-cfemail=\"60120504010b03090a01200c130d4e0c16\" rel=\"nofollow noopener\" target=\"_blank\">[email\u00a0protected]<\/a>.<\/p>\n<p class=\"d-md-none\">Iez\u012bm\u0113jiet tekstu un spiediet uz Zi\u0146ot par k\u013c\u016bdu pogas, lai nos\u016bt\u012btu labojamo teksta fragmentu redaktoram!<\/p>\n<p>\n                    Zi\u0146ot par k\u013c\u016bdu\n                <\/p>\n","protected":false},"excerpt":{"rendered":"Saska\u0146\u0101 ar latvie\u0161u tautas trad\u012bcij\u0101m, s\u0101kas tr\u012bs \u012bs\u0101k\u0101s dienas un tr\u012bs gar\u0101k\u0101s naktis, kad gaisma c\u012bn\u0101s ar tumsu.&hellip;\n","protected":false},"author":2,"featured_media":81172,"comment_status":"","ping_status":"","sticky":false,"template":"","format":"standard","meta":{"footnotes":""},"categories":[12],"tags":[23,28,29,32,33,22,30,31,35,39,38,36,37,34,40,20,26,27,24,25,21],"class_list":{"0":"post-81171","1":"post","2":"type-post","3":"status-publish","4":"format-standard","5":"has-post-thumbnail","7":"category-latvija","8":"tag-aktualitates","9":"tag-breaking-news","10":"tag-breakingnews","11":"tag-featured-news","12":"tag-featurednews","13":"tag-headlines","14":"tag-latest-news","15":"tag-latestnews","16":"tag-latvia","17":"tag-latvian","18":"tag-latviesu","19":"tag-latviesu-valoda","20":"tag-latviesuvaloda","21":"tag-latvija","22":"tag-lv","23":"tag-news","24":"tag-popularakas-zinas","25":"tag-popularakaszinas","26":"tag-top-stories","27":"tag-topstories","28":"tag-zinas"},"share_on_mastodon":{"url":"https:\/\/pubeurope.com\/@lv\/115752964670617014","error":""},"_links":{"self":[{"href":"https:\/\/www.europesays.com\/lv\/wp-json\/wp\/v2\/posts\/81171","targetHints":{"allow":["GET"]}}],"collection":[{"href":"https:\/\/www.europesays.com\/lv\/wp-json\/wp\/v2\/posts"}],"about":[{"href":"https:\/\/www.europesays.com\/lv\/wp-json\/wp\/v2\/types\/post"}],"author":[{"embeddable":true,"href":"https:\/\/www.europesays.com\/lv\/wp-json\/wp\/v2\/users\/2"}],"replies":[{"embeddable":true,"href":"https:\/\/www.europesays.com\/lv\/wp-json\/wp\/v2\/comments?post=81171"}],"version-history":[{"count":0,"href":"https:\/\/www.europesays.com\/lv\/wp-json\/wp\/v2\/posts\/81171\/revisions"}],"wp:featuredmedia":[{"embeddable":true,"href":"https:\/\/www.europesays.com\/lv\/wp-json\/wp\/v2\/media\/81172"}],"wp:attachment":[{"href":"https:\/\/www.europesays.com\/lv\/wp-json\/wp\/v2\/media?parent=81171"}],"wp:term":[{"taxonomy":"category","embeddable":true,"href":"https:\/\/www.europesays.com\/lv\/wp-json\/wp\/v2\/categories?post=81171"},{"taxonomy":"post_tag","embeddable":true,"href":"https:\/\/www.europesays.com\/lv\/wp-json\/wp\/v2\/tags?post=81171"}],"curies":[{"name":"wp","href":"https:\/\/api.w.org\/{rel}","templated":true}]}}