{"id":81173,"date":"2025-12-20T17:02:07","date_gmt":"2025-12-20T17:02:07","guid":{"rendered":"https:\/\/www.europesays.com\/lv\/81173\/"},"modified":"2025-12-20T17:02:07","modified_gmt":"2025-12-20T17:02:07","slug":"sezonas-sakums-nav-izdevies-bet-redzams-progresa-trajektorija-lente-lv","status":"publish","type":"post","link":"https:\/\/www.europesays.com\/lv\/81173\/","title":{"rendered":"Sezonas S\u0101kums Nav Izdevies, Bet Redzams Progresa Trajektorija\u00a0\u2014\u00a0Lente.lv"},"content":{"rendered":"<p>Neatbild\u012bgs S\u0101kums un Cer\u012bbas Pirms M\u0101jas Posma<\/p>\n<p>Latvijas bobsleja izlasei 2025.\/2026. gada Pasaules kausa sezona s\u0101kta ar zin\u0101mu aiz\u0137er\u0161anos, ko atzinis ar\u012b izlases galvenais treneris Em\u012bls Cipulis. Lai gan s\u0101kotn\u0113jie rezult\u0101ti nav atbildu\u0161i augst\u0101kaj\u0101m amb\u012bcij\u0101m, treneris uzsver, ka komanda nenogurst un katr\u0101s n\u0101kamaj\u0101s sacens\u012bb\u0101s izaugsme ir pietiekami j\u016btama. \u0160ie koment\u0101ri izskan\u0113ja tie\u0161i pirms Siguld\u0101 paredz\u0113t\u0101 Pasaules kausa posma, kas sportistiem un treneru korpusam ir \u012bpa\u0161s notikums un iesp\u0113ja pier\u0101d\u012bt sevi m\u0101jas tras\u0113.<\/p>\n<p>Cipulis, kur\u0161 savulaik pats bija augsta l\u012bme\u0146a pilots un vice\u010dempions \u010detriniekos, skaidroja, ka s\u0101kotn\u0113j\u0101s sacens\u012bbas, kas notika \u0101rzem\u0113s, ir biju\u0161as vair\u0101k k\u0101 izm\u0113\u0123in\u0101jumu poligons. Priorit\u0101te sezonas s\u0101kum\u0101 bijusi nevis spo\u017ei rezult\u0101ti uzreiz, bet gan sist\u0113mas un deta\u013cu kalibr\u0113\u0161ana. K\u0101 piem\u0113rus neveiksm\u012bgajiem s\u0101kumiem minami J\u0113kaba Kalendas ekip\u0101\u017eas rezult\u0101ti pirmaj\u0101 posm\u0101 Kort\u012bn\u0101 d&#8217;Ampeco, kur divniekos tika ie\u0146emta 13. vieta, bet Ren\u0101ra Granti\u0146a ekip\u0101\u017ea fini\u0161\u0113ja 23. poz\u012bcij\u0101. V\u012brie\u0161u konkurenc\u0113 \u0161aj\u0101 pa\u0161\u0101 posm\u0101 Kalenda\/Bebri\u0161s zaud\u0113ja uzvar\u0113t\u0101jam Lohnera ekip\u0101\u017eai 1,80 sekundes, kam\u0113r Granti\u0146\u0161\/Ungurs nesp\u0113ja kvalific\u0113ties otrajam braucienam.<\/p>\n<blockquote><p>Sezonas s\u0101kums nav bijis veiksm\u012bgs, ta\u010du katr\u0101s n\u0101kamaj\u0101s sacens\u012bb\u0101s ir redzams progress.<\/p><\/blockquote>\n<p>Pak\u0101peniska Uzlabo\u0161an\u0101s un Strat\u0113\u0123isk\u0101 Pieeja<\/p>\n<p>Treneris uzsv\u0113ra, ka aiz neveiksm\u012bgajiem startiem sl\u0113pjas apzin\u0101ts darbs pie tehnisk\u0101s puses un sast\u0101vu optimiz\u0101cijas. Latvijas Bobsleja un Skeletona feder\u0101cija (LBSF) apstiprin\u0101jusi, ka komanda akt\u012bvi str\u0101d\u0101 pie ekip\u0113juma modifik\u0101cij\u0101m un pilotu\/st\u016bm\u0113ju kombin\u0101ciju piel\u0101go\u0161anas, lai pak\u0101peniski uzlabotu starta poz\u012bcijas un kop\u0113jo \u0101trumu tras\u0113. \u0160\u0101da metodolo\u0123ija ir rakstur\u012bga m\u016bsdienu augstas klases sportam, kur pirms galvenajiem m\u0113r\u0137iem \u2013 \u0161aj\u0101 gad\u012bjum\u0101 2026. gada Olimpiskaj\u0101m sp\u0113l\u0113m Mil\u0101n\u0101 un Kort\u012bn\u0101 d&#8217;Ampeco \u2013 tiek izv\u0113rt\u0113ti visi main\u012bgie lielumi.<\/p>\n<p>Ar\u012b fizisk\u0101s sagatavot\u012bbas treneris \u0112riks Franke apstiprin\u0101jis strat\u0113\u0123isko pl\u0101nu. Uzsvars tiek likts uz stabilit\u0101ti un izaugsmi \u201csoli pa solim\u201d. Galvenais m\u0113r\u0137is ir pan\u0101kt, lai sportistu fizisk\u0101s formas kulmin\u0101cija sakristu tie\u0161i ar febru\u0101r\u012b paredz\u0113taj\u0101m Olimpiskaj\u0101m sp\u0113l\u0113m, nevis ar sezonas s\u0101kumu novembr\u012b vai decembr\u012b.<\/p>\n<p>Sigulda K\u0101 Cer\u012bbu L\u0101pa un Olimpisk\u0101 Kvalifik\u0101cijas D\u017eokers<\/p>\n<p>\u0160oned\u0113\u013c, no 18. l\u012bdz 21. decembrim, Latvijas trase Siguld\u0101 uz\u0146em Pasaules kausa posmu bobslej\u0101 un skeleton\u0101. \u0160is posms ir \u012bpa\u0161i noz\u012bm\u012bgs Latvijas sportistiem, jo, k\u0101 nor\u0101d\u012bjis LBSF prezidents Ansis Zelti\u0146\u0161, t\u0101 ir lieliska iesp\u0113ja gan l\u012bdzjut\u0113jiem, gan medijiem kl\u0101tien\u0113 nov\u0113rt\u0113t komandas gatav\u012bbu olimpiskaj\u0101 sezon\u0101.<\/p>\n<p>Bobsleja sacens\u012bbu programma Siguld\u0101 ir sadal\u012bta vair\u0101k\u0101m dien\u0101m: ceturtdien start\u0113 skeletonistes, piektdien \u2013 skeletonisti un monobobsleja posms sieviet\u0113m. Savuk\u0101rt sestdiena un sv\u0113tdiena paredz\u0113ta v\u012brie\u0161u un sievie\u0161u divnieku ekip\u0101\u017e\u0101m. Siguldas posms ir viena no p\u0113d\u0113j\u0101m iesp\u0113j\u0101m sportistiem uzkr\u0101t svar\u012bgus punktus olimpisk\u0101s kvalifik\u0101cijas ieskait\u0113. Skeletona treneris Ivo \u0160teinbergs atz\u012bm\u0113jis, ka konkurence olimpiskaj\u0101 c\u012b\u0146\u0101 ir \u012bpa\u0161i bl\u012bva, un rezult\u0101tu sv\u0101rst\u012bbas ir gaid\u0101mas, ta\u010du m\u0101jas posms var dot b\u016btisku psiholo\u0123isku un punktu kr\u0101\u0161anas impulsu.<\/p>\n<p>Latvijas Komandas Sast\u0101vs Siguld\u0101<\/p>\n<p>Latvijas bobsleja p\u0101rst\u0101vniec\u012bba Siguldas posm\u0101 ir skaidra. V\u012brie\u0161u divniekos uz starta st\u0101sies abi galvenie piloti: J\u0113kabs Kalenda un Ren\u0101rs Granti\u0146\u0161. \u0160\u012b b\u016bs iz\u0161\u0137iro\u0161a c\u012b\u0146a, lai uzlabotu iepriek\u0161\u0113j\u0101 posma rezult\u0101tus.<\/p>\n<p>Sievie\u0161u konkurenc\u0113 Pasaules kausa debitanti piedz\u012bvos Am\u0113lija Kot\u0101ne, kura start\u0113s gan monobobslej\u0101, gan divnieku sacens\u012bb\u0101s. Iepriek\u0161 Zieme\u013camerikas kaus\u0101 Kot\u0101ne ar st\u016bm\u0113ju Just\u012bni B\u0113rzi\u0146u ieguva dev\u012bto vietu, kas liecina par potenci\u0101lu, kas v\u0113l j\u0101atkl\u0101j uz piln\u0101 m\u0113roga Pasaules kausa discipl\u012bnas.<\/p>\n<p>Skeleton\u0101 no Latvijas sportistiem pl\u0101nots start\u0113t D\u0101rtai Neimanei, Martai And\u017e\u0101nei, Em\u012blam Indriksonam un D\u0101vim Valdovskim, kuri jau iepriek\u0161 ir uzr\u0101d\u012bju\u0161i savu sniegumu pasaules aprit\u0113.<\/p>\n<p>Cipulis: No Motokrosa L\u012bdz Izlases Vad\u012bbai<\/p>\n<p>Em\u012bla Cipu\u013ca person\u012bgais st\u0101sts pie\u0161\u0137ir papildu noz\u012bmi vi\u0146a pa\u0161reiz\u0113jai poz\u012bcijai. Cipulis, kur\u0161 s\u0101kotn\u0113ji bija paz\u012bstams k\u0101 motokrosa sportists, ar neatlaid\u012bbu un m\u0113r\u0137tiec\u012bbu sp\u0113ja p\u0101riet uz bobsleju un sasniegt pasaules l\u012bmeni, pat izc\u012bnot sudraba godu \u010detriniekos. \u0160\u012b pieredze tagad kalpo k\u0101 b\u0101ze, lai vad\u012btu n\u0101kamo paaudzi.<\/p>\n<p>LBSF vad\u012bba, iece\u013cot Cipuli par galveno treneri iepriek\u0161\u0113j\u0101s sezonas izska\u0146\u0101, par\u0101d\u012bja uztic\u012bbu sportista izpratnei par sist\u0113mas vajadz\u012bb\u0101m un sp\u0113jai str\u0101d\u0101t ar sportistiem uz rezult\u0101tu orient\u0113t\u0101, bet re\u0101listisk\u0101 veid\u0101. Lai gan \u0161\u012b sezona pras\u012bjusi piel\u0101go\u0161anos, kop\u0113jais noska\u0146ojums komand\u0101 ir c\u012b\u0146asspars. Laiks r\u0101d\u012bs, vai m\u0101j\u0101s, Siguldas tras\u0113, izdosies p\u0101rk\u0101pt s\u0101kotn\u0113j\u0101s neveiksmes \u0113nu un nostiprin\u0101t poz\u012bcijas pirms olimpisko sp\u0113\u013cu nosl\u0113guma f\u0101zes.<\/p>\n","protected":false},"excerpt":{"rendered":"Neatbild\u012bgs S\u0101kums un Cer\u012bbas Pirms M\u0101jas Posma Latvijas bobsleja izlasei 2025.\/2026. gada Pasaules kausa sezona s\u0101kta ar zin\u0101mu&hellip;\n","protected":false},"author":2,"featured_media":81174,"comment_status":"","ping_status":"","sticky":false,"template":"","format":"standard","meta":{"footnotes":""},"categories":[17],"tags":[2158,11562,35,39,38,36,37,34,4765,40,20387,20386,67],"class_list":{"0":"post-81173","1":"post","2":"type-post","3":"status-publish","4":"format-standard","5":"has-post-thumbnail","7":"category-sports","8":"tag-bobslejs","9":"tag-emils-cipulis","10":"tag-latvia","11":"tag-latvian","12":"tag-latviesu","13":"tag-latviesu-valoda","14":"tag-latviesuvaloda","15":"tag-latvija","16":"tag-latvijas-izlase","17":"tag-lv","18":"tag-olimpiska-kvalifikacija","19":"tag-pasaules-kauss-sigulda","20":"tag-sports"},"share_on_mastodon":{"url":"https:\/\/pubeurope.com\/@lv\/115752975961654997","error":""},"_links":{"self":[{"href":"https:\/\/www.europesays.com\/lv\/wp-json\/wp\/v2\/posts\/81173","targetHints":{"allow":["GET"]}}],"collection":[{"href":"https:\/\/www.europesays.com\/lv\/wp-json\/wp\/v2\/posts"}],"about":[{"href":"https:\/\/www.europesays.com\/lv\/wp-json\/wp\/v2\/types\/post"}],"author":[{"embeddable":true,"href":"https:\/\/www.europesays.com\/lv\/wp-json\/wp\/v2\/users\/2"}],"replies":[{"embeddable":true,"href":"https:\/\/www.europesays.com\/lv\/wp-json\/wp\/v2\/comments?post=81173"}],"version-history":[{"count":0,"href":"https:\/\/www.europesays.com\/lv\/wp-json\/wp\/v2\/posts\/81173\/revisions"}],"wp:featuredmedia":[{"embeddable":true,"href":"https:\/\/www.europesays.com\/lv\/wp-json\/wp\/v2\/media\/81174"}],"wp:attachment":[{"href":"https:\/\/www.europesays.com\/lv\/wp-json\/wp\/v2\/media?parent=81173"}],"wp:term":[{"taxonomy":"category","embeddable":true,"href":"https:\/\/www.europesays.com\/lv\/wp-json\/wp\/v2\/categories?post=81173"},{"taxonomy":"post_tag","embeddable":true,"href":"https:\/\/www.europesays.com\/lv\/wp-json\/wp\/v2\/tags?post=81173"}],"curies":[{"name":"wp","href":"https:\/\/api.w.org\/{rel}","templated":true}]}}