{"id":81181,"date":"2025-12-20T17:11:08","date_gmt":"2025-12-20T17:11:08","guid":{"rendered":"https:\/\/www.europesays.com\/lv\/81181\/"},"modified":"2025-12-20T17:11:08","modified_gmt":"2025-12-20T17:11:08","slug":"labdaribas-maratona-dod-pieci-pirmajas-cetras-diennaktis-saziedoti-vairak-neka-ceturdala-miljona-eiro-lente-lv","status":"publish","type":"post","link":"https:\/\/www.europesays.com\/lv\/81181\/","title":{"rendered":"Labdar\u012bbas maraton\u0101 &#8220;Dod pieci!&#8221; pirmaj\u0101s \u010detr\u0101s diennakt\u012bs saziedoti vair\u0101k nek\u0101 ceturda\u013ca miljona eiro\u00a0\u2014\u00a0Lente.lv"},"content":{"rendered":"<p>Maratons sasniedz noz\u012bm\u012bgu finansi\u0101lo pav\u0113rsienu<\/p>\n<p>Sabiedrisko mediju labdar\u012bbas maratons \u201cDod pieci!\u201d turpina aizraut sabiedr\u012bbu ar savu v\u0113st\u012bjumu un d\u0101snumu, sasniedzot jau iespaid\u012bgu ziedojumu apjomu. K\u0101 zi\u0146o Latvijas Av\u012bze, pirmo \u010detru maratona diennak\u0161u laik\u0101 kopum\u0101 izdevies sav\u0101kt 256 278 eiro. \u0160is solis apliecina latvie\u0161u atbalstu tiem, kam nepiecie\u0161ama t\u016bl\u012bt\u0113ja medic\u012bniska pal\u012bdz\u012bba, ko valsts finans\u0113jums \u0161obr\u012bd piln\u012bb\u0101 nenodro\u0161ina.<\/p>\n<p>Jau ierasti, maratons norisin\u0101sies gandr\u012bz ned\u0113\u013cu, \u013caujot ikvienam iedz\u012bvot\u0101jam un uz\u0146\u0113mumam iesaist\u012bties, ziedojot vismaz piecus eiro apmai\u0146\u0101 pret k\u0101du sev m\u012b\u013cu dziesmu, ko tie\u0161raid\u0113 atska\u0146o d\u012bd\u017eeji no \u012bpa\u0161\u0101s stikla studijas Doma laukum\u0101 R\u012bg\u0101.<\/p>\n<p>M\u0113r\u0137a b\u016bt\u012bba: Pal\u012bdz\u012bba ak\u016bt\u0101s vesel\u012bbas situ\u0101cij\u0101s<\/p>\n<p>Maratona \u0161\u012b gada galvenais m\u0113r\u0137is ir v\u0113rsts uz kritisk\u0101m un ak\u016bt\u0101m vesel\u012bbas probl\u0113m\u0101m saskartajiem cilv\u0113kiem, kuriem konkr\u0113ta, bet vi\u0146u pa\u0161u sp\u0113kiem nesasniedzama naudas summa ir \u0161\u0137\u0113rslis starp dz\u012bv\u012bbu un n\u0101vi. Visas saziedot\u0101s summas non\u0101ks labdar\u012bbas organiz\u0101cijas Ziedot.lv r\u012bc\u012bb\u0101, kas nodro\u0161in\u0101s operat\u012bvu l\u012bdzek\u013cu novirz\u012b\u0161anu tur, kur tie ir vissteidzam\u0101k vajadz\u012bgi \u2013 medikamentu ieg\u0101dei, nepiecie\u0161amajiem izmekl\u0113jumiem un diagnostikai, vai citu medic\u012bnisku proced\u016bru apmaksai, kas prasa t\u016bl\u0113ju\u0161os s\u0101kumu.<\/p>\n<p>Ziedot.lv ik gadu sa\u0146em simtiem l\u016bgumu no cilv\u0113kiem, kuriem ir steidzama vajadz\u012bba p\u0113c finansi\u0101la atbalsta, lai uzs\u0101ktu \u0101rst\u0113\u0161anos. \u0160\u012b summa \u2013 256 278 eiro p\u0113c \u010detr\u0101m dien\u0101m \u2013 ir noz\u012bm\u012bgs pamats, lai \u0161iem cilv\u0113kiem sniegtu cer\u012bbu un \u013cautu turpin\u0101t c\u012b\u0146u par vesel\u012bbu.<\/p>\n<p>D\u012bd\u017eeji un studija Doma laukum\u0101<\/p>\n<p>\u201cDod pieci!\u201d ir da\u013ca no starptautisk\u0101 projekta \u201cSerious Request\u201d, un Latvij\u0101 to jau vair\u0101kus gadus vada Latvijas Sabiedriskais medijs, galvenok\u0101rt p\u0101rst\u0101v\u0113ts ar Latvijas Radio 5 \u2013 pieci.lv.<\/p>\n<p>Tradicion\u0101li, raid\u012bjums no stikla studijas Doma laukum\u0101 tie\u0161raid\u0113 tiek p\u0101rraid\u012bts 24 stundas diennakt\u012b, lai uztur\u0113tu nep\u0101rtrauktu sazi\u0146u ar sabiedr\u012bbu un iedvesmotu uz atbalstu. D\u012bd\u017eeji \u0161aj\u0101 laik\u0101 dal\u0101s ar cilv\u0113ku pieredzes st\u0101stiem, kas bie\u017ei vien atkl\u0101j sist\u0113mas nepiln\u012bbas un par\u0101da, cik svar\u012bga ir sabiedr\u012bbas solidarit\u0101te \u0161\u0101d\u0101s situ\u0101cij\u0101s. \u0160is form\u0101ts, kur dziesmas tiek atska\u0146otas par ziedojumiem, nodro\u0161ina akt\u012bvu klaus\u012bt\u0101ju iesaisti vis\u0101 maratona garum\u0101.<\/p>\n<p>Sabiedr\u012bbas iesaiste un n\u0101kamie so\u013ci<\/p>\n<p>Iespaid\u012bgais ziedojumu apjoms pirmaj\u0101s 96 stund\u0101s liecina par augstu Latvijas iedz\u012bvot\u0101ju solidarit\u0101tes l\u012bmeni. Ziedojumu v\u0101k\u0161ana, lai gan sasniegusi noz\u012bm\u012bgu posmu, joproj\u0101m ir atv\u0113rta. Atbalstu var sniegt da\u017e\u0101dos veidos, tostarp caur ziedojumu t\u0101lruni, ziedojumu kast\u012bt\u0113m veikalos vai tie\u0161saist\u0113. Ar\u012b uz\u0146\u0113mumi tiek aicin\u0101ti piedal\u012bties, piem\u0113ram, izsol\u0113s, kur par ziedojumu ir iesp\u0113ja sa\u0146emt m\u016bzi\u0137u vieso\u0161anos.<\/p>\n<p>Organizatori tradicion\u0101li izmanto maratona laiku, lai ne tikai v\u0101ktu l\u012bdzek\u013cus, bet ar\u012b izvirz\u012btu pras\u012bbas valsts instit\u016bcij\u0101m, mudinot t\u0101s mekl\u0113t sist\u0113miskus risin\u0101jumus vesel\u012bbas apr\u016bpes jom\u0101. Katra saziedot\u0101 summa ir ne tikai re\u0101la pal\u012bdz\u012bba konkr\u0113tiem cilv\u0113kiem, bet ar\u012b sign\u0101ls politikas veidot\u0101jiem par \u0161o jaut\u0101jumu noz\u012bm\u012bgumu.<\/p>\n","protected":false},"excerpt":{"rendered":"Maratons sasniedz noz\u012bm\u012bgu finansi\u0101lo pav\u0113rsienu Sabiedrisko mediju labdar\u012bbas maratons \u201cDod pieci!\u201d turpina aizraut sabiedr\u012bbu ar savu v\u0113st\u012bjumu un&hellip;\n","protected":false},"author":2,"featured_media":81182,"comment_status":"","ping_status":"","sticky":false,"template":"","format":"standard","meta":{"footnotes":""},"categories":[12],"tags":[13220,23,28,29,32,33,22,13704,30,31,35,39,38,36,37,34,40,20,26,27,24,25,787,1516,3198,21],"class_list":{"0":"post-81181","1":"post","2":"type-post","3":"status-publish","4":"format-standard","5":"has-post-thumbnail","7":"category-latvija","8":"tag-dod-pieci","9":"tag-aktualitates","10":"tag-breaking-news","11":"tag-breakingnews","12":"tag-featured-news","13":"tag-featurednews","14":"tag-headlines","15":"tag-labdaribas-maratons","16":"tag-latest-news","17":"tag-latestnews","18":"tag-latvia","19":"tag-latvian","20":"tag-latviesu","21":"tag-latviesu-valoda","22":"tag-latviesuvaloda","23":"tag-latvija","24":"tag-lv","25":"tag-news","26":"tag-popularakas-zinas","27":"tag-popularakaszinas","28":"tag-top-stories","29":"tag-topstories","30":"tag-veselibas-aprupe","31":"tag-ziedojumi","32":"tag-ziedot-lv","33":"tag-zinas"},"share_on_mastodon":{"url":"https:\/\/pubeurope.com\/@lv\/115753011312491247","error":""},"_links":{"self":[{"href":"https:\/\/www.europesays.com\/lv\/wp-json\/wp\/v2\/posts\/81181","targetHints":{"allow":["GET"]}}],"collection":[{"href":"https:\/\/www.europesays.com\/lv\/wp-json\/wp\/v2\/posts"}],"about":[{"href":"https:\/\/www.europesays.com\/lv\/wp-json\/wp\/v2\/types\/post"}],"author":[{"embeddable":true,"href":"https:\/\/www.europesays.com\/lv\/wp-json\/wp\/v2\/users\/2"}],"replies":[{"embeddable":true,"href":"https:\/\/www.europesays.com\/lv\/wp-json\/wp\/v2\/comments?post=81181"}],"version-history":[{"count":0,"href":"https:\/\/www.europesays.com\/lv\/wp-json\/wp\/v2\/posts\/81181\/revisions"}],"wp:featuredmedia":[{"embeddable":true,"href":"https:\/\/www.europesays.com\/lv\/wp-json\/wp\/v2\/media\/81182"}],"wp:attachment":[{"href":"https:\/\/www.europesays.com\/lv\/wp-json\/wp\/v2\/media?parent=81181"}],"wp:term":[{"taxonomy":"category","embeddable":true,"href":"https:\/\/www.europesays.com\/lv\/wp-json\/wp\/v2\/categories?post=81181"},{"taxonomy":"post_tag","embeddable":true,"href":"https:\/\/www.europesays.com\/lv\/wp-json\/wp\/v2\/tags?post=81181"}],"curies":[{"name":"wp","href":"https:\/\/api.w.org\/{rel}","templated":true}]}}