{"id":81183,"date":"2025-12-20T17:14:14","date_gmt":"2025-12-20T17:14:14","guid":{"rendered":"https:\/\/www.europesays.com\/lv\/81183\/"},"modified":"2025-12-20T17:14:14","modified_gmt":"2025-12-20T17:14:14","slug":"video-%e2%9f%a9-latvijas-u-20-hokeja-izlase-atspelejas-no-02-tacu-papildlaika-zaude-cehijai","status":"publish","type":"post","link":"https:\/\/www.europesays.com\/lv\/81183\/","title":{"rendered":"VIDEO \u27e9 Latvijas U-20 hokeja izlase atsp\u0113l\u0113jas no 0:2, ta\u010du papildlaik\u0101 zaud\u0113 \u010cehijai"},"content":{"rendered":"<p>2026. gada pasaules \u010dempion\u0101ts junioriem norisin\u0101sies no 26. decembra l\u012bdz 5. janv\u0101rim Sentpol\u0101 un Mineapolis\u0101.<\/p>\n<p>Latvijas U-20 hokeja izlases kandid\u0101ti:<\/p>\n<p>v\u0101rtsargi &#8211; Nils Roberts Mauri\u0146\u0161 (Omahas &#8220;Lancers&#8221;, USHL), Mikus Vecvanags (\u0145\u016bfaundlendas &#8220;Regiment&#8221;, QMJHL), Ivans Kufterins (Kaml\u016bpsas &#8220;Blazers&#8221;, WHL);<\/p>\n<p>aizsargi &#8211; Alberts \u0160mits (Mikeli &#8220;Jukurit&#8221;, Somija), M\u0101rti\u0146\u0161 V\u012btols (&#8220;Zemgale&#8221;\/LBTU), Oskars Nils Briedis (&#8220;Lulea&#8221;, Zviedrija), Rolands Naglis (&#8220;Bern&#8221;, \u0160veice), Darels U\u013cjanskis (Flintas &#8220;Firebirds&#8221;, OHL), Kri\u0161j\u0101nis S\u0101rts (Blekfeldas &#8220;Bulldogs&#8221;, BCHL), Krists Retenais, Harijs Cjunskis (abi &#8211; Bruksas &#8220;Bandits&#8221;, BCHL), Mat\u012bss O\u0161\u0101ns (\u0145\u016bd\u017eersijas &#8220;Rockets&#8221;, NCDC), Reinis Auzi\u0146\u0161 (\u0160erbr\u016bkas &#8220;Phoenix&#8221;, QMJHL);<\/p>\n<p>uzbruc\u0113ji &#8211; Olivers M\u016brnieks (Sentd\u017eonas &#8220;Sea Dogs&#8221;, QMJHL), K\u0101rlis Flugins (Kouvolas &#8220;KooKoo&#8221;, Somija), Kristers Ansons (&#8220;Mogo&#8221;\/RSU), Dmitrijs Di\u013cevka (Bruksas &#8220;Bandits&#8221;, BCHL), Bruno Osmanis (&#8220;Bjorkloven&#8221;, Zviedrija), Markuss Sieradzkis (&#8220;Plzen&#8221;, \u010cehija), Maksims Pumpi\u0146\u0161 (&#8220;Poruba&#8221;, \u010cehija), Roberts Polis (&#8220;R\u012bgas Hokeja skola&#8221;), Toms Trockis (Vernonas &#8220;Vipers&#8221;, BCHL), R\u016bdolfs B\u0113rzkalns (Mask\u012bgonas &#8220;Lumberjacks&#8221;, USHL), Kristi\u0101ns Utn\u0101ns (Kenai &#8220;Brown Bears&#8221;, NAHL), Antons Macijevskis (Vatertaunas &#8220;Shamrocks&#8221;, NAHL), Roberts Naudi\u0146\u0161 (&#8220;Shattuck St.Mary&#8217;s&#8221;, USHS), Daniels Serkins (&#8220;Bern&#8221;, \u0160veice), Martins Klauc\u0101ns (\u0160erbr\u016bkas &#8220;Phoenix&#8221;, QMJHL).<\/p>\n","protected":false},"excerpt":{"rendered":"2026. gada pasaules \u010dempion\u0101ts junioriem norisin\u0101sies no 26. decembra l\u012bdz 5. janv\u0101rim Sentpol\u0101 un Mineapolis\u0101. Latvijas U-20 hokeja&hellip;\n","protected":false},"author":2,"featured_media":81184,"comment_status":"","ping_status":"","sticky":false,"template":"","format":"standard","meta":{"footnotes":""},"categories":[17],"tags":[836,394,721,35,39,38,36,37,34,11943,40,67],"class_list":{"0":"post-81183","1":"post","2":"type-post","3":"status-publish","4":"format-standard","5":"has-post-thumbnail","7":"category-sports","8":"tag-hokeja-jaunumi","9":"tag-hokejs","10":"tag-hokejs-pasaule","11":"tag-latvia","12":"tag-latvian","13":"tag-latviesu","14":"tag-latviesu-valoda","15":"tag-latviesuvaloda","16":"tag-latvija","17":"tag-latvijas-u-20-hokeja-izlase","18":"tag-lv","19":"tag-sports"},"share_on_mastodon":{"url":"https:\/\/pubeurope.com\/@lv\/115753023099459843","error":""},"_links":{"self":[{"href":"https:\/\/www.europesays.com\/lv\/wp-json\/wp\/v2\/posts\/81183","targetHints":{"allow":["GET"]}}],"collection":[{"href":"https:\/\/www.europesays.com\/lv\/wp-json\/wp\/v2\/posts"}],"about":[{"href":"https:\/\/www.europesays.com\/lv\/wp-json\/wp\/v2\/types\/post"}],"author":[{"embeddable":true,"href":"https:\/\/www.europesays.com\/lv\/wp-json\/wp\/v2\/users\/2"}],"replies":[{"embeddable":true,"href":"https:\/\/www.europesays.com\/lv\/wp-json\/wp\/v2\/comments?post=81183"}],"version-history":[{"count":0,"href":"https:\/\/www.europesays.com\/lv\/wp-json\/wp\/v2\/posts\/81183\/revisions"}],"wp:featuredmedia":[{"embeddable":true,"href":"https:\/\/www.europesays.com\/lv\/wp-json\/wp\/v2\/media\/81184"}],"wp:attachment":[{"href":"https:\/\/www.europesays.com\/lv\/wp-json\/wp\/v2\/media?parent=81183"}],"wp:term":[{"taxonomy":"category","embeddable":true,"href":"https:\/\/www.europesays.com\/lv\/wp-json\/wp\/v2\/categories?post=81183"},{"taxonomy":"post_tag","embeddable":true,"href":"https:\/\/www.europesays.com\/lv\/wp-json\/wp\/v2\/tags?post=81183"}],"curies":[{"name":"wp","href":"https:\/\/api.w.org\/{rel}","templated":true}]}}