{"id":81195,"date":"2025-12-20T17:28:08","date_gmt":"2025-12-20T17:28:08","guid":{"rendered":"https:\/\/www.europesays.com\/lv\/81195\/"},"modified":"2025-12-20T17:28:08","modified_gmt":"2025-12-20T17:28:08","slug":"kreta-ierodas-simtiem-migrantu-nra-lv","status":"publish","type":"post","link":"https:\/\/www.europesays.com\/lv\/81195\/","title":{"rendered":"Kr\u0113t\u0101 ierodas simtiem migrantu &#8211; nra.lv"},"content":{"rendered":"<p class=\"descr\">Grie\u0137ijas krasta apsardzes un Eiropas robe\u017eapsardzes a\u0123ent\u016bras &#8220;Frontex&#8221; patru\u013cku\u0123i p\u0113d\u0113jo divu dienu laik\u0101 j\u016br\u0101 uz dienvidiem no Grie\u0137ijas Kr\u0113tas salas uz\u0146\u0113mu\u0161i vair\u0101k nek\u0101 650 migrantus, sestdien zi\u0146o izdevums &#8220;ERTNews&#8221;.<\/p>\n<p>Uz viena zvejas ku\u0123\u012b\u0161a atrad\u0101s 545 cilv\u0113ki, zi\u0146o &#8220;ERTNews&#8221;. Cilv\u0113ki s\u0101kotn\u0113ji tika nog\u0101d\u0101ti mazo Kr\u0113tas piekrastes pils\u0113tu ost\u0101s, un no turienes tos paredz\u0113ts sadal\u012bt pa b\u0113g\u013cu nometn\u0113m.<\/p>\n<blockquote><p>Iest\u0101des nor\u0101d\u012bja, ka p\u0113d\u0113j\u0101 laik\u0101 re\u0123ion\u0101 biju\u0161i mier\u012bgi laikapst\u0101k\u013ci. Tas ir \u013c\u0101vis kontrabandistiem nos\u016bt\u012bt laivas uz Eiropu.<\/p><\/blockquote>\n<p>Kr\u0113t\u0101 \u0161ogad re\u0123istr\u0113ti gandr\u012bz 18 000 <a href=\"https:\/\/nra.lv\/birka\/migranti\/\" target=\"_blank\" rel=\"noopener nofollow\">migrantu<\/a> iera\u0161an\u0101s gad\u012bjumu. Pag\u0101ju\u0161aj\u0101 gad\u0101 to bija aptuveni 5000.<\/p>\n<p>Liel\u0101koties laivas dodas ce\u013c\u0101 no L\u012bbijas ostas Tobrukas. Nedaudz vair\u0101k nek\u0101 300 kilometrus garais p\u0101rbrauciens ir b\u012bstams. Tikai pirms aptuveni div\u0101m ned\u0113\u013c\u0101m desmitiem cilv\u0113ku g\u0101ja boj\u0101 uz dienvidiem no Kr\u0113tas, kad apg\u0101z\u0101s vi\u0146u laiva.<\/p>\n<p>\t\t\t\t\t\tinfo<\/p>\n<p>Uzzini pirmais<br \/>kas interesants noticis Latvij\u0101 un pasaul\u0113,<br \/>pievienojoties mums <a href=\"https:\/\/t.me\/neatkariga\" rel=\"nofollow\">Telegram<\/a> vai <a href=\"https:\/\/whatsapp.com\/channel\/0029VaMLFUH5K3zLU5s4wm3y\" rel=\"nofollow noopener\" target=\"_blank\">Whatsapp<\/a> kan\u0101l\u0101<\/p>\n","protected":false},"excerpt":{"rendered":"Grie\u0137ijas krasta apsardzes un Eiropas robe\u017eapsardzes a\u0123ent\u016bras &#8220;Frontex&#8221; patru\u013cku\u0123i p\u0113d\u0113jo divu dienu laik\u0101 j\u016br\u0101 uz dienvidiem no Grie\u0137ijas&hellip;\n","protected":false},"author":2,"featured_media":81196,"comment_status":"","ping_status":"","sticky":false,"template":"","format":"standard","meta":{"footnotes":""},"categories":[14],"tags":[23,57,28,29,32,33,22,30,31,35,39,38,36,37,34,40,20,26,27,24,25,54,55,56,21,58],"class_list":{"0":"post-81195","1":"post","2":"type-post","3":"status-publish","4":"format-standard","5":"has-post-thumbnail","7":"category-zinas-no-arvalstim","8":"tag-aktualitates","9":"tag-arvalstim","10":"tag-breaking-news","11":"tag-breakingnews","12":"tag-featured-news","13":"tag-featurednews","14":"tag-headlines","15":"tag-latest-news","16":"tag-latestnews","17":"tag-latvia","18":"tag-latvian","19":"tag-latviesu","20":"tag-latviesu-valoda","21":"tag-latviesuvaloda","22":"tag-latvija","23":"tag-lv","24":"tag-news","25":"tag-popularakas-zinas","26":"tag-popularakaszinas","27":"tag-top-stories","28":"tag-topstories","29":"tag-world","30":"tag-world-news","31":"tag-worldnews","32":"tag-zinas","33":"tag-zinas-no-arvalstim"},"share_on_mastodon":{"url":"https:\/\/pubeurope.com\/@lv\/115753078241184364","error":""},"_links":{"self":[{"href":"https:\/\/www.europesays.com\/lv\/wp-json\/wp\/v2\/posts\/81195","targetHints":{"allow":["GET"]}}],"collection":[{"href":"https:\/\/www.europesays.com\/lv\/wp-json\/wp\/v2\/posts"}],"about":[{"href":"https:\/\/www.europesays.com\/lv\/wp-json\/wp\/v2\/types\/post"}],"author":[{"embeddable":true,"href":"https:\/\/www.europesays.com\/lv\/wp-json\/wp\/v2\/users\/2"}],"replies":[{"embeddable":true,"href":"https:\/\/www.europesays.com\/lv\/wp-json\/wp\/v2\/comments?post=81195"}],"version-history":[{"count":0,"href":"https:\/\/www.europesays.com\/lv\/wp-json\/wp\/v2\/posts\/81195\/revisions"}],"wp:featuredmedia":[{"embeddable":true,"href":"https:\/\/www.europesays.com\/lv\/wp-json\/wp\/v2\/media\/81196"}],"wp:attachment":[{"href":"https:\/\/www.europesays.com\/lv\/wp-json\/wp\/v2\/media?parent=81195"}],"wp:term":[{"taxonomy":"category","embeddable":true,"href":"https:\/\/www.europesays.com\/lv\/wp-json\/wp\/v2\/categories?post=81195"},{"taxonomy":"post_tag","embeddable":true,"href":"https:\/\/www.europesays.com\/lv\/wp-json\/wp\/v2\/tags?post=81195"}],"curies":[{"name":"wp","href":"https:\/\/api.w.org\/{rel}","templated":true}]}}