{"id":81199,"date":"2025-12-20T17:31:08","date_gmt":"2025-12-20T17:31:08","guid":{"rendered":"https:\/\/www.europesays.com\/lv\/81199\/"},"modified":"2025-12-20T17:31:08","modified_gmt":"2025-12-20T17:31:08","slug":"cels-cauri-teatrim-kino-un-tautas-sirdsdziesmam-lente-lv","status":"publish","type":"post","link":"https:\/\/www.europesays.com\/lv\/81199\/","title":{"rendered":"Ce\u013c\u0161 cauri te\u0101trim, kino un tautas sirdsdziesm\u0101m\u00a0\u2014\u00a0Lente.lv"},"content":{"rendered":"<p>Pieturas punkts dz\u012bves filozofij\u0101: \u00abJa ir, tad ir, ja nav, tad nav!\u00bb<\/p>\n<p>Aktieris Artis Robe\u017enieks \u0161odien, 20. decembr\u012b, atz\u012bm\u0113 savu 55. dzim\u0161anas dienu. K\u0101 inform\u0113 Latvijas Sabiedriskie Mediji, \u0161o z\u012bm\u012bgo notikumu atz\u012bm\u0113ja ar\u012b raid\u012bjums \u201cLatvijas Sirdsdziesma\u201d, atsaucoties uz vi\u0146a atmi\u0146\u0101 palieko\u0161o izpild\u012bjumu \u2013 Imanta Pauras dziesmu ar Guntara Ra\u010da v\u0101rdiem \u201cJa ir, tad ir, ja nav, tad nav!\u201d. \u0160is kodol\u012bgais dz\u012bves moto \u0161\u0137iet k\u0101 ide\u0101ls epilogs, kas atspogu\u013co m\u0101kslinieka pieeju gan dai\u013cradei, gan dz\u012bvei kopum\u0101, jo pats Robe\u017enieks ir paz\u012bstams k\u0101 cilv\u0113ks, kur\u0161 negarlaiko ar liekiem paskaidrojumiem.<\/p>\n<p>Raid\u012bjuma atkl\u0101\u0161an\u0101 izskan\u0113ju\u0161ais nov\u0113l\u0113jums \u2013 \u201cT\u0101p\u0113c es nov\u0113l\u0113\u0161u veiksmi, viss p\u0101r\u0113jais ir pateikts jau\u201d \u2013 caurvijot dziesmas emocion\u0101lo l\u012bniju, vedin\u0101ja atskat\u012bties uz m\u0101kslinieka karjeras m\u016bzik\u0101lajiem pieturpunktiem.<\/p>\n<p>Izgl\u012bt\u012bba un s\u0101kums Daugavpil\u012b<\/p>\n<p>Artis Robe\u017enieks, dzimis 1970. gad\u0101 J\u0113kabpil\u012b, savu rado\u0161o ce\u013cu s\u0101ka ar m\u016bzikas pamatu apg\u016b\u0161anu. Vi\u0146\u0161 m\u0101c\u012bjies J\u0113kabpils 1. vidusskol\u0101 un J\u0113kabpils b\u0113rnu m\u016bzikas skol\u0101, kur apguvis tenora sp\u0113li, pabeidzot to ar diplomu. \u0160is pamat\u012bgais m\u016bzik\u0101lais treni\u0146\u0161 tiek uzskat\u012bts par b\u016btisku faktoru, kas att\u012bst\u012bjis vi\u0146a samtaino balss tembru, ko savulaik nov\u0113rt\u0113jis ar\u012b maestro Raimonds Pauls.<\/p>\n<p>1993. gad\u0101 Robe\u017enieks absolv\u0113ja Latvijas Valsts konservatorijas Daugavpils te\u0101tra aktieru kursu. Tie\u0161i Daugavpils te\u0101tr\u012b vi\u0146\u0161 s\u0101cis savu profesion\u0101lo darb\u012bbu uz skatuves.<\/p>\n<p>Dailes te\u0101tra veter\u0101ns un daudzpus\u012bg\u0101 dai\u013crade<\/p>\n<p>Kop\u0161 1996. gada Artis Robe\u017enieks ir Dailes te\u0101tra trupas neat\u0146emama sast\u0101vda\u013ca. Uz Dailes skatuves vi\u0146\u0161 piedal\u0101s ne tikai dramatiskos, bet ar\u012b \u012bpa\u0161i popul\u0101ros muzik\u0101los uzvedumos. M\u0101kslinieka izgl\u012bt\u012bbas ce\u013c\u0161 nav bijis piln\u012bgs bez starptautiskas pieredzes \u2013 2007. gad\u0101 vi\u0146\u0161 sta\u017e\u0113jies Brodvejas meistarklas\u0113s Amerik\u0101, kas noteikti papla\u0161in\u0101jis vi\u0146a profesion\u0101lo redzesloku.<\/p>\n<p>Robe\u017enieka talants sniedzas \u0101rpus te\u0101tra sien\u0101m. Vi\u0146\u0161 ir piedal\u012bjies vair\u0101ku noz\u012bm\u012bgu Latvijas kino un telev\u012bzijas projektu tap\u0161an\u0101, tostarp film\u0101s k\u0101 \u201cNaktssargs un ve\u013casmazg\u0101t\u0101ja\u201d un seri\u0101los. T\u0101pat vi\u0146a balss ir labi paz\u012bstama ikvienam R\u012bgas iedz\u012bvot\u0101jam, jo aktieris ierun\u0101jis pieturas pazi\u0146ojumus \u201cR\u012bgas satiksm\u0113\u201d. Daudz\u0101m latvie\u0161u anim\u0101cijas film\u0101m, piem\u0113ram, \u201cZelta zirgs\u201d, Artis pie\u0161\u0137\u012bris balsi, dubl\u0113jot lomas.<\/p>\n<p>Dzied\u0101t\u0101js ar sirdi \u2013 ce\u013c\u0161 k\u0101 m\u016bzikas kompoz\u012bcija<\/p>\n<p>T\u0101 d\u0113v\u0113tais \u201cpla\u0161a profila m\u0101kslinieks\u201d bie\u017ei apliecina savas muzik\u0101l\u0101s sp\u0113jas ne vien te\u0101tr\u012b, bet ar\u012b koncertos. K\u0101 nor\u0101d\u012bts, vi\u0146\u0161 ne tikai izpilda dziesmas, bet ar\u012b pats rad\u012bjis vair\u0101kas muzik\u0101las kompoz\u012bcijas, sp\u0113l\u0113jot \u0123it\u0101ru un vadot pas\u0101kumus. Vi\u0146a sp\u0113ja iemiesot dziesm\u0101 taut\u0101 tik svar\u012bgas j\u016btas, piem\u0113ram, izpildot dziesmu \u201cJa ir, tad ir, ja nav, tad nav!\u201d, apliecina vi\u0146a unik\u0101lo \u012bpa\u0161\u012bbu \u2013 dz\u012bvot un rad\u012bt, k\u0101 \u201csirds liek\u201d.<\/p>\n","protected":false},"excerpt":{"rendered":"Pieturas punkts dz\u012bves filozofij\u0101: \u00abJa ir, tad ir, ja nav, tad nav!\u00bb Aktieris Artis Robe\u017enieks \u0161odien, 20. decembr\u012b,&hellip;\n","protected":false},"author":2,"featured_media":81200,"comment_status":"","ping_status":"","sticky":false,"template":"","format":"standard","meta":{"footnotes":""},"categories":[19],"tags":[20393,454,5626,89,90,35,39,38,36,37,34,7890,3211,40],"class_list":{"0":"post-81199","1":"post","2":"type-post","3":"status-publish","4":"format-standard","5":"has-post-thumbnail","7":"category-izklaide","8":"tag-artis-robeznieks","9":"tag-dailes-teatris","10":"tag-dzimsanas-diena","11":"tag-entertainment","12":"tag-izklaide","13":"tag-latvia","14":"tag-latvian","15":"tag-latviesu","16":"tag-latviesu-valoda","17":"tag-latviesuvaloda","18":"tag-latvija","19":"tag-latvijas-aktieris","20":"tag-latvijas-sirdsdziesma","21":"tag-lv"},"share_on_mastodon":{"url":"https:\/\/pubeurope.com\/@lv\/115753090027006721","error":""},"_links":{"self":[{"href":"https:\/\/www.europesays.com\/lv\/wp-json\/wp\/v2\/posts\/81199","targetHints":{"allow":["GET"]}}],"collection":[{"href":"https:\/\/www.europesays.com\/lv\/wp-json\/wp\/v2\/posts"}],"about":[{"href":"https:\/\/www.europesays.com\/lv\/wp-json\/wp\/v2\/types\/post"}],"author":[{"embeddable":true,"href":"https:\/\/www.europesays.com\/lv\/wp-json\/wp\/v2\/users\/2"}],"replies":[{"embeddable":true,"href":"https:\/\/www.europesays.com\/lv\/wp-json\/wp\/v2\/comments?post=81199"}],"version-history":[{"count":0,"href":"https:\/\/www.europesays.com\/lv\/wp-json\/wp\/v2\/posts\/81199\/revisions"}],"wp:featuredmedia":[{"embeddable":true,"href":"https:\/\/www.europesays.com\/lv\/wp-json\/wp\/v2\/media\/81200"}],"wp:attachment":[{"href":"https:\/\/www.europesays.com\/lv\/wp-json\/wp\/v2\/media?parent=81199"}],"wp:term":[{"taxonomy":"category","embeddable":true,"href":"https:\/\/www.europesays.com\/lv\/wp-json\/wp\/v2\/categories?post=81199"},{"taxonomy":"post_tag","embeddable":true,"href":"https:\/\/www.europesays.com\/lv\/wp-json\/wp\/v2\/tags?post=81199"}],"curies":[{"name":"wp","href":"https:\/\/api.w.org\/{rel}","templated":true}]}}