{"id":81201,"date":"2025-12-20T17:32:06","date_gmt":"2025-12-20T17:32:06","guid":{"rendered":"https:\/\/www.europesays.com\/lv\/81201\/"},"modified":"2025-12-20T17:32:06","modified_gmt":"2025-12-20T17:32:06","slug":"oklahomasitijas-thunder-debitants-topics-atsak-treninus-pec-veza-diagnozes-lente-lv","status":"publish","type":"post","link":"https:\/\/www.europesays.com\/lv\/81201\/","title":{"rendered":"Oklahomasitijas &#8220;Thunder&#8221; debitants Topi\u010ds ats\u0101k treni\u0146us p\u0113c v\u0113\u017ea diagnozes\u00a0\u2014\u00a0Lente.lv"},"content":{"rendered":"<p>Pirmie so\u013ci uz laukuma p\u0113c smag\u0101s diagnozes<\/p>\n<p>NBA \u010dempionvien\u012bbas Oklahomasitijas &#8220;Thunder&#8221; jaunais aizsargs Nikola Topi\u010ds, kuram oktobr\u012b tika diagnostic\u0113ts s\u0113klinieku v\u0113zis, p\u0101rsteidzis ar \u0101tru atgrie\u0161anos basketbola aktivit\u0101t\u0113s. Da\u017eus m\u0113ne\u0161us p\u0113c diagnozes noteik\u0161anas serbs jau piedal\u012bjies komandas pirmssp\u0113les iesild\u012b\u0161an\u0101s treni\u0146os, demonstr\u0113jot negaid\u012btu ap\u0146\u0113m\u012bbu c\u012b\u0146\u0101 ar slim\u012bbu.<\/p>\n<p>\u0160\u012b atgrie\u0161an\u0101s laukum\u0101, pat tikai iesild\u012b\u0161an\u0101s re\u017e\u012bm\u0101, ir iev\u0113rojams pav\u0113rsiens Topi\u010da atvese\u013co\u0161an\u0101s ce\u013c\u0101. Kluba \u0123ener\u0101lmened\u017eeris Sems Prest\u012b oktobr\u012b pazi\u0146oja par 20 gadus vec\u0101 sp\u0113l\u0113t\u0101ja diagnozi, nor\u0101dot, ka Topi\u010dam ir uzs\u0101kta \u0137\u012bmijterapijas kurss. Tolaik tika uzsv\u0113rts, ka prec\u012bzs atgrie\u0161an\u0101s laiks laukum\u0101 nav noteikts, priorit\u0101ti nosakot vesel\u012bbas jaut\u0101jumiem.<\/p>\n<p>\u0100rst\u0113\u0161anas progress un komandas atbalsts<\/p>\n<p>Nikola Topi\u010dam tika diagnostic\u0113ts s\u0113klinieku v\u0113zis, kas, lai ar\u012b ir nopietna saslim\u0161ana, saska\u0146\u0101 ar medic\u012bnas datiem, agr\u012bn\u0101 stadij\u0101 ir viena no vislab\u0101k iz\u0101rst\u0113jamaj\u0101m v\u0113\u017ea form\u0101m. Lai gan komanda nav sniegusi detaliz\u0113tus jaunumus par aktu\u0101lo \u0101rst\u0113\u0161anas gaitu \u0161obr\u012bd decembr\u012b, fakts, ka sportists jau piedal\u0101s viegl\u0101 fizisk\u0101 slodzes re\u017e\u012bm\u0101, liecina par pozit\u012bvu dinamiku vi\u0146a st\u0101vokl\u012b.<\/p>\n<blockquote>\n<p>Kluba vad\u012bba jau s\u0101kotn\u0113ji uzsv\u0113ra, ka Topi\u010dam ir piln\u012bgs komandas atbalsts, iedro\u0161in\u0101jums un m\u012blest\u012bba, un vi\u0146am netiek rad\u012bts spiediens attiec\u012bb\u0101 uz atgrie\u0161anos basketbol\u0101. Vi\u0146a vesel\u012bbas priorit\u0101te tika nost\u0101d\u012bta augst\u0101k par sportiskaj\u0101m amb\u012bcij\u0101m.<\/p>\n<\/blockquote>\n<p>Topi\u010ds \u0161osezon, kas ir vi\u0146a debijas gads NBA, v\u0113l nav sp\u0113jis ofici\u0101li debit\u0113t regul\u0101raj\u0101 sezon\u0101 \u0161o vesel\u012bbas probl\u0113mu d\u0113\u013c. Vi\u0146a sezona jau bija sare\u017e\u0123\u012bta, jo pag\u0101ju\u0161aj\u0101 gad\u0101 vi\u0146\u0161 nesp\u0113ja sp\u0113l\u0113t d\u0113\u013c ce\u013cgala krustenisko sai\u0161u traumas, kuru d\u0113\u013c vi\u0146\u0161 izlaida visu 2024.\/2025. gada sezonu.<\/p>\n<p>Topi\u010da ietekme uz &#8220;Thunder&#8221; un n\u0101kotnes perspekt\u012bvas<\/p>\n<p>Oklahomasitijas &#8220;Thunder&#8221; Topi\u010du draft\u0113ja 2024. gada NBA draft\u0101 ar 12. numuru, uz vi\u0146u liekot lielas cer\u012bbas k\u0101 uz talant\u012bgu sasp\u0113les vad\u012bt\u0101ju ar izteiktu basketbola inteli\u0123enci un sp\u0113ju rad\u012bt v\u0113r\u0101 \u0146emamas piesp\u0113les. Vi\u0146a potenci\u0101ls tika nov\u0113rt\u0113ts jau pirms iepriek\u0161\u0113j\u0101m traum\u0101m un slim\u012bb\u0101m, balstoties uz sniegumu Eirop\u0101.<\/p>\n<p>Lai gan vi\u0146a ofici\u0101l\u0101 NBA debija v\u0113l nav notikusi, Topi\u010ds jau sp\u0113jis iek\u013c\u016bt v\u0113stur\u0113: vi\u0146\u0161 k\u013cuva par pirmo sp\u0113l\u0113t\u0101ju l\u012bgas v\u0113stur\u0113, kur\u0161 ieguvis NBA \u010dempiona gredzenu, neizvadot ne vienu pa\u0161u regul\u0101r\u0101s sezonas vai izsl\u0113g\u0161anas sp\u0113li, kas notika &#8220;Thunder&#8221; uzvaras gad\u012bjum\u0101 2025. gad\u0101.<\/p>\n<p>Pirms saslim\u0161anas, vasaras l\u012bgas sp\u0113l\u0113s 2025. gad\u0101, Topi\u010ds par\u0101d\u012bja atsevi\u0161\u0137us spo\u017euma mirk\u013cus, atg\u0101dinot par savu sp\u0113ju kontrol\u0113t sp\u0113les tempu un redz\u0113t laukumu, pat ja \u0161au\u0161anas precizit\u0101te v\u0113l nebija ide\u0101la p\u0113c ilgsto\u0161\u0101 p\u0101rtraukuma.<\/p>\n<p>Basketbola pasaules solidarit\u0101te<\/p>\n<p>Topi\u010da st\u0101sts ir k\u013cuvis par atg\u0101din\u0101jumu, ka augst\u0101k\u0101 l\u012bme\u0146a sport\u0101 vesel\u012bba vienm\u0113r ir svar\u012bg\u0101k\u0101. \u0160\u0101da veida diagnozes, lai gan \u0161ok\u0113jo\u0161as, bie\u017ei vien mobiliz\u0113 milz\u012bgu atbalstu ne tikai no kluba sist\u0113mas, bet ar\u012b no pla\u0161\u0101kas basketbola sabiedr\u012bbas un l\u012bdzjut\u0113jiem vis\u0101 pasaul\u0113.<\/p>\n<p>Basketbola l\u012bdzjut\u0113ji Latvij\u0101 un vis\u0101 pasaul\u0113 seko l\u012bdzi Topi\u010da atgrie\u0161an\u0101s gaitai ar piesardz\u012bgu optimismu. Katrs vi\u0146a solis uz treni\u0146u laukuma tiek uztverts k\u0101 simbolisks solis atpaka\u013c uz pilnv\u0113rt\u012bgu dz\u012bvi un profesion\u0101lo karjeru. Lai gan pagaid\u0101m prec\u012bzs grafiks vi\u0146a sp\u0113l\u0113\u0161anai v\u0113l nav zin\u0101ms, jau \u0161obr\u012bd vi\u0146\u0161 ir uzvar\u0113jis pirmo un svar\u012bg\u0101ko c\u012b\u0146u \u2013 c\u012b\u0146u par savu vesel\u012bbu, sp\u0113jot st\u0101ties pie treni\u0146iem tik dr\u012bz p\u0113c \u0101rst\u0113\u0161anas uzs\u0101k\u0161anas.<\/p>\n<p>Prognozes un turpm\u0101kais ce\u013c\u0161<\/p>\n<p>S\u0113klinieku v\u0113zis ir izplat\u012bts v\u0113zis jauniem v\u012brie\u0161iem, ta\u010du t\u0101 atkl\u0101\u0161ana agr\u012bn\u0101 stadij\u0101 dod \u013coti augstas izredzes piln\u012bgai atvese\u013co\u0161anai. Tagad, kad Topi\u010ds ir atgriezies pie fizisk\u0101s aktivit\u0101tes, atkar\u012bgs no vi\u0146a organisma reakcijas uz \u0137\u012bmijterapiju un kop\u0113j\u0101 fizisk\u0101 st\u0101vok\u013ca, k\u0101 \u0101tri vi\u0146\u0161 var\u0113s atjaunot savu sportisko formu.<\/p>\n<p>NBA \u010dempionu sist\u0113ma, kas paz\u012bstama ar savu paciet\u012bbu pret jaunajiem talantiem, kuriem ir j\u0101p\u0101rvar nopietnas vesel\u012bbas likstas \u2013 k\u0101 tas bija jau ar Topi\u010da iepriek\u0161\u0113jo ce\u013cgala traumu \u2013 dro\u0161i vien neizdar\u012bs steigu ar vi\u0146a atgrie\u0161anos sp\u0113l\u0113. Tom\u0113r pats fakts, ka Topi\u010ds treni\u0146os atrodas jau decembr\u012b, dod pamatu cer\u012bb\u0101m, ka 2026. gada s\u0101kums var\u0113tu iez\u012bm\u0113t vi\u0146a ilggad\u012bg\u0101s debijas s\u0101kumu NBA laukum\u0101.<\/p>\n","protected":false},"excerpt":{"rendered":"Pirmie so\u013ci uz laukuma p\u0113c smag\u0101s diagnozes NBA \u010dempionvien\u012bbas Oklahomasitijas &#8220;Thunder&#8221; jaunais aizsargs Nikola Topi\u010ds, kuram oktobr\u012b tika&hellip;\n","protected":false},"author":2,"featured_media":81202,"comment_status":"","ping_status":"","sticky":false,"template":"","format":"standard","meta":{"footnotes":""},"categories":[17],"tags":[145,35,39,38,36,37,34,40,1258,5590,1262,67,976],"class_list":{"0":"post-81201","1":"post","2":"type-post","3":"status-publish","4":"format-standard","5":"has-post-thumbnail","7":"category-sports","8":"tag-basketbols","9":"tag-latvia","10":"tag-latvian","11":"tag-latviesu","12":"tag-latviesu-valoda","13":"tag-latviesuvaloda","14":"tag-latvija","15":"tag-lv","16":"tag-nba","17":"tag-nikola-topics","18":"tag-oklahomasitijas-thunder","19":"tag-sports","20":"tag-vezis"},"share_on_mastodon":{"url":"https:\/\/pubeurope.com\/@lv\/115753093973903962","error":""},"_links":{"self":[{"href":"https:\/\/www.europesays.com\/lv\/wp-json\/wp\/v2\/posts\/81201","targetHints":{"allow":["GET"]}}],"collection":[{"href":"https:\/\/www.europesays.com\/lv\/wp-json\/wp\/v2\/posts"}],"about":[{"href":"https:\/\/www.europesays.com\/lv\/wp-json\/wp\/v2\/types\/post"}],"author":[{"embeddable":true,"href":"https:\/\/www.europesays.com\/lv\/wp-json\/wp\/v2\/users\/2"}],"replies":[{"embeddable":true,"href":"https:\/\/www.europesays.com\/lv\/wp-json\/wp\/v2\/comments?post=81201"}],"version-history":[{"count":0,"href":"https:\/\/www.europesays.com\/lv\/wp-json\/wp\/v2\/posts\/81201\/revisions"}],"wp:featuredmedia":[{"embeddable":true,"href":"https:\/\/www.europesays.com\/lv\/wp-json\/wp\/v2\/media\/81202"}],"wp:attachment":[{"href":"https:\/\/www.europesays.com\/lv\/wp-json\/wp\/v2\/media?parent=81201"}],"wp:term":[{"taxonomy":"category","embeddable":true,"href":"https:\/\/www.europesays.com\/lv\/wp-json\/wp\/v2\/categories?post=81201"},{"taxonomy":"post_tag","embeddable":true,"href":"https:\/\/www.europesays.com\/lv\/wp-json\/wp\/v2\/tags?post=81201"}],"curies":[{"name":"wp","href":"https:\/\/api.w.org\/{rel}","templated":true}]}}