{"id":81205,"date":"2025-12-20T17:34:12","date_gmt":"2025-12-20T17:34:12","guid":{"rendered":"https:\/\/www.europesays.com\/lv\/81205\/"},"modified":"2025-12-20T17:34:12","modified_gmt":"2025-12-20T17:34:12","slug":"krievija-sariko-devinu-nakts-uzbrukumus-odesas-trieciena-upuru-skaits-pieaudzis-lidz-astoniem-lente-lv","status":"publish","type":"post","link":"https:\/\/www.europesays.com\/lv\/81205\/","title":{"rendered":"Krievija sar\u012bko devi\u0146u nakts uzbrukumus, Odesas trieciena upuru skaits pieaudzis l\u012bdz asto\u0146iem\u00a0\u2014\u00a0Lente.lv"},"content":{"rendered":"<p>Nakts triecieni un upuru bilance Odes\u0101<\/p>\n<p>Krievija turpina nakt\u012b notieko\u0161os uzbrukumus Ukrainai, kur nakts laik\u0101 tika m\u0113r\u0137\u0113tas 15 da\u017e\u0101das vietas, kam\u0113r piektdienas trieciena upuru skaits Ukrainas ostas pils\u0113t\u0101 Odes\u0101 ir sasniedzis vismaz asto\u0146us boj\u0101g\u0101ju\u0161os, ievainojot 27 cilv\u0113kus, k\u0101 sestdienas r\u012bt\u0101 pazi\u0146oja Ukrainas \u0100rk\u0101rtas situ\u0101ciju dienests. K\u0101 inform\u0113 telekan\u0101ls EuroNews, \u0161is uzbrukums izrais\u012bjis pla\u0161u posta\u017eu un zaud\u0113jumu vilni Dienvidukrain\u0101.<\/p>\n<p>Kopum\u0101 nakts uzbrukumu gait\u0101 pa visu Ukrainas teritoriju Krievija palaida 51 bezpilota lidapar\u0101tu un tr\u012bs ballistisk\u0101s ra\u0137etes \u201cIskander-M\u201d. Da\u017ei no ievainotajiem Odes\u0101 atrad\u0101s autobus\u0101 trieciena br\u012bd\u012b, pazi\u0146oja amatpersonas. Tiek zi\u0146ots, ka uzbrukuma rezult\u0101t\u0101 aizdeg\u0101s kravas automa\u0161\u012bnas un tika boj\u0101tas viegl\u0101s automa\u0161\u012bnas.<\/p>\n<p>Odesas apgabala vad\u012bt\u0101js O\u013cehs Kipers preciz\u0113ja, ka osta tika tr\u0101p\u012bta ar ballistiskaj\u0101m ra\u0137et\u0113m. Saska\u0146\u0101 ar Ukrainas Bru\u0146oto sp\u0113ku zi\u0146ojumiem, no kopum\u0101 51 bezpilota lidapar\u0101ta aptuveni 30 bija Shahed tipa, un 31 no \u0161iem droniem tika notverts vai neitraliz\u0113ts, t\u0101d\u0113j\u0101di fiks\u0113jot 20 triecienus 15 da\u017e\u0101d\u0101s lok\u0101cij\u0101s.<\/p>\n<p>Ukrainas atbildes triecieni Krievijas milit\u0101rajiem un ener\u0123\u0113tikas objektiem<\/p>\n<p>Kam\u0113r Ukraina sask\u0101r\u0101s ar intens\u012bviem ra\u0137e\u0161u un dronu uzbrukumiem, t\u0101s Bru\u0146otie sp\u0113ki piektdien veica pretuzbrukumus Krievijas m\u0113r\u0137iem. Sestdien publiskotaj\u0101 pazi\u0146ojum\u0101 Ukrainas \u0122ener\u0101l\u0161t\u0101bs inform\u0113ja, ka piektdien veikt\u0101s dronu oper\u0101cij\u0101s tika tr\u0101p\u012bts Krievijas karaku\u0123im \u201cOhot\u0146ik\u201d, kas patrul\u0113ja Kaspijas j\u016br\u0101 net\u0101lu no naftas un g\u0101zes ieguves iek\u0101rt\u0101m, k\u0101 ar\u012b citiem \u0161aj\u0101 re\u0123ion\u0101 eso\u0161iem objektiem.<\/p>\n<p>Tostarp tika uzbrukts \u201cLukoil\u201d p\u0101rvald\u012btajai urb\u0161anas platformai Filanovski naftas un g\u0101zes atradn\u0113 Kaspijas j\u016br\u0101. Ukrainas droni ar\u012b m\u0113r\u0137\u0113ja uz radaru un sist\u0113mu, kas nodro\u0161ina divu Krievijas izn\u012bcin\u0101t\u0101ju Su-27 atra\u0161anos Belbekas milit\u0101raj\u0101 lidlauk\u0101 Krim\u0101 \u2013 teritorij\u0101, kuru Krievija neleg\u0101li anekt\u0113ja 2014. gad\u0101.<\/p>\n<p>Nakt\u012b m\u0113r\u0137\u0113tas 15 vietas vis\u0101 Ukrain\u0101<\/p>\n<p>Nakts laik\u0101 notiku\u0161o uzbrukumu m\u0113r\u0137i bija izplat\u012bti vis\u0101 valsts teritorij\u0101, liecinot par m\u0113\u0123in\u0101jumu p\u0101rsl\u0101bt Ukrainas pretgaisa aizsardz\u012bbas sist\u0113mas un rad\u012bt maksim\u0101lu neskaidr\u012bbu. Ofici\u0101li apstiprin\u0101ts, ka 15 da\u017e\u0101d\u0101s viet\u0101s fiks\u0113ti triecieni, kas notika p\u0113c tam, kad Krievija palaida lielu dronu un ra\u0137e\u0161u sal\u016btu.<\/p>\n<p>\u0160is notikumu virpulis turpina atspogu\u013cot nemain\u012bgo intensit\u0101ti konflikt\u0101, kur\u0101 abas puses regul\u0101ri m\u0113\u0123ina ar triecieniem uzbrukt kritiskajai infrastrukt\u016brai un milit\u0101rajiem resursiem. P\u0113d\u0113jie notikumi Odes\u0101 \u012bpa\u0161i smagi ietekm\u0113ju\u0161i civiliedz\u012bvot\u0101jus, kuriem n\u0101cies piedz\u012bvot negaid\u012btus un let\u0101lus uzbrukumus pat mier\u012bg\u0101k\u0101s dienas laik\u0101.<\/p>\n","protected":false},"excerpt":{"rendered":"Nakts triecieni un upuru bilance Odes\u0101 Krievija turpina nakt\u012b notieko\u0161os uzbrukumus Ukrainai, kur nakts laik\u0101 tika m\u0113r\u0137\u0113tas 15&hellip;\n","protected":false},"author":2,"featured_media":81206,"comment_status":"","ping_status":"","sticky":false,"template":"","format":"standard","meta":{"footnotes":""},"categories":[14],"tags":[23,57,28,29,20396,32,33,22,20398,20394,30,31,35,39,38,36,37,34,40,20,20395,26,27,24,25,20397,54,55,56,21,58],"class_list":{"0":"post-81205","1":"post","2":"type-post","3":"status-publish","4":"format-standard","5":"has-post-thumbnail","7":"category-zinas-no-arvalstim","8":"tag-aktualitates","9":"tag-arvalstim","10":"tag-breaking-news","11":"tag-breakingnews","12":"tag-dronu-un-rakesu-triecieni","13":"tag-featured-news","14":"tag-featurednews","15":"tag-headlines","16":"tag-kaspijas-jura-triecieni","17":"tag-krievijas-uzbrukumi-ukrainai","18":"tag-latest-news","19":"tag-latestnews","20":"tag-latvia","21":"tag-latvian","22":"tag-latviesu","23":"tag-latviesu-valoda","24":"tag-latviesuvaloda","25":"tag-latvija","26":"tag-lv","27":"tag-news","28":"tag-odesa-trieciens","29":"tag-popularakas-zinas","30":"tag-popularakaszinas","31":"tag-top-stories","32":"tag-topstories","33":"tag-ukrainas-atbildes-operacijas","34":"tag-world","35":"tag-world-news","36":"tag-worldnews","37":"tag-zinas","38":"tag-zinas-no-arvalstim"},"share_on_mastodon":{"url":"","error":"Validation failed: Text character limit of 500 exceeded"},"_links":{"self":[{"href":"https:\/\/www.europesays.com\/lv\/wp-json\/wp\/v2\/posts\/81205","targetHints":{"allow":["GET"]}}],"collection":[{"href":"https:\/\/www.europesays.com\/lv\/wp-json\/wp\/v2\/posts"}],"about":[{"href":"https:\/\/www.europesays.com\/lv\/wp-json\/wp\/v2\/types\/post"}],"author":[{"embeddable":true,"href":"https:\/\/www.europesays.com\/lv\/wp-json\/wp\/v2\/users\/2"}],"replies":[{"embeddable":true,"href":"https:\/\/www.europesays.com\/lv\/wp-json\/wp\/v2\/comments?post=81205"}],"version-history":[{"count":0,"href":"https:\/\/www.europesays.com\/lv\/wp-json\/wp\/v2\/posts\/81205\/revisions"}],"wp:featuredmedia":[{"embeddable":true,"href":"https:\/\/www.europesays.com\/lv\/wp-json\/wp\/v2\/media\/81206"}],"wp:attachment":[{"href":"https:\/\/www.europesays.com\/lv\/wp-json\/wp\/v2\/media?parent=81205"}],"wp:term":[{"taxonomy":"category","embeddable":true,"href":"https:\/\/www.europesays.com\/lv\/wp-json\/wp\/v2\/categories?post=81205"},{"taxonomy":"post_tag","embeddable":true,"href":"https:\/\/www.europesays.com\/lv\/wp-json\/wp\/v2\/tags?post=81205"}],"curies":[{"name":"wp","href":"https:\/\/api.w.org\/{rel}","templated":true}]}}