{"id":81213,"date":"2025-12-20T17:40:08","date_gmt":"2025-12-20T17:40:08","guid":{"rendered":"https:\/\/www.europesays.com\/lv\/81213\/"},"modified":"2025-12-20T17:40:08","modified_gmt":"2025-12-20T17:40:08","slug":"dubaija-buves-debesskrapi-ar-airbus-a380-uz-jumta-unikals-viesnicas-projekts","status":"publish","type":"post","link":"https:\/\/www.europesays.com\/lv\/81213\/","title":{"rendered":"Dubaij\u0101 b\u016bv\u0113s debesskr\u0101pi ar &#8220;Airbus A380&#8221; uz jumta \u2013 unik\u0101ls viesn\u012bcas projekts"},"content":{"rendered":"<p class=\"descr\">Dubaij\u0101 tiek veidots viens no pasaul\u0113 neparast\u0101kajiem arhitekt\u016bras projektiem: greznais &#8220;Emirates Air Hotel&#8221; debesskr\u0101pis, kura izmaksas ir aptuveni tr\u012bs miljardi dirhamu (aptuveni 715 miljoni eiro), uz kura jumta tiks uzst\u0101d\u012bta \u012bsta pasa\u017eieru lidma\u0161\u012bna &#8220;Airbus A380&#8221;.<\/p>\n<p>Viesn\u012bca b\u016bs 580 metru (aptuveni 150 st\u0101vu) augsta, un t\u0101s atv\u0113r\u0161ana ir paredz\u0113ta 2029. gad\u0101. Arhitekti izt\u0113lojas lidma\u0161\u012bnu uz jumta nevis k\u0101 dekorat\u012bvu elementu, bet gan k\u0101 piln\u012bb\u0101 integr\u0113tu viesn\u012bcas kompleksa da\u013cu, kas paredz\u0113ta, lai sniegtu unik\u0101lu pieredzi viesiem.<\/p>\n<blockquote><p>Pilna izm\u0113ra <a href=\"https:\/\/nra.lv\/birka\/airbus\/\" target=\"_blank\" rel=\"noopener nofollow\">&#8220;Airbus<\/a> A380&#8243; tiks p\u0101rveidota par ekskluz\u012bvu telpu ar b\u0101ru kab\u012bn\u0113, restor\u0101niem, panor\u0101mas atp\u016btas zon\u0101m un stikla &#8220;sp\u0101rniem&#8221;, kas pied\u0101v\u0101 elpu aizraujo\u0161u skatu uz pils\u0113tu.<\/p><\/blockquote>\n<p>Projekta m\u0113r\u0137is ir apvienot avi\u0101cijas mantojumu ar luksusa viesn\u012bcu pakalpojumiem, radot jaunu pils\u0113tvides dizaina form\u0101tu.<\/p>\n<p>Dubaija jau ir paz\u012bstama ar sav\u0101m ikoniskaj\u0101m \u0113k\u0101m &#8211; &#8220;Burj Khalifa&#8221; un &#8220;Burj Al Arab&#8221; debesskr\u0101pjiem. Eksperti uzskata, ka jaun\u0101 viesn\u012bca var\u0113tu aiz\u0113not pat \u0161\u012bs arhitekt\u016bras ikonas.<\/p>\n<p>\t\t\t\t\t\tinfo<\/p>\n<p>Uzzini pirmais<br \/>kas interesants noticis Latvij\u0101 un pasaul\u0113,<br \/>pievienojoties mums <a href=\"https:\/\/t.me\/neatkariga\" rel=\"nofollow\">Telegram<\/a> vai <a href=\"https:\/\/whatsapp.com\/channel\/0029VaMLFUH5K3zLU5s4wm3y\" rel=\"nofollow noopener\" target=\"_blank\">Whatsapp<\/a> kan\u0101l\u0101<\/p>\n","protected":false},"excerpt":{"rendered":"Dubaij\u0101 tiek veidots viens no pasaul\u0113 neparast\u0101kajiem arhitekt\u016bras projektiem: greznais &#8220;Emirates Air Hotel&#8221; debesskr\u0101pis, kura izmaksas ir aptuveni&hellip;\n","protected":false},"author":2,"featured_media":81214,"comment_status":"","ping_status":"","sticky":false,"template":"","format":"standard","meta":{"footnotes":""},"categories":[14],"tags":[23,57,28,29,32,33,22,30,31,35,39,38,36,37,34,40,20,26,27,24,25,54,55,56,21,58],"class_list":{"0":"post-81213","1":"post","2":"type-post","3":"status-publish","4":"format-standard","5":"has-post-thumbnail","7":"category-zinas-no-arvalstim","8":"tag-aktualitates","9":"tag-arvalstim","10":"tag-breaking-news","11":"tag-breakingnews","12":"tag-featured-news","13":"tag-featurednews","14":"tag-headlines","15":"tag-latest-news","16":"tag-latestnews","17":"tag-latvia","18":"tag-latvian","19":"tag-latviesu","20":"tag-latviesu-valoda","21":"tag-latviesuvaloda","22":"tag-latvija","23":"tag-lv","24":"tag-news","25":"tag-popularakas-zinas","26":"tag-popularakaszinas","27":"tag-top-stories","28":"tag-topstories","29":"tag-world","30":"tag-world-news","31":"tag-worldnews","32":"tag-zinas","33":"tag-zinas-no-arvalstim"},"share_on_mastodon":{"url":"https:\/\/pubeurope.com\/@lv\/115753125448272738","error":""},"_links":{"self":[{"href":"https:\/\/www.europesays.com\/lv\/wp-json\/wp\/v2\/posts\/81213","targetHints":{"allow":["GET"]}}],"collection":[{"href":"https:\/\/www.europesays.com\/lv\/wp-json\/wp\/v2\/posts"}],"about":[{"href":"https:\/\/www.europesays.com\/lv\/wp-json\/wp\/v2\/types\/post"}],"author":[{"embeddable":true,"href":"https:\/\/www.europesays.com\/lv\/wp-json\/wp\/v2\/users\/2"}],"replies":[{"embeddable":true,"href":"https:\/\/www.europesays.com\/lv\/wp-json\/wp\/v2\/comments?post=81213"}],"version-history":[{"count":0,"href":"https:\/\/www.europesays.com\/lv\/wp-json\/wp\/v2\/posts\/81213\/revisions"}],"wp:featuredmedia":[{"embeddable":true,"href":"https:\/\/www.europesays.com\/lv\/wp-json\/wp\/v2\/media\/81214"}],"wp:attachment":[{"href":"https:\/\/www.europesays.com\/lv\/wp-json\/wp\/v2\/media?parent=81213"}],"wp:term":[{"taxonomy":"category","embeddable":true,"href":"https:\/\/www.europesays.com\/lv\/wp-json\/wp\/v2\/categories?post=81213"},{"taxonomy":"post_tag","embeddable":true,"href":"https:\/\/www.europesays.com\/lv\/wp-json\/wp\/v2\/tags?post=81213"}],"curies":[{"name":"wp","href":"https:\/\/api.w.org\/{rel}","templated":true}]}}