{"id":81215,"date":"2025-12-20T17:41:10","date_gmt":"2025-12-20T17:41:10","guid":{"rendered":"https:\/\/www.europesays.com\/lv\/81215\/"},"modified":"2025-12-20T17:41:10","modified_gmt":"2025-12-20T17:41:10","slug":"latvijas-banka-palielinajusi-ikp-pieauguma-prognozi-sim-gadam-2","status":"publish","type":"post","link":"https:\/\/www.europesays.com\/lv\/81215\/","title":{"rendered":"Latvijas Banka palielin\u0101jusi IKP pieauguma prognozi \u0161im gadam"},"content":{"rendered":"<p>Mazinoties glob\u0101lajai nenoteikt\u012bbai par tarifu ietekmi un strauj\u0101k atjaunojoties \u0101r\u0113jam piepras\u012bjumam, gaid\u0101ma sp\u0113c\u012bg\u0101ka eksporta izaugsme. Savuk\u0101rt izaicin\u0101jumus rada straujais darbasp\u0113ka izmaksu pieaugums Latvij\u0101, k\u0101 ar\u012b milit\u0101rie konflikti un ar tiem saist\u012bt\u0101 nenoteikt\u012bba \u0101r\u0113j\u0101 vid\u0113.<\/p>\n<p>Darba tirg\u016b saglab\u0101jas ierobe\u017eots darbasp\u0113ka pied\u0101v\u0101jums un gaid\u0101ms strauj\u0101ks algu k\u0101pums. Sal\u012bdzin\u0101jum\u0101 ar j\u016bnija prognozi algu k\u0101pums tiek prognoz\u0113ts nedaudz augst\u0101ks. To galvenok\u0101rt ietekm\u0113s priv\u0101t\u0101 sektora algu fonda pieaugums, ta\u010du ar\u012b sabiedrisk\u0101 sektora atalgojums audzis j\u016btami strauj\u0101k par gaid\u012bto. Iedz\u012bvot\u0101ju pirktsp\u0113ja aizvien stiprin\u0101sies, alg\u0101m turpinot palielin\u0101ties strauj\u0101k nek\u0101 infl\u0101cijai.<\/p>\n<p>Latvijas Bank\u0101 nor\u0101d\u012bja, ka piepras\u012bjums p\u0113c darbasp\u0113ka saglab\u0101jas notur\u012bgs. To vid\u0113j\u0101 termi\u0146\u0101 veicin\u0101s ar\u012b gaid\u0101mo lielo invest\u012bciju projektu \u012bsteno\u0161ana. Bezdarbs b\u016bs zems vis\u0101 progno\u017eu period\u0101, samazinoties l\u012bdz 6,2% 2028. gad\u0101. To ietekm\u0113s nodarbin\u0101t\u012bbas gaidu uzlabo\u0161an\u0101s, pak\u0101peniska \u0101r\u0113j\u0101s vides atkop\u0161an\u0101s un turpm\u0101ka tautsaimniec\u012bbas atvese\u013co\u0161an\u0101s.<\/p>\n<p>Savuk\u0101rt pat\u0113ri\u0146u sekm\u0113s vald\u012bbas jaunie l\u0113mumi par papildu izdevumiem aizsardz\u012bbai un demogr\u0101fijai un algu palielin\u0101\u0161ana skolot\u0101jiem.<\/p>\n<p>Valsts invest\u012bciju pl\u016bsma perioda beig\u0101s pieaugs milit\u0101ro pieg\u0101\u017eu un dzelzce\u013ca projekta &#8220;Rail Baltica&#8221; ietekm\u0113.<\/p>\n<p>T\u0101pat Latvijas Bank\u0101 nor\u0101d\u012bja, ka bud\u017eeta defic\u012bts vid\u0113j\u0101 termi\u0146\u0101 palielin\u0101sies, un to b\u016btiski ietekm\u0113s aizsardz\u012bbas izdevumu k\u0101pums, \u012bpa\u0161i n\u0101kamgad. Defic\u012bts tiek prognoz\u0113ts virs 3% no IKP.<\/p>\n<p>Strauj\u0101ka aizsardz\u012bbas izdevumu finans\u0113\u0161ana notiks uz aiz\u0146em\u0161an\u0101s r\u0113\u0137ina, t\u0101p\u0113c valsts par\u0101ds ar\u012b turpm\u0101kajos gados turpin\u0101s augt un progno\u017eu perioda beig\u0101s nedaudz p\u0101rsniegs 50% no IKP.<\/p>\n","protected":false},"excerpt":{"rendered":"Mazinoties glob\u0101lajai nenoteikt\u012bbai par tarifu ietekmi un strauj\u0101k atjaunojoties \u0101r\u0113jam piepras\u012bjumam, gaid\u0101ma sp\u0113c\u012bg\u0101ka eksporta izaugsme. Savuk\u0101rt izaicin\u0101jumus rada&hellip;\n","protected":false},"author":2,"featured_media":81216,"comment_status":"","ping_status":"","sticky":false,"template":"","format":"standard","meta":{"footnotes":""},"categories":[12],"tags":[23,28,29,32,33,22,9497,30,31,35,39,38,36,37,34,46,40,45,20,26,27,24,25,21],"class_list":{"0":"post-81215","1":"post","2":"type-post","3":"status-publish","4":"format-standard","5":"has-post-thumbnail","7":"category-latvija","8":"tag-aktualitates","9":"tag-breaking-news","10":"tag-breakingnews","11":"tag-featured-news","12":"tag-featurednews","13":"tag-headlines","14":"tag-ikp","15":"tag-latest-news","16":"tag-latestnews","17":"tag-latvia","18":"tag-latvian","19":"tag-latviesu","20":"tag-latviesu-valoda","21":"tag-latviesuvaloda","22":"tag-latvija","23":"tag-latvijas-banka","24":"tag-lv","25":"tag-martins-kazaks","26":"tag-news","27":"tag-popularakas-zinas","28":"tag-popularakaszinas","29":"tag-top-stories","30":"tag-topstories","31":"tag-zinas"},"share_on_mastodon":{"url":"https:\/\/pubeurope.com\/@lv\/115753129253608426","error":""},"_links":{"self":[{"href":"https:\/\/www.europesays.com\/lv\/wp-json\/wp\/v2\/posts\/81215","targetHints":{"allow":["GET"]}}],"collection":[{"href":"https:\/\/www.europesays.com\/lv\/wp-json\/wp\/v2\/posts"}],"about":[{"href":"https:\/\/www.europesays.com\/lv\/wp-json\/wp\/v2\/types\/post"}],"author":[{"embeddable":true,"href":"https:\/\/www.europesays.com\/lv\/wp-json\/wp\/v2\/users\/2"}],"replies":[{"embeddable":true,"href":"https:\/\/www.europesays.com\/lv\/wp-json\/wp\/v2\/comments?post=81215"}],"version-history":[{"count":0,"href":"https:\/\/www.europesays.com\/lv\/wp-json\/wp\/v2\/posts\/81215\/revisions"}],"wp:featuredmedia":[{"embeddable":true,"href":"https:\/\/www.europesays.com\/lv\/wp-json\/wp\/v2\/media\/81216"}],"wp:attachment":[{"href":"https:\/\/www.europesays.com\/lv\/wp-json\/wp\/v2\/media?parent=81215"}],"wp:term":[{"taxonomy":"category","embeddable":true,"href":"https:\/\/www.europesays.com\/lv\/wp-json\/wp\/v2\/categories?post=81215"},{"taxonomy":"post_tag","embeddable":true,"href":"https:\/\/www.europesays.com\/lv\/wp-json\/wp\/v2\/tags?post=81215"}],"curies":[{"name":"wp","href":"https:\/\/api.w.org\/{rel}","templated":true}]}}