{"id":81217,"date":"2025-12-20T17:46:09","date_gmt":"2025-12-20T17:46:09","guid":{"rendered":"https:\/\/www.europesays.com\/lv\/81217\/"},"modified":"2025-12-20T17:46:09","modified_gmt":"2025-12-20T17:46:09","slug":"sauda-arabijas-tuksnesi-uzsnidzis-sniegs","status":"publish","type":"post","link":"https:\/\/www.europesays.com\/lv\/81217\/","title":{"rendered":"Sa\u016bda Ar\u0101bijas tuksnes\u012b uzsnidzis sniegs"},"content":{"rendered":"<p>Sa\u016bda Ar\u0101bijas Nacion\u0101lais meteorolo\u0123ijas centrs iepriek\u0161 br\u012bdin\u0101ja par strauju temperat\u016bras pazemin\u0101\u0161anos, prognoz\u0113jot snig\u0161anas iesp\u0113jam\u012bbu Tabukas un Hailas augstien\u0113s k\u0101 da\u013cu no pla\u0161\u0101kas laikapst\u0101k\u013cu sist\u0113mas, kas ietekm\u0113 re\u0123ionu. Centrs aicin\u0101ja iev\u0113rot piesardz\u012bbu, nor\u0101dot uz sp\u0113c\u012bgu v\u0113ju, putek\u013cu v\u0113tr\u0101m un p\u0113rkona negaisu un krusas iesp\u0113jam\u012bbu cit\u0101s teritorij\u0101s.<\/p>\n<p>Cilv\u0113ki soci\u0101lajos medijos rakst\u012bja, ka viet\u0101m temperat\u016bra nokrit\u0101s l\u012bdz pat -4 gr\u0101diem.<\/p>\n","protected":false},"excerpt":{"rendered":"Sa\u016bda Ar\u0101bijas Nacion\u0101lais meteorolo\u0123ijas centrs iepriek\u0161 br\u012bdin\u0101ja par strauju temperat\u016bras pazemin\u0101\u0161anos, prognoz\u0113jot snig\u0161anas iesp\u0113jam\u012bbu Tabukas un Hailas augstien\u0113s&hellip;\n","protected":false},"author":2,"featured_media":81218,"comment_status":"","ping_status":"","sticky":false,"template":"","format":"standard","meta":{"footnotes":""},"categories":[14],"tags":[23,57,28,29,32,33,22,30,31,35,39,38,36,37,34,40,20,26,27,3431,4807,24,25,20402,54,55,56,21,58],"class_list":{"0":"post-81217","1":"post","2":"type-post","3":"status-publish","4":"format-standard","5":"has-post-thumbnail","7":"category-zinas-no-arvalstim","8":"tag-aktualitates","9":"tag-arvalstim","10":"tag-breaking-news","11":"tag-breakingnews","12":"tag-featured-news","13":"tag-featurednews","14":"tag-headlines","15":"tag-latest-news","16":"tag-latestnews","17":"tag-latvia","18":"tag-latvian","19":"tag-latviesu","20":"tag-latviesu-valoda","21":"tag-latviesuvaloda","22":"tag-latvija","23":"tag-lv","24":"tag-news","25":"tag-popularakas-zinas","26":"tag-popularakaszinas","27":"tag-sauda-arabija","28":"tag-sniegs","29":"tag-top-stories","30":"tag-topstories","31":"tag-tuksnesis","32":"tag-world","33":"tag-world-news","34":"tag-worldnews","35":"tag-zinas","36":"tag-zinas-no-arvalstim"},"share_on_mastodon":{"url":"https:\/\/pubeurope.com\/@lv\/115753148949461745","error":""},"_links":{"self":[{"href":"https:\/\/www.europesays.com\/lv\/wp-json\/wp\/v2\/posts\/81217","targetHints":{"allow":["GET"]}}],"collection":[{"href":"https:\/\/www.europesays.com\/lv\/wp-json\/wp\/v2\/posts"}],"about":[{"href":"https:\/\/www.europesays.com\/lv\/wp-json\/wp\/v2\/types\/post"}],"author":[{"embeddable":true,"href":"https:\/\/www.europesays.com\/lv\/wp-json\/wp\/v2\/users\/2"}],"replies":[{"embeddable":true,"href":"https:\/\/www.europesays.com\/lv\/wp-json\/wp\/v2\/comments?post=81217"}],"version-history":[{"count":0,"href":"https:\/\/www.europesays.com\/lv\/wp-json\/wp\/v2\/posts\/81217\/revisions"}],"wp:featuredmedia":[{"embeddable":true,"href":"https:\/\/www.europesays.com\/lv\/wp-json\/wp\/v2\/media\/81218"}],"wp:attachment":[{"href":"https:\/\/www.europesays.com\/lv\/wp-json\/wp\/v2\/media?parent=81217"}],"wp:term":[{"taxonomy":"category","embeddable":true,"href":"https:\/\/www.europesays.com\/lv\/wp-json\/wp\/v2\/categories?post=81217"},{"taxonomy":"post_tag","embeddable":true,"href":"https:\/\/www.europesays.com\/lv\/wp-json\/wp\/v2\/tags?post=81217"}],"curies":[{"name":"wp","href":"https:\/\/api.w.org\/{rel}","templated":true}]}}