{"id":81225,"date":"2025-12-20T17:58:08","date_gmt":"2025-12-20T17:58:08","guid":{"rendered":"https:\/\/www.europesays.com\/lv\/81225\/"},"modified":"2025-12-20T17:58:08","modified_gmt":"2025-12-20T17:58:08","slug":"eiropa-pretoties-kremla-prasibam-par-donbasu-lente-lv","status":"publish","type":"post","link":"https:\/\/www.europesays.com\/lv\/81225\/","title":{"rendered":"Eiropa Pretoties Krem\u013ca Pras\u012bb\u0101m Par Donbasu\u00a0\u2014\u00a0Lente.lv"},"content":{"rendered":"<p>Sarunu Iesald\u0113\u0161ana un Maskavas Dikt\u0101ts<\/p>\n<p>T\u0101 saukt\u0101s miera sarunas par Ukrainas n\u0101kotni atkal ir non\u0101ku\u0161as k\u0101rt\u0113j\u0101 f\u0101z\u0113, ko raksturo k\u0101 strupce\u013cu. K\u0101 inform\u0113 port\u0101ls jauns.lv, rietumvalst\u012bs arvien bie\u017e\u0101k tiek pausts p\u0101rliec\u012bbas pilns skat\u012bjums, ka Krem\u013ca m\u0113r\u0137is nav pan\u0101kt patiesu mieru, bet gan uzspiest savu ultim\u0101tu, kas noz\u012bm\u0113tu Ukrainas kapitul\u0101ciju un t\u0101s p\u0101rv\u0113r\u0161anu par Krievijas vasa\u013cvalsti. \u0160\u012b nost\u0101ja defin\u0113 lielo dal\u012bbnieku \u2013 Kijivas un t\u0101s sabiedroto \u2013 attieksmi pret sarunu procesu, kas ir pak\u013cauts Krievijas teritori\u0101laj\u0101m pretenzij\u0101m.<\/p>\n<p>Donbasa Jaut\u0101jums K\u0101 Galvenais \u0160\u0137\u0113rslis<\/p>\n<p>Liel\u0101k\u0101s nesaska\u0146as sarunu gald\u0101, it \u012bpa\u0161i apsprie\u017eot 20 punktu miera pl\u0101nu, kas izstr\u0101d\u0101ts kop\u012bgi ar ASV, joproj\u0101m saglab\u0101jas jaut\u0101jum\u0101 par Donbasa re\u0123iona n\u0101kotni. Krievija stingri pieturas pie pras\u012bbas p\u0113c visu Donbasa teritoriju atdo\u0161anas, pat t\u0101m da\u013c\u0101m, kuras pagaid\u0101m kontrol\u0113 Ukraina. Kremlis \u0161o pras\u012bbu propagandiski pamato k\u0101 \u0101rk\u0101rt\u012bgi svar\u012bgu savu dro\u0161\u012bbas intere\u0161u v\u0101rd\u0101, bet Kijiva un Eiropa to uzskata par nepie\u0146emamu piek\u0101p\u0161anos agresoram. Ukrainas prezidents Volodimirs Zelenskis nesen uzsv\u0113ra, ka jaut\u0101jums par teritori\u0101laj\u0101m koncesij\u0101m ir \u201cs\u0101p\u012bgs\u201d.<\/p>\n<p>Rietumu Dro\u0161\u012bbas Garantijas un Eiropas Lom\u0101<\/p>\n<p>Sarunu gait\u0101 Berl\u012bn\u0113, kur piedal\u012bj\u0101s Eiropas l\u012bderi un ASV deleg\u0101cija, Ukrainai tika pied\u0101v\u0101tas detaliz\u0113tas dro\u0161\u012bbas garantijas. V\u0101cijas kanclers Fr\u012bdrihs Mercs atkl\u0101ja, ka \u0161\u012bs garantijas var\u0113tu l\u012bdzin\u0101ties NATO 5. pantam, paredzot Rietumu karasp\u0113ka kl\u0101tb\u016btni vai konkr\u0113tu r\u012bc\u012bbu, lai atvair\u012btu Krievijas agresiju, ja tiktu p\u0101rk\u0101pti pamiera nosac\u012bjumi. Eiropas Savien\u012bbas diplom\u0101ti gan apzin\u0101s nepiecie\u0161am\u012bbu l\u012bdzsvarot atbalstu Kijivai, lai netiktu uztverti k\u0101 \u201ckara kurin\u0101t\u0101ji\u201d, jo 2025. gada novembr\u012b ASV administr\u0101cijas s\u0101kotn\u0113jais 28 punktu pl\u0101ns tika v\u0113rt\u0113ts k\u0101 p\u0101r\u0101k labv\u0113l\u012bgs Maskavai. \u0160obr\u012bd aktu\u0101lais 20 punktu pl\u0101ns, p\u0113c Zelenska teikt\u0101, daudz lab\u0101k iev\u0113ro Kijivas intereses.<\/p>\n<p>Propagandas Ietekme un Sabiedr\u012bbas Inform\u0113\u0161ana<\/p>\n<p>Krievijas propaganda akt\u012bvi cen\u0161as att\u0113lot \u0161os Eiropas un ASV atbalst\u012btos miera priek\u0161likumus k\u0101 \u201csabot\u0101\u017eu\u201d. Tiek izplat\u012bti narat\u012bvi, kas centienus nodro\u0161in\u0101t Ukrainai re\u0101lu dro\u0161\u012bbu pasniedz k\u0101 turpm\u0101ku kara kurin\u0101\u0161anu. \u0160\u012bs dezinform\u0101cijas kampa\u0146as, kas k\u013c\u016bst arvien sare\u017e\u0123\u012bt\u0101kas un izmanto, piem\u0113ram, m\u0101ksl\u012bgo intelektu, m\u0113r\u0137\u0113 uz sabiedr\u012bbas \u0161\u0137el\u0161anu un neuztic\u012bbas rad\u012b\u0161anu vald\u012bbas nost\u0101jai. Lai gan Krievija noraid\u012bjusi Ziemassv\u0113tku pamiera ideju, uzsverot v\u0113lmi p\u0113c \u201cpilnv\u0113rt\u012bga miera\u201d, \u0161is termins tiek interpret\u0113ts k\u0101 piln\u012bga Ukrainas pado\u0161an\u0101s.<\/p>\n","protected":false},"excerpt":{"rendered":"Sarunu Iesald\u0113\u0161ana un Maskavas Dikt\u0101ts T\u0101 saukt\u0101s miera sarunas par Ukrainas n\u0101kotni atkal ir non\u0101ku\u0161as k\u0101rt\u0113j\u0101 f\u0101z\u0113, ko&hellip;\n","protected":false},"author":2,"featured_media":81226,"comment_status":"","ping_status":"","sticky":false,"template":"","format":"standard","meta":{"footnotes":""},"categories":[14],"tags":[23,57,28,29,20405,20288,32,33,22,5326,30,31,35,39,38,36,37,34,40,20,26,27,24,25,20404,54,55,56,1075,21,58],"class_list":{"0":"post-81225","1":"post","2":"type-post","3":"status-publish","4":"format-standard","5":"has-post-thumbnail","7":"category-zinas-no-arvalstim","8":"tag-aktualitates","9":"tag-arvalstim","10":"tag-breaking-news","11":"tag-breakingnews","12":"tag-donbasa-statuss","13":"tag-eiropas-drosibas-garantijas","14":"tag-featured-news","15":"tag-featurednews","16":"tag-headlines","17":"tag-krievijas-propaganda","18":"tag-latest-news","19":"tag-latestnews","20":"tag-latvia","21":"tag-latvian","22":"tag-latviesu","23":"tag-latviesu-valoda","24":"tag-latviesuvaloda","25":"tag-latvija","26":"tag-lv","27":"tag-news","28":"tag-popularakas-zinas","29":"tag-popularakaszinas","30":"tag-top-stories","31":"tag-topstories","32":"tag-ukrainas-miera-sarunas","33":"tag-world","34":"tag-world-news","35":"tag-worldnews","36":"tag-zelenskis","37":"tag-zinas","38":"tag-zinas-no-arvalstim"},"share_on_mastodon":{"url":"https:\/\/pubeurope.com\/@lv\/115753196109586677","error":""},"_links":{"self":[{"href":"https:\/\/www.europesays.com\/lv\/wp-json\/wp\/v2\/posts\/81225","targetHints":{"allow":["GET"]}}],"collection":[{"href":"https:\/\/www.europesays.com\/lv\/wp-json\/wp\/v2\/posts"}],"about":[{"href":"https:\/\/www.europesays.com\/lv\/wp-json\/wp\/v2\/types\/post"}],"author":[{"embeddable":true,"href":"https:\/\/www.europesays.com\/lv\/wp-json\/wp\/v2\/users\/2"}],"replies":[{"embeddable":true,"href":"https:\/\/www.europesays.com\/lv\/wp-json\/wp\/v2\/comments?post=81225"}],"version-history":[{"count":0,"href":"https:\/\/www.europesays.com\/lv\/wp-json\/wp\/v2\/posts\/81225\/revisions"}],"wp:featuredmedia":[{"embeddable":true,"href":"https:\/\/www.europesays.com\/lv\/wp-json\/wp\/v2\/media\/81226"}],"wp:attachment":[{"href":"https:\/\/www.europesays.com\/lv\/wp-json\/wp\/v2\/media?parent=81225"}],"wp:term":[{"taxonomy":"category","embeddable":true,"href":"https:\/\/www.europesays.com\/lv\/wp-json\/wp\/v2\/categories?post=81225"},{"taxonomy":"post_tag","embeddable":true,"href":"https:\/\/www.europesays.com\/lv\/wp-json\/wp\/v2\/tags?post=81225"}],"curies":[{"name":"wp","href":"https:\/\/api.w.org\/{rel}","templated":true}]}}