{"id":81227,"date":"2025-12-20T18:04:07","date_gmt":"2025-12-20T18:04:07","guid":{"rendered":"https:\/\/www.europesays.com\/lv\/81227\/"},"modified":"2025-12-20T18:04:07","modified_gmt":"2025-12-20T18:04:07","slug":"indija-atrvilciens-saduries-ar-zilonu-baru-vairaki-dzivnieki-gajusi-boja","status":"publish","type":"post","link":"https:\/\/www.europesays.com\/lv\/81227\/","title":{"rendered":"Indij\u0101 \u0101trvilciens sad\u016bries ar zilo\u0146u baru: vair\u0101ki dz\u012bvnieki g\u0101ju\u0161i boj\u0101"},"content":{"rendered":"<p>Incidents noticis God\u017eras rajon\u0101. Vilciens braucis Deli virzien\u0101. Dzelzce\u013ca p\u0101rst\u0101vis past\u0101st\u012bja, ka pulksten divos nakt\u012b p\u0113c viet\u0113j\u0101 laika ma\u0161\u012bnists paman\u012bjis aptuveni simts zilo\u0146u baru un iesl\u0113dzis av\u0101rijas bremz\u0113\u0161anu.<\/p>\n<p>Tom\u0113r no sadursmes ar savva\u013cas dz\u012bvniekiem izvair\u012bties nebija iesp\u0113jams. Septi\u0146i zilo\u0146i g\u0101ja boj\u0101, bet v\u0113l viens jauns zilonis tika ievainots.<\/p>\n<p>Sadursm\u0113 no slied\u0113m noskr\u0113ja lokomot\u012bve un pieci vagoni, kuros atrad\u0101s aptuveni 200 pasa\u017eieru. Atliku\u0161ie vagoni turpin\u0101ja ce\u013cu uz mar\u0161ruta galam\u0113r\u0137i. Neviens necieta.<\/p>\n<p>Indijas dzelzce\u013ca vad\u012bba apgalvo, ka incidents noticis me\u017eain\u0101 apvid\u016b, ta\u010du negad\u012bjuma vieta neatrodas zilo\u0146u migr\u0101cijas koridor\u0101.<\/p>\n<p>Vilcienu sadursmes ar savva\u013cas zilo\u0146iem Asam\u0101 nav nekas neparasts, un \u0161tat\u0101, kur\u0101 dz\u012bvo aptuveni 7000 zilo\u0146u, ir viena no liel\u0101kaj\u0101m \u0161o dz\u012bvnieku popul\u0101cij\u0101m Indij\u0101.<\/p>\n<p>Kop\u0161 2020. gada vis\u0101 \u0161tat\u0101 vilcienu sadursm\u0113s g\u0101ju\u0161i boj\u0101 vismaz ducis zilo\u0146u.<\/p>\n","protected":false},"excerpt":{"rendered":"Incidents noticis God\u017eras rajon\u0101. Vilciens braucis Deli virzien\u0101. Dzelzce\u013ca p\u0101rst\u0101vis past\u0101st\u012bja, ka pulksten divos nakt\u012b p\u0113c viet\u0113j\u0101 laika&hellip;\n","protected":false},"author":2,"featured_media":81228,"comment_status":"","ping_status":"","sticky":false,"template":"","format":"standard","meta":{"footnotes":""},"categories":[14],"tags":[23,57,28,29,1809,32,33,22,4098,30,31,35,39,38,36,37,34,40,6234,20,26,27,20407,24,25,54,55,56,20406,21,58],"class_list":{"0":"post-81227","1":"post","2":"type-post","3":"status-publish","4":"format-standard","5":"has-post-thumbnail","7":"category-zinas-no-arvalstim","8":"tag-aktualitates","9":"tag-arvalstim","10":"tag-breaking-news","11":"tag-breakingnews","12":"tag-dzelzcels","13":"tag-featured-news","14":"tag-featurednews","15":"tag-headlines","16":"tag-indija","17":"tag-latest-news","18":"tag-latestnews","19":"tag-latvia","20":"tag-latvian","21":"tag-latviesu","22":"tag-latviesu-valoda","23":"tag-latviesuvaloda","24":"tag-latvija","25":"tag-lv","26":"tag-negadijums","27":"tag-news","28":"tag-popularakas-zinas","29":"tag-popularakaszinas","30":"tag-savvalas-dzivnieki","31":"tag-top-stories","32":"tag-topstories","33":"tag-world","34":"tag-world-news","35":"tag-worldnews","36":"tag-ziloni","37":"tag-zinas","38":"tag-zinas-no-arvalstim"},"share_on_mastodon":{"url":"https:\/\/pubeurope.com\/@lv\/115753219784925059","error":""},"_links":{"self":[{"href":"https:\/\/www.europesays.com\/lv\/wp-json\/wp\/v2\/posts\/81227","targetHints":{"allow":["GET"]}}],"collection":[{"href":"https:\/\/www.europesays.com\/lv\/wp-json\/wp\/v2\/posts"}],"about":[{"href":"https:\/\/www.europesays.com\/lv\/wp-json\/wp\/v2\/types\/post"}],"author":[{"embeddable":true,"href":"https:\/\/www.europesays.com\/lv\/wp-json\/wp\/v2\/users\/2"}],"replies":[{"embeddable":true,"href":"https:\/\/www.europesays.com\/lv\/wp-json\/wp\/v2\/comments?post=81227"}],"version-history":[{"count":0,"href":"https:\/\/www.europesays.com\/lv\/wp-json\/wp\/v2\/posts\/81227\/revisions"}],"wp:featuredmedia":[{"embeddable":true,"href":"https:\/\/www.europesays.com\/lv\/wp-json\/wp\/v2\/media\/81228"}],"wp:attachment":[{"href":"https:\/\/www.europesays.com\/lv\/wp-json\/wp\/v2\/media?parent=81227"}],"wp:term":[{"taxonomy":"category","embeddable":true,"href":"https:\/\/www.europesays.com\/lv\/wp-json\/wp\/v2\/categories?post=81227"},{"taxonomy":"post_tag","embeddable":true,"href":"https:\/\/www.europesays.com\/lv\/wp-json\/wp\/v2\/tags?post=81227"}],"curies":[{"name":"wp","href":"https:\/\/api.w.org\/{rel}","templated":true}]}}