{"id":81242,"date":"2025-12-20T18:16:11","date_gmt":"2025-12-20T18:16:11","guid":{"rendered":"https:\/\/www.europesays.com\/lv\/81242\/"},"modified":"2025-12-20T18:16:11","modified_gmt":"2025-12-20T18:16:11","slug":"janis-rugajs-piesaka-savu-eirovizijas-atlases-dziesmu-smoke","status":"publish","type":"post","link":"https:\/\/www.europesays.com\/lv\/81242\/","title":{"rendered":"J\u0101nis Rug\u0101js piesaka savu \u201cEirov\u012bzijas\u201d atlases dziesmu \u201cSmoke\u201d"},"content":{"rendered":"<p>Dziesmas pirmie so\u013ci aizs\u0101kas \u0161\u012b gada ruden\u012b, studijas \u201cAUSS\u201d nometn\u0113, kur veiksm\u012bg\u0101 sadarb\u012bb\u0101 ar dziesmas autoriem Kjersti Sleveland un Elad Lahmany tapusi gan melodija, gan v\u0101rdi. Dziesmas ieraksts veikts JL ierakstu studij\u0101.<\/p>\n<p>No 12. decembra dziesma \u201cSmoke\u201d pieejama \u201cSpotify\u201d, \u201cYouTube\u201d un cit\u0101s straum\u0113\u0161anas vietn\u0113s.<\/p>\n<p>Atg\u0101din\u0101m, ka J\u0101nis Rug\u0101js piedal\u012bj\u0101s \u0161ova \u201cX Faktors\u201d sestaj\u0101 sezon\u0101 un ierindoj\u0101s piektaj\u0101 viet\u0101.<\/p>\n<p class=\"tv3-fw-500\">Zi\u0146o par k\u013c\u016bdu rakst\u0101<\/p>\n<p class=\"d-md-block d-none\">Iez\u012bm\u0113 k\u013c\u016bdaino tekstu un spied Ctrl+Enter.<\/p>\n<p class=\"d-md-none d-block\">Iez\u012bm\u0113 k\u013c\u016bdaino tekstu un zi\u0146o par to!<\/p>\n","protected":false},"excerpt":{"rendered":"Dziesmas pirmie so\u013ci aizs\u0101kas \u0161\u012b gada ruden\u012b, studijas \u201cAUSS\u201d nometn\u0113, kur veiksm\u012bg\u0101 sadarb\u012bb\u0101 ar dziesmas autoriem Kjersti Sleveland&hellip;\n","protected":false},"author":2,"featured_media":81243,"comment_status":"","ping_status":"","sticky":false,"template":"","format":"standard","meta":{"footnotes":""},"categories":[14],"tags":[23,57,28,29,32,33,22,20415,30,31,35,39,38,36,37,34,40,20,26,27,24,25,54,55,56,21,58],"class_list":{"0":"post-81242","1":"post","2":"type-post","3":"status-publish","4":"format-standard","5":"has-post-thumbnail","7":"category-zinas-no-arvalstim","8":"tag-aktualitates","9":"tag-arvalstim","10":"tag-breaking-news","11":"tag-breakingnews","12":"tag-featured-news","13":"tag-featurednews","14":"tag-headlines","15":"tag-janis-rugajsjauna-dziesmasovs-x-faktorsx-faktors-2025","16":"tag-latest-news","17":"tag-latestnews","18":"tag-latvia","19":"tag-latvian","20":"tag-latviesu","21":"tag-latviesu-valoda","22":"tag-latviesuvaloda","23":"tag-latvija","24":"tag-lv","25":"tag-news","26":"tag-popularakas-zinas","27":"tag-popularakaszinas","28":"tag-top-stories","29":"tag-topstories","30":"tag-world","31":"tag-world-news","32":"tag-worldnews","33":"tag-zinas","34":"tag-zinas-no-arvalstim"},"share_on_mastodon":{"url":"https:\/\/pubeurope.com\/@lv\/115753266948066670","error":""},"_links":{"self":[{"href":"https:\/\/www.europesays.com\/lv\/wp-json\/wp\/v2\/posts\/81242","targetHints":{"allow":["GET"]}}],"collection":[{"href":"https:\/\/www.europesays.com\/lv\/wp-json\/wp\/v2\/posts"}],"about":[{"href":"https:\/\/www.europesays.com\/lv\/wp-json\/wp\/v2\/types\/post"}],"author":[{"embeddable":true,"href":"https:\/\/www.europesays.com\/lv\/wp-json\/wp\/v2\/users\/2"}],"replies":[{"embeddable":true,"href":"https:\/\/www.europesays.com\/lv\/wp-json\/wp\/v2\/comments?post=81242"}],"version-history":[{"count":0,"href":"https:\/\/www.europesays.com\/lv\/wp-json\/wp\/v2\/posts\/81242\/revisions"}],"wp:featuredmedia":[{"embeddable":true,"href":"https:\/\/www.europesays.com\/lv\/wp-json\/wp\/v2\/media\/81243"}],"wp:attachment":[{"href":"https:\/\/www.europesays.com\/lv\/wp-json\/wp\/v2\/media?parent=81242"}],"wp:term":[{"taxonomy":"category","embeddable":true,"href":"https:\/\/www.europesays.com\/lv\/wp-json\/wp\/v2\/categories?post=81242"},{"taxonomy":"post_tag","embeddable":true,"href":"https:\/\/www.europesays.com\/lv\/wp-json\/wp\/v2\/tags?post=81242"}],"curies":[{"name":"wp","href":"https:\/\/api.w.org\/{rel}","templated":true}]}}