{"id":81244,"date":"2025-12-20T18:17:13","date_gmt":"2025-12-20T18:17:13","guid":{"rendered":"https:\/\/www.europesays.com\/lv\/81244\/"},"modified":"2025-12-20T18:17:13","modified_gmt":"2025-12-20T18:17:13","slug":"sinoptiki-bridina-par-aukstuma-ieplusanu-un-kailsalu-lente-lv","status":"publish","type":"post","link":"https:\/\/www.europesays.com\/lv\/81244\/","title":{"rendered":"Sinopti\u0137i Br\u012bdina par Aukstuma Iepl\u016b\u0161anu un Kailsalu\u00a0\u2014\u00a0Lente.lv"},"content":{"rendered":"<p>Aukstuma Fronte P\u0101r\u0146em Latviju Ziemassv\u0113tku S\u0101kum\u0101<\/p>\n<p>Decembra p\u0113d\u0113j\u0101 ned\u0113\u013ca Latvij\u0101 iez\u012bm\u0113jas ar b\u016btisk\u0101m p\u0101rmai\u0146\u0101m laikapst\u0101k\u013cos, kas \u012bpa\u0161i j\u016btamas b\u016bs tie\u0161i sv\u0113tku s\u0101kum\u0101. K\u0101 inform\u0113 port\u0101ls jauns.lv, saska\u0146\u0101 ar pa\u0161reiz\u0113j\u0101m prognoz\u0113m, ko pied\u0101v\u0101 &#8220;Global Forecast System&#8221;, 23. un 24. decembr\u012b Latvij\u0101 gaid\u0101ms iev\u0113rojams temperat\u016bras kritums. No zieme\u013caustrumiem iepl\u016bd\u012bs aukst\u0101ks un saus\u0101ks gaiss, kas otrdienas vakar\u0101 jau vis\u0101 valst\u012b var\u0113tu iest\u0101ties sals. \u0160\u012b gaisa masas izmai\u0146a iez\u012bm\u0113 strauju kontrastu ar iepriek\u0161\u0113j\u0101m dien\u0101m, kad laiks v\u0113l bija v\u0113s\u0101ks, bet joproj\u0101m krietni virs nulles gr\u0101diem.<\/p>\n<p>Sinopti\u0137i nor\u0101da, ka sv\u0113tku s\u0101kum\u0101 gaid\u0101ms m\u0113rens l\u012bdz nelielam salam. Piem\u0113ram, otrdien, 23. decembr\u012b, dienas temperat\u016bra jau var kristies v\u0113l par 1 l\u012bdz 2 gr\u0101diem. Valsts austrumu da\u013c\u0101 sals var\u0113tu b\u016bt izteikt\u0101ka, viet\u0101m nokr\u012btoties pat zem m\u012bnus pieciem gr\u0101diem. \u0160is aukstuma vilnis ir viens no galvenajiem notikumiem, kas raksturos \u0161\u012b gada Ziemassv\u0113tku laiku Latvij\u0101.<\/p>\n<p>Kailsals \u2013 Galvenais Zimassv\u0113tku Risks<\/p>\n<p>Lai gan gaid\u0101ms temperat\u016bras pazemin\u0101jums, b\u016btisku sniega daudzumu meteorologi \u0161obr\u012bd neprognoz\u0113. T\u0101p\u0113c liela da\u013ca valsts, \u012bpa\u0161i tie re\u0123ioni, kur zeme nav pietiekami sasalusi vai uz kuras ir bijusi neliela nokri\u0161\u0146u sega, saskarsies ar kailsalu. L\u012bdz ar to, galvenais br\u012bdin\u0101jums iedz\u012bvot\u0101jiem ir par paaugstin\u0101tu slidenuma risku uz ce\u013ciem un ietv\u0113m, \u012bpa\u0161i r\u012bta un vakara stund\u0101s.<\/p>\n<blockquote><p>Meteorologs Toms Bricis br\u012bdina, ka Ziemassv\u0113tkos laikapst\u0101k\u013ci nelutin\u0101s un aicina iedz\u012bvot\u0101jus b\u016bt uzman\u012bgiem. Past\u0101v liela iesp\u0113jam\u012bba, ka gaid\u0101mais sals b\u016bs nekas cits k\u0101 kailsals, jo b\u016btiski nokri\u0161\u0146i nav prognoz\u0113ti un iev\u0113rojama sniega sega, visticam\u0101k, neveidosies.<\/p><\/blockquote>\n<p>\u0160\u0101da situ\u0101cija prasa \u012bpa\u0161u piesardz\u012bbu ne tikai autovad\u012bt\u0101jiem, bet ar\u012b g\u0101j\u0113jiem, pl\u0101nojot savas sv\u0113tku gaitas un apmekl\u0113jot radus vai draugus.<\/p>\n<p>Ziemassv\u0113tku Br\u012bvdienu Evol\u016bcija: No Sals uz Atku\u0161\u0146a P\u0101rmai\u0146\u0101m<\/p>\n<p>Aukstais gaiss nes\u012bs p\u0101rmai\u0146as, ta\u010du main\u012bgums b\u016bs galvenais raksturot\u0101js br\u012bvdienu turpin\u0101jum\u0101. Ja Ziemassv\u0113tku s\u0101kums var iepriecin\u0101t ar saulainu laiku austrumu novados, kur temperat\u016bra var nosl\u012bd\u0113t pat zem -10 gr\u0101diem, tad jau Pirmajos Ziemassv\u0113tkos un turpm\u0101kaj\u0101s dien\u0101s prognoz\u0113ta temperat\u016bras sv\u0101rst\u012bba.<\/p>\n<p>Dienvidrietumu un rietumu v\u0113ja virziena mai\u0146a uz zieme\u013crietumu virzienu iev\u0113rojami ietekm\u0113s gaisa temperat\u016bru. Ir iesp\u0113jams, ka uz Ziemassv\u0113tku otro dienu vai dr\u012bz p\u0113c t\u0101s piekrast\u0113 var iest\u0101ties atkusnis, un daudzviet Latvij\u0101 atkal var uzsnigt neliels sniegs. \u0160\u0101das \u012bslaic\u012bgas nokri\u0161\u0146u zonas ar sv\u0101rst\u012bgu gaisa temperat\u016bru prognoz\u0113tas visam sv\u0113tku turpin\u0101jumam, tom\u0113r valsts austrumu re\u0123ionos sals var\u0113tu saglab\u0101ties notur\u012bg\u0101ka.<\/p>\n<p>Prognozes Sal\u012bdzin\u0101jum\u0101 un Klimata Konteksts<\/p>\n<p>Lai gan konkr\u0113tas prognozes var main\u012bties, jo atmosf\u0113ras situ\u0101cija ir dinamiski main\u012bga, \u0101rvalstu progno\u017eu centri, piem\u0113ram, Eiropas Vid\u0113ja termi\u0146a laika progno\u017eu centrs, paredz, ka Ziemassv\u0113tku un Jaun\u0101 gada ned\u0113\u013ca kopum\u0101 Latvij\u0101 var\u0113tu b\u016bt aptuveni divus gr\u0101dus aukst\u0101ka par normu. Tiek prognoz\u0113ts, ka ziem\u012bgi laikapst\u0101k\u013ci var\u0113tu ieilgt pat liel\u0101ko da\u013cu janv\u0101ra.<\/p>\n<p>Interesanti atz\u012bm\u0113t, ka ne visi avoti sniedz vienotu ainu. Da\u017ei jau agr\u0101k min\u0113ja, ka pirms Ziemas saulgrie\u017eiem (21. decembris) var\u0113tu b\u016bt neliels l\u012bdz m\u0113rens sals un sniega baltumi\u0146\u0161, tom\u0113r tie\u0161i dienas pirms sv\u0113tkiem (23. un 24. decembris) ir t\u0101s, kur\u0101s skaidri iez\u012bm\u0113jas v\u0113ss gaiss no zieme\u013caustrumiem. K\u0101da m\u0113dz b\u016bt decembra gaita, atkar\u012bgs no konkr\u0113ta gada \u0123eopolitisk\u0101s situ\u0101cijas atmosf\u0113r\u0101 \u2013 da\u017ek\u0101rt tas ir silt\u0101ks un mitr\u0101ks, bet \u0161ogad domin\u0113 tendence uz temperat\u016bras kritumu tie\u0161i sv\u0113tku laik\u0101.<\/p>\n<p>Padomi Ce\u013cot\u0101jiem un Iedz\u012bvot\u0101jiem<\/p>\n<p>\u0145emot v\u0113r\u0101 prognoz\u0113to kailsalu un temperat\u016bras sv\u0101rst\u012bbas, iedz\u012bvot\u0101jiem ieteicams sekot l\u012bdzi aktu\u0101lajiem br\u012bdin\u0101jumiem. Ja sv\u0113tku pl\u0101nos iek\u013cauti braucieni uz att\u0101l\u0101kiem novadiem, \u012bpa\u0161i uz Latvijas austrumiem, kur sals var\u0113tu b\u016bt notur\u012bg\u0101ka, j\u0101b\u016bt gataviem main\u012bgiem apst\u0101k\u013ciem. T\u0101pat, atkar\u012bb\u0101 no dienas laika, var b\u016bt nepiecie\u0161ams main\u012bt ap\u0123\u0113rbu \u2013 no lietus vai slapja sniega aizsardz\u012bbas l\u012bdz pat silt\u0101kiem ap\u0123\u0113rba sl\u0101\u0146iem, lai izvair\u012btos no straujas atdzi\u0161anas, kad iest\u0101sies sals.<\/p>\n<p>Ziemassv\u0113tki \u0161ogad, visticam\u0101k, neb\u016bs bag\u0101ti ar dzi\u013cu, p\u016bkainu sniega segu vis\u0101 Latvij\u0101, k\u0101 to da\u017ek\u0101rt sagaida, ta\u010du aukstums un nepiecie\u0161am\u012bba uzman\u012bties no slideniem ce\u013ciem k\u013c\u016bs aktu\u0101la t\u0113ma sv\u0113tku atceres reiz\u0113s.<\/p>\n","protected":false},"excerpt":{"rendered":"Aukstuma Fronte P\u0101r\u0146em Latviju Ziemassv\u0113tku S\u0101kum\u0101 Decembra p\u0113d\u0113j\u0101 ned\u0113\u013ca Latvij\u0101 iez\u012bm\u0113jas ar b\u016btisk\u0101m p\u0101rmai\u0146\u0101m laikapst\u0101k\u013cos, kas \u012bpa\u0161i j\u016btamas&hellip;\n","protected":false},"author":2,"featured_media":81245,"comment_status":"","ping_status":"","sticky":false,"template":"","format":"standard","meta":{"footnotes":""},"categories":[12],"tags":[23,28,29,32,33,22,20416,397,30,31,35,39,38,36,37,34,40,20,26,27,2410,20417,24,25,9687,21],"class_list":{"0":"post-81244","1":"post","2":"type-post","3":"status-publish","4":"format-standard","5":"has-post-thumbnail","7":"category-latvija","8":"tag-aktualitates","9":"tag-breaking-news","10":"tag-breakingnews","11":"tag-featured-news","12":"tag-featurednews","13":"tag-headlines","14":"tag-kailsals","15":"tag-laikapstakli","16":"tag-latest-news","17":"tag-latestnews","18":"tag-latvia","19":"tag-latvian","20":"tag-latviesu","21":"tag-latviesu-valoda","22":"tag-latviesuvaloda","23":"tag-latvija","24":"tag-lv","25":"tag-news","26":"tag-popularakas-zinas","27":"tag-popularakaszinas","28":"tag-prognoze","29":"tag-temperaturas-kritums","30":"tag-top-stories","31":"tag-topstories","32":"tag-ziemassvetki","33":"tag-zinas"},"share_on_mastodon":{"url":"https:\/\/pubeurope.com\/@lv\/115753270878995750","error":""},"_links":{"self":[{"href":"https:\/\/www.europesays.com\/lv\/wp-json\/wp\/v2\/posts\/81244","targetHints":{"allow":["GET"]}}],"collection":[{"href":"https:\/\/www.europesays.com\/lv\/wp-json\/wp\/v2\/posts"}],"about":[{"href":"https:\/\/www.europesays.com\/lv\/wp-json\/wp\/v2\/types\/post"}],"author":[{"embeddable":true,"href":"https:\/\/www.europesays.com\/lv\/wp-json\/wp\/v2\/users\/2"}],"replies":[{"embeddable":true,"href":"https:\/\/www.europesays.com\/lv\/wp-json\/wp\/v2\/comments?post=81244"}],"version-history":[{"count":0,"href":"https:\/\/www.europesays.com\/lv\/wp-json\/wp\/v2\/posts\/81244\/revisions"}],"wp:featuredmedia":[{"embeddable":true,"href":"https:\/\/www.europesays.com\/lv\/wp-json\/wp\/v2\/media\/81245"}],"wp:attachment":[{"href":"https:\/\/www.europesays.com\/lv\/wp-json\/wp\/v2\/media?parent=81244"}],"wp:term":[{"taxonomy":"category","embeddable":true,"href":"https:\/\/www.europesays.com\/lv\/wp-json\/wp\/v2\/categories?post=81244"},{"taxonomy":"post_tag","embeddable":true,"href":"https:\/\/www.europesays.com\/lv\/wp-json\/wp\/v2\/tags?post=81244"}],"curies":[{"name":"wp","href":"https:\/\/api.w.org\/{rel}","templated":true}]}}