{"id":81249,"date":"2025-12-20T18:23:10","date_gmt":"2025-12-20T18:23:10","guid":{"rendered":"https:\/\/www.europesays.com\/lv\/81249\/"},"modified":"2025-12-20T18:23:10","modified_gmt":"2025-12-20T18:23:10","slug":"bartasevica-atstadinasanu-no-amata-par-tiesisku-atzist-ari-apgabaltiesa","status":"publish","type":"post","link":"https:\/\/www.europesays.com\/lv\/81249\/","title":{"rendered":"Barta\u0161evi\u010da atst\u0101din\u0101\u0161anu no amata par tiesisku atz\u012bst ar\u012b apgabaltiesa"},"content":{"rendered":"<p>R\u0113zeknes pa\u0161vald\u012bbas 2023. gada bud\u017eeta izstr\u0101d\u0113 tika pie\u013cauti vair\u0101ki p\u0101rk\u0101pumi, tika secin\u0101ts Valsts kontroles (VK) veiktaj\u0101 rev\u012bzij\u0101, kur\u0101 v\u0113rt\u0113ts, vai R\u0113zeknes pa\u0161vald\u012bbas r\u012bc\u012bba bud\u017eeta un finan\u0161u vad\u012bb\u0101 ir atbilsto\u0161a regul\u0113jumam. Rev\u012bzij\u0101 VK sniedza negat\u012bvu atzinumu, k\u0101 galvenos iemeslus nor\u0101dot nepietiekamu eso\u0161\u0101s situ\u0101cijas izv\u0113rt\u0113jumu, pa\u013cau\u0161anos uz finans\u0113juma pieejam\u012bbu un bud\u017eeta vad\u012bbas un gr\u0101matved\u012bbas uzskaites procesa sadrumstalot\u012bbu.<\/p>\n<p>Rev\u012bzij\u0101 tika konstat\u0113ts, ka, neraugoties uz pieejamo inform\u0101ciju par bud\u017eeta l\u012bdzek\u013cu iztr\u016bkumu vair\u0101k\u0101s poz\u012bcij\u0101s, bud\u017eeta izdevumu kontrolskaitlis, kas tika noteikts 2022. gada l\u012bmen\u012b, tika samazin\u0101ts v\u0113l par 8%.<\/p>\n<p>Rezult\u0101t\u0101 2023. gada bud\u017eets tika virz\u012bts un apstiprin\u0101ts bez izdevumiem un resursiem to seg\u0161anai vismaz trim m\u0113ne\u0161iem jeb neiepl\u0101nojot vismaz 8,68 miljonus eiro.<\/p>\n<p>Rev\u012bzij\u0101 konstat\u0113ti ar\u012b b\u016btiski tr\u016bkumi bud\u017eeta izpildes un kontroles proces\u0101, tostarp bud\u017eeta groz\u012bjumu sagatavo\u0161an\u0101 un apstiprin\u0101\u0161an\u0101. Piem\u0113ram, lai gan Finan\u0161u ministrij\u0101 vair\u0101kk\u0101rt nor\u0101d\u012bja, ka jaunus aiz\u0146\u0113mumus sa\u0146emt nav iesp\u0113jams, k\u0101 ar\u012b Centr\u0101l\u0101 finan\u0161u un l\u012bgumu a\u0123ent\u016bra vair\u0101kiem Eiropas Savien\u012bbas strukt\u016brfondu finans\u0113tajiem projektiem \u0161ogad aptur\u0113jusi vismaz tr\u012bs miljonus eiro, ne Bud\u017eeta vad\u012bbas grupa, ne Finan\u0161u komiteja, ne dome bud\u017eetu attiec\u012bgi nekori\u0123\u0113ja par iepriek\u0161 pl\u0101notajiem, bet nesa\u0146emtajiem aiz\u0146\u0113mumiem 7,77 miljonu eiro apm\u0113r\u0101. Rezult\u0101t\u0101 nav nor\u0101d\u012bta re\u0101l\u0101 situ\u0101cija par finan\u0161u l\u012bdzek\u013cu iztr\u016bkumu.<\/p>\n<p>P\u0101rs\u016bdzot vied\u0101s administr\u0101cijas un re\u0123ion\u0101l\u0101s att\u012bst\u012bbas ministra 2023. gada 2. novembra r\u012bkojumu, Barta\u0161evi\u010ds l\u016bdza tiesu v\u0113rt\u0113t, vai pamatoti konstat\u0113ta vi\u0146a atbild\u012bba par domes kolekt\u012bvajiem l\u0113mumiem, kas esot tiku\u0161i pie\u0146emti, deput\u0101tiem pau\u017eot politisko gribu.<\/p>\n<p>T\u0101pat vi\u0146\u0161 apstr\u012bd\u0113ja ministra secin\u0101jumus, ka R\u0113zeknes dome un t\u0101s priek\u0161s\u0113d\u0113t\u0101js p\u0101rk\u0101pa ties\u012bbu normas, neiepl\u0101nojot pa\u0161vald\u012bbas 2023. gada bud\u017eet\u0101 nepiecie\u0161amos izdevumus, bez finansi\u0101la seguma \u012bstenojot pa\u0161vald\u012bbas projektus, nesniedzot ministrijai inform\u0101ciju.<\/p>\n<p>Barta\u0161evi\u010ds R\u0113zeknes dom\u0113 atkal iev\u0113l\u0113ts 7. j\u016bnij\u0101 notiku\u0161aj\u0101s pa\u0161vald\u012bbu v\u0113l\u0113\u0161an\u0101s, bet v\u0113l\u0101k atk\u0101rtoti iev\u0113l\u0113ts par m\u0113ru.<\/p>\n","protected":false},"excerpt":{"rendered":"R\u0113zeknes pa\u0161vald\u012bbas 2023. gada bud\u017eeta izstr\u0101d\u0113 tika pie\u013cauti vair\u0101ki p\u0101rk\u0101pumi, tika secin\u0101ts Valsts kontroles (VK) veiktaj\u0101 rev\u012bzij\u0101, kur\u0101&hellip;\n","protected":false},"author":2,"featured_media":81250,"comment_status":"","ping_status":"","sticky":false,"template":"","format":"standard","meta":{"footnotes":""},"categories":[12],"tags":[23,19894,28,29,32,33,22,30,31,35,39,38,36,37,34,40,20,26,27,167,375,24,25,21],"class_list":{"0":"post-81249","1":"post","2":"type-post","3":"status-publish","4":"format-standard","5":"has-post-thumbnail","7":"category-latvija","8":"tag-aktualitates","9":"tag-aleksandrs-bartasevics","10":"tag-breaking-news","11":"tag-breakingnews","12":"tag-featured-news","13":"tag-featurednews","14":"tag-headlines","15":"tag-latest-news","16":"tag-latestnews","17":"tag-latvia","18":"tag-latvian","19":"tag-latviesu","20":"tag-latviesu-valoda","21":"tag-latviesuvaloda","22":"tag-latvija","23":"tag-lv","24":"tag-news","25":"tag-popularakas-zinas","26":"tag-popularakaszinas","27":"tag-rezekne","28":"tag-tiesa","29":"tag-top-stories","30":"tag-topstories","31":"tag-zinas"},"share_on_mastodon":{"url":"https:\/\/pubeurope.com\/@lv\/115753294466598574","error":""},"_links":{"self":[{"href":"https:\/\/www.europesays.com\/lv\/wp-json\/wp\/v2\/posts\/81249","targetHints":{"allow":["GET"]}}],"collection":[{"href":"https:\/\/www.europesays.com\/lv\/wp-json\/wp\/v2\/posts"}],"about":[{"href":"https:\/\/www.europesays.com\/lv\/wp-json\/wp\/v2\/types\/post"}],"author":[{"embeddable":true,"href":"https:\/\/www.europesays.com\/lv\/wp-json\/wp\/v2\/users\/2"}],"replies":[{"embeddable":true,"href":"https:\/\/www.europesays.com\/lv\/wp-json\/wp\/v2\/comments?post=81249"}],"version-history":[{"count":0,"href":"https:\/\/www.europesays.com\/lv\/wp-json\/wp\/v2\/posts\/81249\/revisions"}],"wp:featuredmedia":[{"embeddable":true,"href":"https:\/\/www.europesays.com\/lv\/wp-json\/wp\/v2\/media\/81250"}],"wp:attachment":[{"href":"https:\/\/www.europesays.com\/lv\/wp-json\/wp\/v2\/media?parent=81249"}],"wp:term":[{"taxonomy":"category","embeddable":true,"href":"https:\/\/www.europesays.com\/lv\/wp-json\/wp\/v2\/categories?post=81249"},{"taxonomy":"post_tag","embeddable":true,"href":"https:\/\/www.europesays.com\/lv\/wp-json\/wp\/v2\/tags?post=81249"}],"curies":[{"name":"wp","href":"https:\/\/api.w.org\/{rel}","templated":true}]}}