{"id":81255,"date":"2025-12-20T18:28:21","date_gmt":"2025-12-20T18:28:21","guid":{"rendered":"https:\/\/www.europesays.com\/lv\/81255\/"},"modified":"2025-12-20T18:28:21","modified_gmt":"2025-12-20T18:28:21","slug":"spanija-sak-veidot-klimata-patverumu-tiklu-jo-karstuma-vilni-klust-par-jauno-normu-lente-lv","status":"publish","type":"post","link":"https:\/\/www.europesays.com\/lv\/81255\/","title":{"rendered":"Sp\u0101nija s\u0101k veidot klimata patv\u0113rumu t\u012bklu, jo karstuma vi\u013c\u0146i k\u013c\u016bst par &#8220;jauno normu&#8221;\u00a0\u2014\u00a0Lente.lv"},"content":{"rendered":"<p>Sp\u0101nija izveido valsts m\u0113roga klimata patv\u0113rumu t\u012bklu, saskaroties ar nepieredz\u0113tu karstumu<\/p>\n<p>K\u0101 inform\u0113 telekan\u0101ls EuroNews, Sp\u0101nijas vald\u012bba akt\u012bvi gatavojas vasaras karstuma vilniem, izsludinot jaunu iniciat\u012bvu \u2013 valsts m\u0113roga klimata patv\u0113rumu t\u012bkla izveidi. \u0160is pas\u0101kums ir atbilde uz arvien bie\u017e\u0101kajiem un intens\u012bvajiem karstuma periodiem, kas p\u0113d\u0113jos gados k\u013cuvu\u0161i par b\u0113d\u012bgu realit\u0101ti. Saska\u0146\u0101 ar premjerministra Pedro San\u010desa pazi\u0146ojumu, vair\u0101kas vald\u012bbas \u0113kas tiks p\u0101rveidotas par dro\u0161\u0101m viet\u0101m, kur iedz\u012bvot\u0101ji var\u0113s rast atspirdzin\u0101jumu no posto\u0161\u0101 karstuma. \u0160is t\u012bkls ietvers ar\u012b jau eso\u0161\u0101s iniciat\u012bvas, piem\u0113ram, Barselon\u0101 un Basku zem\u0113.<\/p>\n<p>Karstuma vi\u013c\u0146i \u2013 jaun\u0101 realit\u0101te Sp\u0101nij\u0101<\/p>\n<p>Sp\u0101nijas premjerministrs Pedro San\u010dess tre\u0161dienas konferenc\u0113 iepaz\u012bstin\u0101ja ar pla\u0161u pl\u0101nu, kas ietver 80 iniciat\u012bvas, lai risin\u0101tu klimata p\u0101rmai\u0146u rad\u012bt\u0101s sekas. \u0160ie pas\u0101kumi aptver da\u017e\u0101das jomas, tostarp pl\u016bdus, me\u017ea ugunsgr\u0113kus, dezinform\u0101ciju par klimata p\u0101rmai\u0146\u0101m un, protams, pieaugo\u0161\u0101s temperat\u016bras. San\u010dess uzsv\u0113ra, ka posto\u0161\u0101s sausuma periodi un karstuma vi\u013c\u0146i vairs nav retums, un daudzos vasaras m\u0113ne\u0161os tie p\u0101raug vien\u0101 nep\u0101rtraukt\u0101 karstuma viln\u012b, kas stiepjas no j\u016bnija l\u012bdz augustam. <\/p>\n<blockquote><p>\u201e\u0160\u012b ir jaun\u0101 norma,\u201d vi\u0146\u0161 atzina.<\/p><\/blockquote>\n<p>Dati neliek vilties: rekordsilts 2025. gads un past\u0101v\u012bga temperat\u016bras cel\u0161an\u0101s<\/p>\n<p>2025. gad\u0101 Sp\u0101nija piedz\u012bvoja savu visu laiku karst\u0101ko vasaru. Valsts meteorolo\u0123isk\u0101 a\u0123ent\u016bra (AEMET) zi\u0146o, ka august\u0101 fiks\u0113tais 16 dienu karstuma vilnis sasniedza vair\u0101k nek\u0101 45\u00b0C. Vid\u0113j\u0101 temperat\u016bra Sp\u0101nij\u0101 ir paaugusies par 1,69\u00b0C laika posm\u0101 no 1961. l\u012bdz 2024. gadam, k\u0101 rezult\u0101t\u0101 virs normas eso\u0161as temperat\u016bras epizodes notiek bie\u017e\u0101k. Zin\u0101tnieki no Starptautisk\u0101s klimata p\u0101rmai\u0146u darba grupas (IPCC) ir apstiprin\u0101ju\u0161i, ka tie\u0161i klimata p\u0101rmai\u0146as ir galvenais faktors, kas veicina \u0161o temperat\u016bras pieaugumu un \u0101rk\u0101rt\u0113ju karstuma notikumu bie\u017eumu vis\u0101 pasaul\u0113.<\/p>\n<p>Klimata patv\u0113rumu t\u012bkla uzb\u016bve un to noz\u012bme pils\u0113t\u0101s<\/p>\n<p>Jaunie klimata patv\u0113rumi nodro\u0161in\u0101s dro\u0161as un atv\u0113sin\u0101tas telpas cilv\u0113kiem vis\u0101 valst\u012b n\u0101kamaj\u0101 vasar\u0101. \u0160\u012bs iniciat\u012bvas \u012bpa\u0161i svar\u012bgas ir pils\u0113tu teritorij\u0101s, kur nov\u0113rojams sp\u0113c\u012bg\u0101ks \u201esiltuma salas efekts\u201d. Datu zin\u0101tnieks Manuels Banza skaidro, ka pils\u0113t\u0101s bie\u017ei vien ir bl\u012bva apb\u016bve un liels daudzums asfalta, kas absorb\u0113 saules siltumu. Rezult\u0101t\u0101 pat vakar\u0101, kad tie\u0161as saules nav, temperat\u016bra var saglab\u0101ties \u013coti augsta. Lai pal\u012bdz\u0113tu visneaizsarg\u0101t\u0101kajiem iedz\u012bvot\u0101jiem, vald\u012bba paredz pie\u0161\u0137irt l\u012bdzek\u013cus ar\u012b re\u0123ioniem, kas to visvair\u0101k nepiecie\u0161ami.<\/p>\n<p>Re\u0123ion\u0101lie paraugi un cilv\u0113ku dz\u012bv\u012bbu gl\u0101b\u0161ana<\/p>\n<p>\u0160is nacion\u0101lais t\u012bkls balst\u012bsies uz jau eso\u0161ajiem re\u0123ion\u0101lajiem sh\u0113mu paraugiem, tostarp Katalonij\u0101, Basku zem\u0113 un Mursij\u0101. Barselon\u0101, Katalonijas galvaspils\u0113t\u0101, jau darbojas aptuveni 400 klimata patv\u0113rumu publisk\u0101s \u0113k\u0101s, piem\u0113ram, bibliot\u0113k\u0101s, muzejos, sporta centros un lielveikalos. \u0160\u012bs gaisa kondicion\u0113t\u0101s telpas, kur\u0101s parasti ir pieejami s\u0113dvietas un bezmaksas \u016bdens, ir izveidotas k\u0101 gl\u0101b\u0161anas salu salas karstuma laik\u0101, \u012bpa\u0161i vec\u0101ka gadag\u0101juma cilv\u0113kiem, z\u012bdai\u0146iem, cilv\u0113kiem ar vesel\u012bbas probl\u0113m\u0101m un tiem, kuriem m\u0101j\u0101s nav pietiekamu iesp\u0113ju pasarg\u0101t sevi no karstuma.<\/p>\n<p>Satrieco\u0161i statistikas dati par karstuma izrais\u012btaj\u0101m n\u0101v\u0113m<\/p>\n<p>Saska\u0146\u0101 ar Sp\u0101nijas ikdienas mirst\u012bbas uzraudz\u012bbas sist\u0113mas (MoMo) datiem, laika posm\u0101 no 2015. l\u012bdz 2023. gadam karstuma d\u0113\u013c miru\u0161i vair\u0101k nek\u0101 21 700 cilv\u0113ku, no kuriem vairums bija vec\u0101ki par 65 gadiem. \u0160ovasar re\u0123istr\u0113ti vair\u0101k nek\u0101 3 800 ar karstumu saist\u012btu n\u0101ves gad\u012bjumu, kas ir par 88% vair\u0101k nek\u0101 2024. gad\u0101, liecina Vesel\u012bbas ministrijas apl\u0113ses. \u0160ie satrauco\u0161ie skait\u013ci v\u0113lreiz apliecina nepiecie\u0161am\u012bbu p\u0113c \u0161\u0101d\u0101m koordin\u0113t\u0101m un proakt\u012bv\u0101m valsts m\u0113roga iniciat\u012bv\u0101m.<\/p>\n","protected":false},"excerpt":{"rendered":"Sp\u0101nija izveido valsts m\u0113roga klimata patv\u0113rumu t\u012bklu, saskaroties ar nepieredz\u0113tu karstumu K\u0101 inform\u0113 telekan\u0101ls EuroNews, Sp\u0101nijas vald\u012bba akt\u012bvi&hellip;\n","protected":false},"author":2,"featured_media":81256,"comment_status":"","ping_status":"","sticky":false,"template":"","format":"standard","meta":{"footnotes":""},"categories":[14],"tags":[23,57,28,29,32,33,22,20418,3761,20419,30,31,35,39,38,36,37,34,40,20,26,27,1670,24,25,181,54,55,56,21,58],"class_list":{"0":"post-81255","1":"post","2":"type-post","3":"status-publish","4":"format-standard","5":"has-post-thumbnail","7":"category-zinas-no-arvalstim","8":"tag-aktualitates","9":"tag-arvalstim","10":"tag-breaking-news","11":"tag-breakingnews","12":"tag-featured-news","13":"tag-featurednews","14":"tag-headlines","15":"tag-karstuma-vilni","16":"tag-klimata-parmainas","17":"tag-klimata-patverumi","18":"tag-latest-news","19":"tag-latestnews","20":"tag-latvia","21":"tag-latvian","22":"tag-latviesu","23":"tag-latviesu-valoda","24":"tag-latviesuvaloda","25":"tag-latvija","26":"tag-lv","27":"tag-news","28":"tag-popularakas-zinas","29":"tag-popularakaszinas","30":"tag-spanija","31":"tag-top-stories","32":"tag-topstories","33":"tag-veseliba","34":"tag-world","35":"tag-world-news","36":"tag-worldnews","37":"tag-zinas","38":"tag-zinas-no-arvalstim"},"share_on_mastodon":{"url":"https:\/\/pubeurope.com\/@lv\/115753314116620297","error":""},"_links":{"self":[{"href":"https:\/\/www.europesays.com\/lv\/wp-json\/wp\/v2\/posts\/81255","targetHints":{"allow":["GET"]}}],"collection":[{"href":"https:\/\/www.europesays.com\/lv\/wp-json\/wp\/v2\/posts"}],"about":[{"href":"https:\/\/www.europesays.com\/lv\/wp-json\/wp\/v2\/types\/post"}],"author":[{"embeddable":true,"href":"https:\/\/www.europesays.com\/lv\/wp-json\/wp\/v2\/users\/2"}],"replies":[{"embeddable":true,"href":"https:\/\/www.europesays.com\/lv\/wp-json\/wp\/v2\/comments?post=81255"}],"version-history":[{"count":0,"href":"https:\/\/www.europesays.com\/lv\/wp-json\/wp\/v2\/posts\/81255\/revisions"}],"wp:featuredmedia":[{"embeddable":true,"href":"https:\/\/www.europesays.com\/lv\/wp-json\/wp\/v2\/media\/81256"}],"wp:attachment":[{"href":"https:\/\/www.europesays.com\/lv\/wp-json\/wp\/v2\/media?parent=81255"}],"wp:term":[{"taxonomy":"category","embeddable":true,"href":"https:\/\/www.europesays.com\/lv\/wp-json\/wp\/v2\/categories?post=81255"},{"taxonomy":"post_tag","embeddable":true,"href":"https:\/\/www.europesays.com\/lv\/wp-json\/wp\/v2\/tags?post=81255"}],"curies":[{"name":"wp","href":"https:\/\/api.w.org\/{rel}","templated":true}]}}