{"id":81263,"date":"2025-12-20T18:46:21","date_gmt":"2025-12-20T18:46:21","guid":{"rendered":"https:\/\/www.europesays.com\/lv\/81263\/"},"modified":"2025-12-20T18:46:21","modified_gmt":"2025-12-20T18:46:21","slug":"budanovs-eiropai-jabut-gatavai-krievijas-iebrukumam-2027-gada-galvenais-virziens-bus-baltijas-valstis","status":"publish","type":"post","link":"https:\/\/www.europesays.com\/lv\/81263\/","title":{"rendered":"Budanovs: Eiropai j\u0101b\u016bt gatavai Krievijas iebrukumam 2027. gad\u0101 \u2013 galvenais virziens b\u016bs Baltijas valstis"},"content":{"rendered":"<p>Budanovs piebilda, ka galvenais Krievijas agresijas virziens b\u016bs Baltijas valstis. Vi\u0146\u0161 paskaidroja, ka iemesli sl\u0113pjas krievu pasaules redz\u0113jum\u0101, jo, lai imp\u0113rija att\u012bst\u012btos, tai nep\u0101rtraukti nepiecie\u0161ams papla\u0161in\u0101t savu ietekmi un teritoriju, un tas, p\u0113c Krievijas uzskata, ir vien\u012bgais \u201cdro\u0161ais\u201d virziens.<\/p>\n<p>\u201cZieme\u013cos \u2013 tikai Zieme\u013cu Ledus oke\u0101ns un t\u0101l\u0101k apk\u0101rt \u2013 Amerika. Nav variants, jo tas b\u016bs s\u0101p\u012bgi. Austrumos \u2013 Klusais oke\u0101ns un atkal Amerika. T\u0101 pati atbilde. Dienvidos \u2013 \u0136\u012bna, tas visp\u0101r b\u016bs katastrof\u0101li \u2013 sauszemes robe\u017ea, b\u016bs t\u0101di pa\u0161i apst\u0101k\u013ci k\u0101 mums kar\u0101 ar Krieviju, tikai vi\u0146iem. Vien\u012bgais, kas paliek, ir Rietumi, kas vi\u0146u izpratn\u0113, piedodiet par frazeolo\u0123ismu, ir \u201cnovecoju\u0161i\u201d, \u201cslimi\u201d, \u201cv\u0101ji\u201d un \u201cneizl\u0113m\u012bgi\u201d,\u201d teica Budanovs.<\/p>\n<p>P\u0113c vi\u0146a inform\u0101cijas, Krievija pl\u0101no okup\u0113t Baltijas valstis, savuk\u0101rt Polija tiek apsv\u0113rta tikai triecieniem, milit\u0101rai kampa\u0146ai bez sagr\u0101b\u0161anas.<\/p>\n<p class=\"tv3-fw-500\">Zi\u0146o par k\u013c\u016bdu rakst\u0101<\/p>\n<p class=\"d-md-block d-none\">Iez\u012bm\u0113 k\u013c\u016bdaino tekstu un spied Ctrl+Enter.<\/p>\n<p class=\"d-md-none d-block\">Iez\u012bm\u0113 k\u013c\u016bdaino tekstu un zi\u0146o par to!<\/p>\n","protected":false},"excerpt":{"rendered":"Budanovs piebilda, ka galvenais Krievijas agresijas virziens b\u016bs Baltijas valstis. Vi\u0146\u0161 paskaidroja, ka iemesli sl\u0113pjas krievu pasaules redz\u0113jum\u0101,&hellip;\n","protected":false},"author":2,"featured_media":81264,"comment_status":"","ping_status":"","sticky":false,"template":"","format":"standard","meta":{"footnotes":""},"categories":[14],"tags":[23,57,28,29,32,33,22,3354,30,31,35,39,38,36,37,34,40,20,26,27,24,25,54,55,56,21,58],"class_list":{"0":"post-81263","1":"post","2":"type-post","3":"status-publish","4":"format-standard","5":"has-post-thumbnail","7":"category-zinas-no-arvalstim","8":"tag-aktualitates","9":"tag-arvalstim","10":"tag-breaking-news","11":"tag-breakingnews","12":"tag-featured-news","13":"tag-featurednews","14":"tag-headlines","15":"tag-kars-ukraina","16":"tag-latest-news","17":"tag-latestnews","18":"tag-latvia","19":"tag-latvian","20":"tag-latviesu","21":"tag-latviesu-valoda","22":"tag-latviesuvaloda","23":"tag-latvija","24":"tag-lv","25":"tag-news","26":"tag-popularakas-zinas","27":"tag-popularakaszinas","28":"tag-top-stories","29":"tag-topstories","30":"tag-world","31":"tag-world-news","32":"tag-worldnews","33":"tag-zinas","34":"tag-zinas-no-arvalstim"},"share_on_mastodon":{"url":"https:\/\/pubeurope.com\/@lv\/115753384992648099","error":""},"_links":{"self":[{"href":"https:\/\/www.europesays.com\/lv\/wp-json\/wp\/v2\/posts\/81263","targetHints":{"allow":["GET"]}}],"collection":[{"href":"https:\/\/www.europesays.com\/lv\/wp-json\/wp\/v2\/posts"}],"about":[{"href":"https:\/\/www.europesays.com\/lv\/wp-json\/wp\/v2\/types\/post"}],"author":[{"embeddable":true,"href":"https:\/\/www.europesays.com\/lv\/wp-json\/wp\/v2\/users\/2"}],"replies":[{"embeddable":true,"href":"https:\/\/www.europesays.com\/lv\/wp-json\/wp\/v2\/comments?post=81263"}],"version-history":[{"count":0,"href":"https:\/\/www.europesays.com\/lv\/wp-json\/wp\/v2\/posts\/81263\/revisions"}],"wp:featuredmedia":[{"embeddable":true,"href":"https:\/\/www.europesays.com\/lv\/wp-json\/wp\/v2\/media\/81264"}],"wp:attachment":[{"href":"https:\/\/www.europesays.com\/lv\/wp-json\/wp\/v2\/media?parent=81263"}],"wp:term":[{"taxonomy":"category","embeddable":true,"href":"https:\/\/www.europesays.com\/lv\/wp-json\/wp\/v2\/categories?post=81263"},{"taxonomy":"post_tag","embeddable":true,"href":"https:\/\/www.europesays.com\/lv\/wp-json\/wp\/v2\/tags?post=81263"}],"curies":[{"name":"wp","href":"https:\/\/api.w.org\/{rel}","templated":true}]}}