{"id":81265,"date":"2025-12-20T18:47:09","date_gmt":"2025-12-20T18:47:09","guid":{"rendered":"https:\/\/www.europesays.com\/lv\/81265\/"},"modified":"2025-12-20T18:47:09","modified_gmt":"2025-12-20T18:47:09","slug":"jauno-gadu-riga-sagaidis-ar-verienu-nosauktas-galvenas-ballisu-vietas-jauns-lv","status":"publish","type":"post","link":"https:\/\/www.europesays.com\/lv\/81265\/","title":{"rendered":"Jauno gadu R\u012bg\u0101 sagaid\u012bs ar v\u0113rienu! Nosauktas galven\u0101s ball\u012b\u0161u vietas &#8211; Jauns.lv"},"content":{"rendered":"<ol>\n<li><a href=\"https:\/\/news.google.com\/rss\/articles\/CBMiqgFBVV95cUxPTVEtcFhFdm16LU1sRTh0eWxUSWd3N1VVbHpIc3JxXzBBN05DQzhRQ0lNWGR6TEZCS1p3djZHMC1qVFVjQVRvR0FxUkdrOGVOSEdpV1ZtX2I0VXJuRzRaNDNmMmtmb05YLTFnXzJkTVN2QzRVYnNwbV8yN2JRSVhHWkt6VnFTNzhFT0NIODVXQkZyZFZDQV9FLUVnVWVoOUVpaGNsYzBGdmFRUQ?oc=5\" target=\"_blank\" rel=\"nofollow noopener\">Jauno gadu R\u012bg\u0101 sagaid\u012bs ar v\u0113rienu! Nosauktas galven\u0101s ball\u012b\u0161u vietas<\/a>&nbsp;&nbsp;Jauns.lv<\/li>\n<li><a href=\"https:\/\/news.google.com\/rss\/articles\/CBMinAFBVV95cUxNVkw1TFJnUWhZSEZHYkVhRjNhLUFWLWp0d0VNTFhrUXNweEpKVkNuc2JoRm5TekRUQnpQNjFHajZjVTBOZERHVlJpSDVPMExqTFN4ZDJsV3JPSkRqNnVGbW9YQzVhSWV6MXBWdUxZWklNQURwX2dBZUFXZUF5TnhPcm04RkQ0ZEJwbDFCVTQ4Q3l2ekVtLVl5eXNXSS0?oc=5\" target=\"_blank\" rel=\"nofollow noopener\">R\u012bg\u0101 gaid\u0101mas pla\u0161as Jaungada svin\u012bbas se\u0161\u0101s norises viet\u0101s<\/a>&nbsp;&nbsp;Jauns.lv<\/li>\n<li><a href=\"https:\/\/news.google.com\/rss\/articles\/CBMitgFBVV95cUxQWU0zNGpvZ21sV2Jyb19CUkk4dzlhTGo2cGFnYzFSLU03NVg5NTRPNnVsdHNTMW1JQ3ZDNjVhUUNFWE0xSW4xeGU3bjFrMVdBbW44SW1WQVVxNVNOa0hJWXR2dWt1SGlNRkFGTVNPcVlfelNhU09JNV9mMGVtbXZGVjZjYnV6SzAtTzlyLVE5M3VzRWNHekdiY3ZQdHdONngwYWd0Mlh0NzJqb083TTJMek95OFlYdw?oc=5\" target=\"_blank\" rel=\"nofollow noopener\">R\u012bga aicina sagaid\u012bt 2026. gadu se\u0161os kr\u0101\u0161\u0146os sv\u0113tku laukumos<\/a>&nbsp;&nbsp;Lente.lv<\/li>\n<li><a href=\"https:\/\/news.google.com\/rss\/articles\/CBMiiAFBVV95cUxNUm53U1o0OU83MHdtNHRHU0theW1PcV9ocS1hSUM2blBqSlNNcHg3SnB1SklqNHR6UlRkOVE5ZXZiRzQyTkhyQ2Y5bTFxSzhoSU1PMVV0SUhlZkJnRS1ZSnl2Yldrd0dxQ3ZWT09qb2F4Wk05YkZzOWVGcEtUd2JVbXd2bWFPSDVo?oc=5\" target=\"_blank\" rel=\"nofollow noopener\">Kur R\u012bg\u0101 sagaid\u012bt Jauno gadu ar bezmaksas ball\u012bti?<\/a>&nbsp;&nbsp;1188.lv<\/li>\n<li><a href=\"https:\/\/news.google.com\/rss\/articles\/CBMi0gFBVV95cUxQNWVnc0gzRG81eFN6WElNNGgtQ1AySGV1dGhtUERoVHRwbXduQjZqRTNOMEFwdGUyeVhObU4xR3pRTE1hWFkzR2hqeFFZNG4wWEgyTXRIOUpHM3pkM3VWYjNSUnRxODM4WWV2TkZLb0U5VF9KcmlPMnI1dTVTakhZR1g0Y0VkTTE5TUs1a0R1eV82RXp2bTV0VnhvbHhlOWhudnh6d3I1SDVSaEE5QXBGQ1otWVVITDhmUUd4QWc5Mk4xZDZOOV9VMVhBcXRUTEtOQ3c?oc=5\" target=\"_blank\" rel=\"nofollow noopener\">R\u012bg\u0101 Jaungada Sagaid\u012b\u0161ana: 2025. Gadu Sveiks Mirdzo\u0161\u0101 Ball\u012bt\u0113 Se\u0161os Sv\u0113tku Laukumos<\/a>&nbsp;&nbsp;Lente.lv<\/li>\n<\/ol>\n","protected":false},"excerpt":{"rendered":"Jauno gadu R\u012bg\u0101 sagaid\u012bs ar v\u0113rienu! Nosauktas galven\u0101s ball\u012b\u0161u vietas&nbsp;&nbsp;Jauns.lv R\u012bg\u0101 gaid\u0101mas pla\u0161as Jaungada svin\u012bbas se\u0161\u0101s norises viet\u0101s&nbsp;&nbsp;Jauns.lv&hellip;\n","protected":false},"author":2,"featured_media":81266,"comment_status":"","ping_status":"","sticky":false,"template":"","format":"standard","meta":{"footnotes":""},"categories":[12],"tags":[23,28,29,32,33,22,30,31,35,39,38,36,37,34,40,20,26,27,24,25,21],"class_list":{"0":"post-81265","1":"post","2":"type-post","3":"status-publish","4":"format-standard","5":"has-post-thumbnail","7":"category-latvija","8":"tag-aktualitates","9":"tag-breaking-news","10":"tag-breakingnews","11":"tag-featured-news","12":"tag-featurednews","13":"tag-headlines","14":"tag-latest-news","15":"tag-latestnews","16":"tag-latvia","17":"tag-latvian","18":"tag-latviesu","19":"tag-latviesu-valoda","20":"tag-latviesuvaloda","21":"tag-latvija","22":"tag-lv","23":"tag-news","24":"tag-popularakas-zinas","25":"tag-popularakaszinas","26":"tag-top-stories","27":"tag-topstories","28":"tag-zinas"},"share_on_mastodon":{"url":"https:\/\/pubeurope.com\/@lv\/115753388826239366","error":""},"_links":{"self":[{"href":"https:\/\/www.europesays.com\/lv\/wp-json\/wp\/v2\/posts\/81265","targetHints":{"allow":["GET"]}}],"collection":[{"href":"https:\/\/www.europesays.com\/lv\/wp-json\/wp\/v2\/posts"}],"about":[{"href":"https:\/\/www.europesays.com\/lv\/wp-json\/wp\/v2\/types\/post"}],"author":[{"embeddable":true,"href":"https:\/\/www.europesays.com\/lv\/wp-json\/wp\/v2\/users\/2"}],"replies":[{"embeddable":true,"href":"https:\/\/www.europesays.com\/lv\/wp-json\/wp\/v2\/comments?post=81265"}],"version-history":[{"count":0,"href":"https:\/\/www.europesays.com\/lv\/wp-json\/wp\/v2\/posts\/81265\/revisions"}],"wp:featuredmedia":[{"embeddable":true,"href":"https:\/\/www.europesays.com\/lv\/wp-json\/wp\/v2\/media\/81266"}],"wp:attachment":[{"href":"https:\/\/www.europesays.com\/lv\/wp-json\/wp\/v2\/media?parent=81265"}],"wp:term":[{"taxonomy":"category","embeddable":true,"href":"https:\/\/www.europesays.com\/lv\/wp-json\/wp\/v2\/categories?post=81265"},{"taxonomy":"post_tag","embeddable":true,"href":"https:\/\/www.europesays.com\/lv\/wp-json\/wp\/v2\/tags?post=81265"}],"curies":[{"name":"wp","href":"https:\/\/api.w.org\/{rel}","templated":true}]}}