{"id":81267,"date":"2025-12-20T18:52:08","date_gmt":"2025-12-20T18:52:08","guid":{"rendered":"https:\/\/www.europesays.com\/lv\/81267\/"},"modified":"2025-12-20T18:52:08","modified_gmt":"2025-12-20T18:52:08","slug":"lula-aicina-es-izradit-politisko-drosmi-mercosur-tirdzniecibas-liguma-noslegsanai-lente-lv","status":"publish","type":"post","link":"https:\/\/www.europesays.com\/lv\/81267\/","title":{"rendered":"Lula aicina ES izr\u0101d\u012bt \u201cpolitisko drosmi\u201d Mercosur tirdzniec\u012bbas l\u012bguma nosl\u0113g\u0161anai\u00a0\u2014\u00a0Lente.lv"},"content":{"rendered":"<p>Apsprie\u0161ana aizkav\u0113jas, neraugoties uz cer\u012bb\u0101m<\/p>\n<p>Braz\u012blijas prezidents Luiss Inasiu Lula da Silva paudis cer\u012bbu, ka apjom\u012bgais br\u012bv\u0101s tirdzniec\u012bbas nol\u012bgums starp Dienvidamerikas bloku Mercosur un Eiropas Savien\u012bbu tiks parakst\u012bts janv\u0101r\u012b. K\u0101 inform\u0113 telekan\u0101ls EuroNews, \u0161\u012b cer\u012bba n\u0101k p\u0113c tam, kad Brisel\u0113 tika nolemts atlikt vieno\u0161an\u0101s nosl\u0113g\u0161anu, kas b\u016btu rad\u012bjusi liel\u0101ko br\u012bv\u0101s tirdzniec\u012bbas zonu pasaul\u0113. Augsta ranga ES amatpersonas s\u0101kotn\u0113ji cer\u0113ja parakst\u012bt ES\u2013Mercosur nol\u012bgumu Braz\u012blij\u0101 \u0161aj\u0101 ned\u0113\u013cas nogal\u0113.<\/p>\n<p>Tom\u0113r Eiropas Komisijas prezidente Urzula fon der Leiena piektdien p\u0113c saspringtas ES samita, atzina, ka parakst\u012b\u0161ana tiks aizkav\u0113ta par \u201cv\u0113l da\u017e\u0101m ned\u0113\u013c\u0101m, lai risin\u0101tu da\u017eus jaut\u0101jumus ar dal\u012bbvalst\u012bm\u201d. Protesti, ko piektdien r\u012bkoja Eiropas lauksaimnieki, k\u0101 ar\u012b Francijas un It\u0101lijas iebildumi, draud\u0113ja izg\u0101zt vieno\u0161anos, kas tika k\u0101rtota vair\u0101k nek\u0101 26 gadus.<\/p>\n<p>Lauksaimnieku ba\u017eas un politiskais spiediens<\/p>\n<p>Lauksaimniec\u012bbas nozares p\u0101rst\u0101vji argument\u0113, ka l\u0113ta lauksaimniec\u012bbas produkcijas iepl\u016bde no Dienvidamerikas valst\u012bm, kuras vides un lauksaimniec\u012bbas standarti ir maz\u0101k stingri, rad\u012bs p\u0101r\u0101k lielu spiedienu Eiropas tirgum. Lula sestdien Foz do Igvasu pils\u0113t\u0101, kas atrodas uz robe\u017eas ar kaimi\u0146valst\u012bm Argent\u012bnu un Paragvaju, uzrun\u0101ja citus Dienvidamerikas l\u012bderus, nor\u0101dot, ka \u0161\u012b tik\u0161an\u0101s notiek tikai t\u0101p\u0113c, ka Eiropas sarunu ved\u0113ji s\u0101kotn\u0113ji bija sign\u0101lus devu\u0161i par l\u012bguma nosl\u0113g\u0161anu, kas t\u0101 ar\u012b nenotika.<\/p>\n<p>Vi\u0146\u0161 piebilda, ka aizkav\u0113\u0161an\u0101s iemesls ir It\u0101lijas premjerministres D\u017eord\u017eijas Meloni l\u016bgums p\u0113c papildu laika. Lai pan\u0101ktu vieno\u0161anos, fon der Leienai nepiecie\u0161ams vismaz divu tre\u0161da\u013cu ES valstu atbalsts. It\u0101lijas nost\u0101ja dotu Francijai pietiekami daudz balsu, lai blo\u0137\u0113tu fon der Leienas parakstu.<\/p>\n<blockquote>\n<p>\u201cBez politisk\u0101s gribas un l\u012bderu drosmes neb\u016bs iesp\u0113jams pabeigt sarunas, kas ievilku\u0161\u0101s 26 gadus,\u201d sac\u012bja Lula, kur\u0161 piektdien sarun\u0101j\u0101s pa telefonu ar Meloni kundzi un sa\u0146\u0113ma v\u0113stuli no ES vad\u012bbas ar m\u0113r\u0137i pan\u0101kt vieno\u0161anos janv\u0101r\u012b. \u201cTikm\u0113r Mercosur turpin\u0101s str\u0101d\u0101t ar citiem partneriem.\u201d<\/p>\n<\/blockquote>\n<p>Pasaules interese un Lulas atbilde oponentiem<\/p>\n<p>Braz\u012blijas prezidents uzsv\u0113ra, ka pasaule ir \u013coti ieinteres\u0113ta sl\u0113gt dar\u012bjumus ar Mercosur. \u201cDaudzas valstis to v\u0113las. Un m\u0113s noteikti var\u0113sim pabeigt tos l\u012bgumus, kas netika pabeigti mana prezidenta pilnvaru laik\u0101 (bloka prezident\u016bra beidzas decembra beig\u0101s),\u201d vi\u0146\u0161 piebilda.<\/p>\n<p>Ja nol\u012bgums tiks parakst\u012bts, tas aptvers tirgu, kur\u0101 dz\u012bvo 780 miljoni cilv\u0113ku, un ceturto da\u013cu no pasaules iek\u0161zemes kopprodukta (IKP), k\u0101 ar\u012b pak\u0101peniski nov\u0113rs\u012bs tarifus gandr\u012bz vis\u0101m pre\u010du grup\u0101m, ko tirgo starp abiem blokiem. Tirdzniec\u012bbas nol\u012bgums pal\u012bdz\u0113tu 27 ES valst\u012bm eksport\u0113t vair\u0101k transportl\u012bdzek\u013cu, ma\u0161\u012bnu, v\u012bnu un stipro alkoholisko dz\u0113rienu uz Lat\u012b\u0146ameriku. Savuk\u0101rt Eiropai tiktu atvieglota piek\u013cuve Dienvidamerikas ga\u013cai, cukuram, r\u012bsiem, medum un sojai.<\/p>\n<p>Francija ir bijusi l\u012bderpoz\u012bcij\u0101 ar opoz\u012bciju pret \u0161o dar\u012bjumu starp ES un piec\u0101m akt\u012bvaj\u0101m Mercosur valst\u012bm \u2013 Braz\u012bliju, Argent\u012bnu, Urugvaju, Paragvaju un Bol\u012bviju. Francijas prezidents Emanuels Makrons ceturtdien ES samit\u0101 pazi\u0146oja, ka ar\u012b vi\u0146\u0161 neap\u0146emas atbalst\u012bt l\u012bgumu n\u0101kamaj\u0101 m\u0113nes\u012b. Makrons atzina, ka p\u0101rrun\u0101jis ar kol\u0113\u0123iem no It\u0101lijas, Polijas, Be\u013c\u0123ijas, Austrijas un \u012arijas, tostarp, jaut\u0101jumu par atlik\u0161anu, lai risin\u0101tu lauksaimnieku ba\u017eas.<\/p>\n<p>Lula paudis p\u0101rliec\u012bbu, ka viens l\u012bderis nevar blo\u0137\u0113t vieno\u0161anos. \u201cCer\u0113sim, ka notiks lietas m\u016bsu Mercosur, multilateralisma un m\u016bsu valstu att\u012bst\u012bbas lab\u0101,\u201d rezum\u0113ja Braz\u012blijas prezidents.<\/p>\n","protected":false},"excerpt":{"rendered":"Apsprie\u0161ana aizkav\u0113jas, neraugoties uz cer\u012bb\u0101m Braz\u012blijas prezidents Luiss Inasiu Lula da Silva paudis cer\u012bbu, ka apjom\u012bgais br\u012bv\u0101s tirdzniec\u012bbas&hellip;\n","protected":false},"author":2,"featured_media":81268,"comment_status":"","ping_status":"","sticky":false,"template":"","format":"standard","meta":{"footnotes":""},"categories":[14],"tags":[23,57,28,29,20421,512,19960,32,33,22,30,31,35,39,38,36,37,34,20420,40,19950,20,26,27,24,25,54,55,56,21,58],"class_list":{"0":"post-81267","1":"post","2":"type-post","3":"status-publish","4":"format-standard","5":"has-post-thumbnail","7":"category-zinas-no-arvalstim","8":"tag-aktualitates","9":"tag-arvalstim","10":"tag-breaking-news","11":"tag-breakingnews","12":"tag-diplomatiska-aizkavesanas","13":"tag-eiropas-komisija","14":"tag-es-tirdzniecibas-ligums","15":"tag-featured-news","16":"tag-featurednews","17":"tag-headlines","18":"tag-latest-news","19":"tag-latestnews","20":"tag-latvia","21":"tag-latvian","22":"tag-latviesu","23":"tag-latviesu-valoda","24":"tag-latviesuvaloda","25":"tag-latvija","26":"tag-lula-da-silva","27":"tag-lv","28":"tag-mercosur","29":"tag-news","30":"tag-popularakas-zinas","31":"tag-popularakaszinas","32":"tag-top-stories","33":"tag-topstories","34":"tag-world","35":"tag-world-news","36":"tag-worldnews","37":"tag-zinas","38":"tag-zinas-no-arvalstim"},"share_on_mastodon":{"url":"","error":"Validation failed: Text character limit of 500 exceeded"},"_links":{"self":[{"href":"https:\/\/www.europesays.com\/lv\/wp-json\/wp\/v2\/posts\/81267","targetHints":{"allow":["GET"]}}],"collection":[{"href":"https:\/\/www.europesays.com\/lv\/wp-json\/wp\/v2\/posts"}],"about":[{"href":"https:\/\/www.europesays.com\/lv\/wp-json\/wp\/v2\/types\/post"}],"author":[{"embeddable":true,"href":"https:\/\/www.europesays.com\/lv\/wp-json\/wp\/v2\/users\/2"}],"replies":[{"embeddable":true,"href":"https:\/\/www.europesays.com\/lv\/wp-json\/wp\/v2\/comments?post=81267"}],"version-history":[{"count":0,"href":"https:\/\/www.europesays.com\/lv\/wp-json\/wp\/v2\/posts\/81267\/revisions"}],"wp:featuredmedia":[{"embeddable":true,"href":"https:\/\/www.europesays.com\/lv\/wp-json\/wp\/v2\/media\/81268"}],"wp:attachment":[{"href":"https:\/\/www.europesays.com\/lv\/wp-json\/wp\/v2\/media?parent=81267"}],"wp:term":[{"taxonomy":"category","embeddable":true,"href":"https:\/\/www.europesays.com\/lv\/wp-json\/wp\/v2\/categories?post=81267"},{"taxonomy":"post_tag","embeddable":true,"href":"https:\/\/www.europesays.com\/lv\/wp-json\/wp\/v2\/tags?post=81267"}],"curies":[{"name":"wp","href":"https:\/\/api.w.org\/{rel}","templated":true}]}}