{"id":81269,"date":"2025-12-20T18:53:07","date_gmt":"2025-12-20T18:53:07","guid":{"rendered":"https:\/\/www.europesays.com\/lv\/81269\/"},"modified":"2025-12-20T18:53:07","modified_gmt":"2025-12-20T18:53:07","slug":"gada-nogale-rinda-pie-valsts-apmaksata-psihiatra-jagaida-divus-menesus-raksts","status":"publish","type":"post","link":"https:\/\/www.europesays.com\/lv\/81269\/","title":{"rendered":"Gada nogal\u0113 rind\u0101 pie valsts apmaks\u0101ta psihiatra j\u0101gaida divus m\u0113ne\u0161us \/ Raksts"},"content":{"rendered":"<p>Gada tum\u0161\u0101kie m\u0113ne\u0161i nom\u0101c daudzus un \u0161aj\u0101 laik\u0101 pieaug to cilv\u0113ku skaits, kas v\u0113r\u0161as p\u0113c pal\u012bdz\u012bbas. Kr\u012bzes t\u0101lru\u0146u speci\u0101listi ir vienl\u012bdz noslogoti visu gadu, ta\u010du nov\u0113rots, ka zvanu skaits p\u0113rn gada nogal\u0113 palielin\u0101jies par aptuveni 15 %.<\/p>\n<p>\u0160aj\u0101 laik\u0101 ar\u012b nedaudz main\u0101s sarunu temati. Cilv\u0113ki vair\u0101k st\u0101sta finansi\u0101l\u0101m gr\u016bt\u012bb\u0101m un sare\u017e\u0123\u012bjumiem attiec\u012bb\u0101s ar radiniekiem.<\/p>\n<p>Gada nogal\u0113 pal\u012bdz\u012bbu tauj\u0101 bie\u017e\u0101k<\/p>\n<p>&#8220;Cilv\u0113ki gada nogal\u0113 nedaudz vair\u0101k st\u0101sta par satraukumu, nemieru, spriedzes pieaugumu un ar\u012b par agresiju, par\u00a0agresijas izj\u016bt\u0101m un par to, ka vi\u0146i pa\u0161i ir vardarb\u012bbas veic\u0113ji. Bet, ja m\u0113s kopum\u0101 skat\u0101mies, piem\u0113ram, par t\u0101d\u0101m t\u0113m\u0101m k\u0101 pa\u0161n\u0101v\u012bbas, pa\u0161n\u0101v\u012bbas domas vai ar\u012b vardarb\u012bba kopum\u0101, tad m\u0113s nevaram teikt, ka \u0161eit ir kaut k\u0101das skaitliskas izmai\u0146as,&#8221; st\u0101st\u012bja\u00a0centra &#8220;Skalbes&#8221; kl\u012bnisk\u0101 un vesel\u012bbas psiholo\u0123e\u00a0Inga Kri\u0161j\u0101nova.<\/p>\n<p>Sarunas laik\u0101 svar\u012bg\u0101kais ir vispirms atbr\u012bvoties no spriedzes un izrun\u0101ties par smagaj\u0101m emocij\u0101m kr\u012bzes situ\u0101cij\u0101. Kad tas izdar\u012bts, t\u0101lru\u0146a konsultants iesaka, k\u0101 var pieteikties valsts apmaks\u0101t\u0101m psihologa konsult\u0101cij\u0101m, ja t\u0101das nepiecie\u0161amas. Kr\u012b\u017eu un konsult\u0101ciju centr\u0101 &#8220;Skalbes&#8221; rinda nav p\u0101r\u0101k gara, ta\u010du valst\u012b vid\u0113ji pie speci\u0101lista gaid\u012b\u0161anas laiks ir vair\u0101k nek\u0101 divi m\u0113ne\u0161i.<\/p>\n<blockquote>\n<p>Pie psihologa un psihiatra t\u0101s ir 69 un 62 dienas, bet valsts apmaks\u0101ti psihoterapeita pa\u0161laik visp\u0101r nav pieejami.<\/p>\n<\/blockquote>\n<p>Cik sare\u017e\u0123\u012bti ir gr\u016bt\u0101 br\u012bd\u012b tikt pie speci\u0101lista, past\u0101st\u012bja ar\u012b k\u0101da skat\u012bt\u0101ja, kura ar savu st\u0101stu v\u0113l\u0113j\u0101s dal\u012bties anon\u012bmi. Jaun\u0101 sieviete p\u0113c b\u0113rna dzim\u0161anas sask\u0101r\u0101s ar p\u0113cdzemd\u012bbu depresiju un mekl\u0113ja pal\u012bdz\u012bbu.<\/p>\n<p>&#8220;Bija \u013coti ak\u016bti, jo tas aizg\u0101ja jau tik t\u0101lu, ka man bija bail iziet no m\u0101jas pat \u0101r\u0101. Nemaz nerun\u0101jot, ka satikties ar cilv\u0113kiem vai veikt jebk\u0101das aktivit\u0101tes,&#8221; atkl\u0101ja sieviete.<\/p>\n<p>&#8220;Ventspil\u012b gan diem\u017e\u0113l ir tikai viens speci\u0101lists, kas ir valsts apmaks\u0101ts. L\u012bdz ar to ar \u0161o speci\u0101listu ar\u012b sazin\u0101jos un noskaidroju, ka rind\u0101 ir j\u0101gaida divi m\u0113ne\u0161i. Vismaz. Nav iesp\u0113jams tikt \u0101tr\u0101k par maksu. Es beig\u0101s tiku, sagaid\u012bju savus divus m\u0113ne\u0161us. Diem\u017e\u0113l probl\u0113ma, ar ko es sask\u0101ros, es g\u0101ju ar p\u0113cdzemd\u012bbu depresiju, un vien\u012bgais, ko man psihiatrs pied\u0101v\u0101ja, bija izrakst\u012bt antidepresantus, ko es diem\u017e\u0113l nevaru lietot, jo es esmu p\u0113cdzemd\u012bbu period\u0101 un baroju mazuli. Faktiski es s\u0101ku mekl\u0113t pal\u012bdz\u012bbu august\u0101. \u0160obr\u012bd ir decembra beigas. Pal\u012bdz\u012bba nek\u0101da nav sa\u0146emta un diem\u017e\u0113l ar to ir j\u0101sadz\u012bvo,&#8221; vi\u0146a turpin\u0101ja.<\/p>\n<p>Pied\u0101v\u0101jums netiek l\u012bdzi piepras\u012bjumam<\/p>\n<p>Psihiatrs profesors M\u0101ris Taube nov\u0113rojis, ka saucieni p\u0113c pal\u012bdz\u012bbas pieaug un tas ir apsveicami, ka cilv\u0113ki v\u0113r\u0161as pie speci\u0101listiem. Ta\u010du diem\u017e\u0113l pied\u0101v\u0101jums netiek l\u012bdzi piepras\u012bjumam. Darba slodze ir milz\u012bga, ko ne visi speci\u0101listi sp\u0113j un grib tur\u0113t.<\/p>\n<p>&#8220;Psihiatrij\u0101 t\u0101 \u012bpatn\u012bba, kas vienm\u0113r ir bijusi, ka mums t\u0101pat ir kvotas, bet m\u0113s nekad neapst\u0101jamies. M\u0113s nep\u0101rejam uz kaut k\u0101diem maksas pakalpojumiem. M\u0113s turpin\u0101m str\u0101d\u0101t. Ja, teiksim, kvotas beidzas, pie\u0146emsim, devi\u0146os m\u0113ne\u0161os, m\u0113s tos p\u0113d\u0113jos ar\u012b str\u0101d\u0101jam tie\u0161i t\u0101pat. Un tas, protams, notiek zin\u0101m\u0101 m\u0113r\u0101 liel\u0101 m\u0113r\u0101 uz \u0101rstu r\u0113\u0137ina, uz vi\u0146a laiku un darba intensit\u0101ti,&#8221; skaidroja\u00a0Nacion\u0101l\u0101 psihisk\u0101 vesel\u012bbas centra kl\u012bnikas &#8220;Veldre&#8221; vad\u012bt\u0101js\u00a0M\u0101ris Taube.<\/p>\n<p>Speci\u0101listu tr\u016bkumu m\u0113\u0123ina risin\u0101t ar to, ka medm\u0101s\u0101m tagad ir iesp\u0113ja izrakst\u012bt medikamentus. T\u0101pat ar\u012b \u0123imenes \u0101rstiem ir dotas vadl\u012bnijas s\u0101kt depresijas \u0101rst\u0113\u0161anu, kam\u0113r cilv\u0113ks gaida rind\u0101 pie speci\u0101lista.<\/p>\n<blockquote>\n<p>Ar\u012b, re\u0123istr\u0113jot pacientu gaid\u012bt\u0101ju rind\u0101, m\u0113\u0123ina noteikt, vai cilv\u0113ks var gaid\u012bt vai n\u0113.<\/p>\n<\/blockquote>\n<p>&#8220;Ir pacienti, kam vajadz\u012bga pal\u012bdz\u012bba 24 stundu laik\u0101, kas tie\u0161\u0101m ir pa\u0161n\u0101v\u012bbas risks. Ja pacients atn\u0101k, m\u0113s redzam, ka ir gal\u012bgi slikti, protams, m\u0113\u0123in\u0101m to risin\u0101t. Ir pacienti, kam varb\u016bt pal\u012bdz\u012bba vajadz\u012bga divu ned\u0113\u013cu vai m\u0113ne\u0161a laik\u0101,&#8221; teica Taube.<\/p>\n<p>Ja ir smagi, Taube iesaka s\u0101kt ar \u0123imenes \u0101rstu, kur\u0161 pal\u012bdz\u012bbu var sniegt \u0101tr\u0101k gan medikamentu, gan konsult\u0101ciju zi\u0146\u0101. T\u0101pat\u00a0vienm\u0113r ir pieejami kr\u012bzes t\u0101lru\u0146i, kas str\u0101d\u0101 katru dienu, visu diennakti.<\/p>\n<p>                    Valodas k\u013c\u016bda rakst\u0101?<\/p>\n<p class=\"d-none d-md-block\">Iez\u012bm\u0113jiet tekstu un spiediet Ctrl+Enter, lai nos\u016bt\u012btu labojamo teksta fragmentu redaktoram! Par faktu k\u013c\u016bd\u0101m l\u016bdzam zi\u0146ot e-past\u0101 <a href=\"https:\/\/www.lsm.lv\/cdn-cgi\/l\/email-protection\" class=\"__cf_email__\" data-cfemail=\"5b293e3f3a303832313a1b37283675372d\" rel=\"nofollow noopener\" target=\"_blank\">[email\u00a0protected]<\/a>.<\/p>\n<p class=\"d-md-none\">Iez\u012bm\u0113jiet tekstu un spiediet uz Zi\u0146ot par k\u013c\u016bdu pogas, lai nos\u016bt\u012btu labojamo teksta fragmentu redaktoram!<\/p>\n<p>\n                    Zi\u0146ot par k\u013c\u016bdu\n                <\/p>\n","protected":false},"excerpt":{"rendered":"Gada tum\u0161\u0101kie m\u0113ne\u0161i nom\u0101c daudzus un \u0161aj\u0101 laik\u0101 pieaug to cilv\u0113ku skaits, kas v\u0113r\u0161as p\u0113c pal\u012bdz\u012bbas. Kr\u012bzes t\u0101lru\u0146u&hellip;\n","protected":false},"author":2,"featured_media":81270,"comment_status":"","ping_status":"","sticky":false,"template":"","format":"standard","meta":{"footnotes":""},"categories":[12],"tags":[23,28,29,32,33,22,30,31,35,39,38,36,37,34,40,20,26,27,24,25,21],"class_list":{"0":"post-81269","1":"post","2":"type-post","3":"status-publish","4":"format-standard","5":"has-post-thumbnail","7":"category-latvija","8":"tag-aktualitates","9":"tag-breaking-news","10":"tag-breakingnews","11":"tag-featured-news","12":"tag-featurednews","13":"tag-headlines","14":"tag-latest-news","15":"tag-latestnews","16":"tag-latvia","17":"tag-latvian","18":"tag-latviesu","19":"tag-latviesu-valoda","20":"tag-latviesuvaloda","21":"tag-latvija","22":"tag-lv","23":"tag-news","24":"tag-popularakas-zinas","25":"tag-popularakaszinas","26":"tag-top-stories","27":"tag-topstories","28":"tag-zinas"},"share_on_mastodon":{"url":"https:\/\/pubeurope.com\/@lv\/115753412445482580","error":""},"_links":{"self":[{"href":"https:\/\/www.europesays.com\/lv\/wp-json\/wp\/v2\/posts\/81269","targetHints":{"allow":["GET"]}}],"collection":[{"href":"https:\/\/www.europesays.com\/lv\/wp-json\/wp\/v2\/posts"}],"about":[{"href":"https:\/\/www.europesays.com\/lv\/wp-json\/wp\/v2\/types\/post"}],"author":[{"embeddable":true,"href":"https:\/\/www.europesays.com\/lv\/wp-json\/wp\/v2\/users\/2"}],"replies":[{"embeddable":true,"href":"https:\/\/www.europesays.com\/lv\/wp-json\/wp\/v2\/comments?post=81269"}],"version-history":[{"count":0,"href":"https:\/\/www.europesays.com\/lv\/wp-json\/wp\/v2\/posts\/81269\/revisions"}],"wp:featuredmedia":[{"embeddable":true,"href":"https:\/\/www.europesays.com\/lv\/wp-json\/wp\/v2\/media\/81270"}],"wp:attachment":[{"href":"https:\/\/www.europesays.com\/lv\/wp-json\/wp\/v2\/media?parent=81269"}],"wp:term":[{"taxonomy":"category","embeddable":true,"href":"https:\/\/www.europesays.com\/lv\/wp-json\/wp\/v2\/categories?post=81269"},{"taxonomy":"post_tag","embeddable":true,"href":"https:\/\/www.europesays.com\/lv\/wp-json\/wp\/v2\/tags?post=81269"}],"curies":[{"name":"wp","href":"https:\/\/api.w.org\/{rel}","templated":true}]}}