{"id":81275,"date":"2025-12-20T18:59:10","date_gmt":"2025-12-20T18:59:10","guid":{"rendered":"https:\/\/www.europesays.com\/lv\/81275\/"},"modified":"2025-12-20T18:59:10","modified_gmt":"2025-12-20T18:59:10","slug":"video-un-tiesam-neviena-atvainosanas-ne-berniem-ne-ari-vecakiem-skaistu-prieksnesumu-tv-etera-saboja-parbalss-no-kulisem","status":"publish","type":"post","link":"https:\/\/www.europesays.com\/lv\/81275\/","title":{"rendered":"VIDEO. \u201cUn tie\u0161\u0101m neviena atvaino\u0161an\u0101s ne b\u0113rniem, ne ar\u012b vec\u0101kiem?!\u201d Skaistu priek\u0161nesumu TV \u0113ter\u0101 saboj\u0101 p\u0101rbalss no kulis\u0113m"},"content":{"rendered":"<p>    <img decoding=\"async\" src=\"https:\/\/www.europesays.com\/lv\/wp-content\/uploads\/2025\/12\/a1ee4434-540c-40eb-bc52-cd42b9da408f-1024x683.jpg\" alt=\"&#10;\"\/><\/p>\n<p>Ekr\u0101ns\u0161\u0101vi\u0146\u0161 no video.\n<\/p>\n<p>19:59, 20. decembris 2025<\/p>\n<p>21. decembr\u012b, ceturtaj\u0101 advent\u0113, Pi\u0146\u0137u Sv\u0113t\u0101 J\u0101\u0146a bazn\u012bc\u0101 norisin\u0101sies jau desmitais Latvijas SOS B\u0113rnu ciematu asoci\u0101cijas labdar\u012bbas koncerts \u201cPie tavas rokas\u201d. <\/p>\n<p>        Las\u012bt\u0101kie<br \/>\n        <a data-imagesrc=\"{&quot;300&quot;:&quot;https:\\\/\\\/lastatic.ams3.cdn.digitaloceanspaces.com\\\/2024\\\/12\\\/LET_24815838-1-300x209.jpg&quot;,&quot;768&quot;:&quot;https:\\\/\\\/lastatic.ams3.cdn.digitaloceanspaces.com\\\/2024\\\/12\\\/LET_24815838-1-768x535.jpg&quot;,&quot;200&quot;:&quot;https:\\\/\\\/lastatic.ams3.cdn.digitaloceanspaces.com\\\/2024\\\/12\\\/LET_24815838-1-200x139.jpg&quot;,&quot;400&quot;:&quot;https:\\\/\\\/lastatic.ams3.cdn.digitaloceanspaces.com\\\/2024\\\/12\\\/LET_24815838-1-400x278.jpg&quot;,&quot;500&quot;:&quot;https:\\\/\\\/lastatic.ams3.cdn.digitaloceanspaces.com\\\/2024\\\/12\\\/LET_24815838-1-500x348.jpg&quot;,&quot;800&quot;:&quot;https:\\\/\\\/lastatic.ams3.cdn.digitaloceanspaces.com\\\/2024\\\/12\\\/LET_24815838-1-800x557.jpg&quot;,&quot;1000&quot;:&quot;https:\\\/\\\/lastatic.ams3.cdn.digitaloceanspaces.com\\\/2024\\\/12\\\/LET_24815838-1.jpg&quot;}\" data-focuspoint=\"{&quot;x&quot;:&quot;52.882327618044314&quot;,&quot;y&quot;:&quot;30.495977977497258&quot;}\" data-p=\"2458627\" href=\"https:\/\/www.la.lv\/ziemassvetki-brinumu-laiks-bet-dalai-zodiaka-zimju-parstavju-tas-ir-tiras-mocibas-uzzini-kuras-zimes-patiesiba-necies-sos-svetkus\" class=\"content-item lazy-load\" wp_automatic_readability=\"27.5\" rel=\"nofollow noopener\" target=\"_blank\"><\/p>\n<p>                                <img decoding=\"async\" src=\"\" alt=\"\" style=\"object-position: 52.882327618044314% 30.495977977497258%\" data-imageid=\"\"\/><\/p>\n<p>                                Kokteilis<\/p>\n<p>\n                                                Ziemassv\u0113tki \u2013 br\u012bnumu laiks, bet da\u013cai zodiaka z\u012bmju p\u0101rst\u0101vju t\u0101s ir t\u012br\u0101s moc\u012bbas! Uzzini, kuras z\u012bmes paties\u012bb\u0101 necie\u0161 \u0161os sv\u0113tkus\n                            <\/p>\n<p><\/a><a data-imagesrc=\"{&quot;300&quot;:&quot;https:\\\/\\\/lastatic.ams3.cdn.digitaloceanspaces.com\\\/2025\\\/12\\\/pexels-sound-on-3760694-300x176.jpg&quot;,&quot;1024&quot;:&quot;https:\\\/\\\/lastatic.ams3.cdn.digitaloceanspaces.com\\\/2025\\\/12\\\/pexels-sound-on-3760694-1024x600.jpg&quot;,&quot;1536&quot;:&quot;https:\\\/\\\/lastatic.ams3.cdn.digitaloceanspaces.com\\\/2025\\\/12\\\/pexels-sound-on-3760694-1536x900.jpg&quot;,&quot;500&quot;:&quot;https:\\\/\\\/lastatic.ams3.cdn.digitaloceanspaces.com\\\/2025\\\/12\\\/pexels-sound-on-3760694-500x293.jpg&quot;,&quot;800&quot;:&quot;https:\\\/\\\/lastatic.ams3.cdn.digitaloceanspaces.com\\\/2025\\\/12\\\/pexels-sound-on-3760694-800x469.jpg&quot;,&quot;2560&quot;:&quot;https:\\\/\\\/lastatic.ams3.cdn.digitaloceanspaces.com\\\/2025\\\/12\\\/pexels-sound-on-3760694-scaled.jpg&quot;}\" data-focuspoint=\"&quot;&quot;\" data-p=\"2484172\" href=\"https:\/\/www.la.lv\/sis-5-horoskopa-zimes-ir-vislielakas-intrigu-verpejas-un-sveti-tic-sazverestibam\" class=\"content-item lazy-load\" wp_automatic_readability=\"26\" rel=\"nofollow noopener\" target=\"_blank\"><\/p>\n<p>                                <img decoding=\"async\" src=\"\" alt=\"\" style=\"\" data-imageid=\"\"\/><\/p>\n<p>                                Kokteilis<\/p>\n<p>\n                                                \u0160\u012bs 5 horoskopa z\u012bmes ir visliel\u0101k\u0101s intrigu v\u0113rp\u0113jas un sv\u0113ti tic sazv\u0113rest\u012bb\u0101m\n                            <\/p>\n<p><\/a><a data-imagesrc=\"{&quot;300&quot;:&quot;https:\\\/\\\/lastatic.ams3.cdn.digitaloceanspaces.com\\\/2025\\\/12\\\/sipa_01244707_000069-300x207.jpg&quot;,&quot;1024&quot;:&quot;https:\\\/\\\/lastatic.ams3.cdn.digitaloceanspaces.com\\\/2025\\\/12\\\/sipa_01244707_000069-1024x706.jpg&quot;,&quot;1536&quot;:&quot;https:\\\/\\\/lastatic.ams3.cdn.digitaloceanspaces.com\\\/2025\\\/12\\\/sipa_01244707_000069-1536x1058.jpg&quot;,&quot;500&quot;:&quot;https:\\\/\\\/lastatic.ams3.cdn.digitaloceanspaces.com\\\/2025\\\/12\\\/sipa_01244707_000069-500x344.jpg&quot;,&quot;800&quot;:&quot;https:\\\/\\\/lastatic.ams3.cdn.digitaloceanspaces.com\\\/2025\\\/12\\\/sipa_01244707_000069-800x551.jpg&quot;,&quot;2560&quot;:&quot;https:\\\/\\\/lastatic.ams3.cdn.digitaloceanspaces.com\\\/2025\\\/12\\\/sipa_01244707_000069-scaled.jpg&quot;}\" data-focuspoint=\"&quot;&quot;\" data-p=\"2484487\" href=\"https:\/\/www.la.lv\/arestets-makrona-galvenais-sulainis-vins-prezidenta-acu-prieksa-darijis-ko-tadu-kas-sokejis-visu-franciju\" class=\"content-item lazy-load\" wp_automatic_readability=\"27\" rel=\"nofollow noopener\" target=\"_blank\"><\/p>\n<p>                                <img decoding=\"async\" src=\"\" alt=\"\" style=\"\" data-imageid=\"\"\/><\/p>\n<p>                                Kokteilis<\/p>\n<p>                                            Arest\u0113ts Makrona galvenais sulainis. Vi\u0146\u0161 prezidenta acu priek\u0161\u0101 dar\u012bjis ko t\u0101du, kas \u0161ok\u0113jis visu Franciju\n                            <\/p>\n<p><\/a><br \/>\n        <a class=\"read-more\" href=\"https:\/\/www.la.lv\/top\" rel=\"nofollow noopener\" target=\"_blank\">Las\u012bt citas zi\u0146as<\/a><\/p>\n<p>\u0160is koncerts ir k\u013cuvis par sirsn\u012bgu trad\u012bciju, kur\u0101 kop\u0101 san\u0101k gan \u0123imenes, gan l\u012bdzcilv\u0113ki, lai d\u0101v\u0101tu b\u0113rniem dro\u0161\u012bbu, r\u016bpes un kl\u0101tb\u016btni. \u0160ogad koncert\u0101 uzst\u0101sies K\u0101rlis B\u016bmeisters un Bab\u012btes Kult\u016brizgl\u012bt\u012bbas centra dziedo\u0161ie b\u0113rni un jaunie\u0161i \u2013 vok\u0101l\u0101 grupa \u201cKarameles\u201d, k\u0101 ar\u012b b\u0113rnu ansamb\u013ci \u201cBon Bon\u201d, \u201cLeden\u012btes\u201d, \u201cZef\u012brs\u201d, \u201c\u0160okol\u0101de\u201d un \u201cMarmel\u0101de\u201d. Grupa \u201cKarameles\u201d kl\u0101tb\u016btne, kas bijusi neat\u0146emama koncertu sast\u0101vda\u013ca visus desmit gadus, ir pie\u0161\u0137\u012brusi \u012bpa\u0161u gai\u0161umu un sirsn\u012bgumu. <\/p>\n<p>Lai ieskandin\u0101tu \u0161o sar\u012bkojumu, uz LTV raid\u012bjumu \u201cR\u012bta Panor\u0101ma\u201d bija uzaicin\u0101ti b\u0113rni izpild\u012bt k\u0101du no saviem ska\u0146darbiem, ta\u010du \u0161is svin\u012bgais un satrauco\u0161ais mirklis p\u0101rv\u0113rt\u0101s tehnisk\u0101s nedien\u0101s \u2013 tie\u0161i laik\u0101, kad dzied\u0101ja b\u0113rni, k\u0101ds aizkulis\u0113s iesild\u012bja balsi operdzied\u0101\u0161anai, un b\u0113rnu priek\u0161nesums gandr\u012bz nebija dzirdams.<\/p>\n<p>    CITI \u0160OBR\u012aD LASA<\/p>\n<p>To paman\u012bja daudzi Latvijas iedz\u012bvot\u0101ji, un soci\u0101laj\u0101 vietn\u0113 Threads par to tika izteikti virkne viedok\u013cu, tostarp k\u0101da sieviete atkl\u0101ja, ka no s\u0101kuma pat nav sapratusi, ka t\u0101 ir k\u013c\u016bda p\u0101rraid\u0113, dom\u0101jot, ka tie ir trok\u0161\u0146i vi\u0146ai apk\u0101rt.<\/p>\n<p>Bet liel\u0101koties koment\u0101ri ir par to, cik \u017e\u0113l, ka nebija dzirdams b\u0113rnu priek\u0161nesums, un ka j\u0101cer, ka vi\u0146iem reiz b\u016bs dota v\u0113l viena iesp\u0113ja uzst\u0101ties kvalitat\u012bvi tik lielas auditorijas priek\u0161<\/p>\n<p><img decoding=\"async\" src=\"https:\/\/www.europesays.com\/lv\/wp-content\/uploads\/2025\/12\/9f5009af-a313-49ee-a362-a5c4c3e911c3.jpg\" alt=\"\"\/><br \/>\n<img decoding=\"async\" src=\"https:\/\/www.europesays.com\/lv\/wp-content\/uploads\/2025\/12\/b3a51b51-d4c3-48a3-8794-f96ec701ae4f.jpg\" alt=\"\"\/><br \/>\n<img decoding=\"async\" src=\"https:\/\/www.europesays.com\/lv\/wp-content\/uploads\/2025\/12\/ae98c33b-1fe5-4334-9ac1-6ad262ce8690.jpg\" alt=\"\"\/><br \/>\n<img decoding=\"async\" src=\"https:\/\/www.europesays.com\/lv\/wp-content\/uploads\/2025\/12\/1e63c1e7-bdff-4125-8b9c-4cc68338a4f8.jpg\" alt=\"\"\/><\/p>\n<p>T\u0113mas<\/p>\n<p>    SAIST\u012aTIE RAKSTI<\/p>\n","protected":false},"excerpt":{"rendered":"Ekr\u0101ns\u0161\u0101vi\u0146\u0161 no video. 19:59, 20. decembris 2025 21. decembr\u012b, ceturtaj\u0101 advent\u0113, Pi\u0146\u0137u Sv\u0113t\u0101 J\u0101\u0146a bazn\u012bc\u0101 norisin\u0101sies jau desmitais&hellip;\n","protected":false},"author":2,"featured_media":81276,"comment_status":"","ping_status":"","sticky":false,"template":"","format":"standard","meta":{"footnotes":""},"categories":[12],"tags":[23,28,29,32,33,22,30,31,35,39,38,36,37,34,40,20,26,27,24,25,21],"class_list":{"0":"post-81275","1":"post","2":"type-post","3":"status-publish","4":"format-standard","5":"has-post-thumbnail","7":"category-latvija","8":"tag-aktualitates","9":"tag-breaking-news","10":"tag-breakingnews","11":"tag-featured-news","12":"tag-featurednews","13":"tag-headlines","14":"tag-latest-news","15":"tag-latestnews","16":"tag-latvia","17":"tag-latvian","18":"tag-latviesu","19":"tag-latviesu-valoda","20":"tag-latviesuvaloda","21":"tag-latvija","22":"tag-lv","23":"tag-news","24":"tag-popularakas-zinas","25":"tag-popularakaszinas","26":"tag-top-stories","27":"tag-topstories","28":"tag-zinas"},"share_on_mastodon":{"url":"https:\/\/pubeurope.com\/@lv\/115753436560903637","error":""},"_links":{"self":[{"href":"https:\/\/www.europesays.com\/lv\/wp-json\/wp\/v2\/posts\/81275","targetHints":{"allow":["GET"]}}],"collection":[{"href":"https:\/\/www.europesays.com\/lv\/wp-json\/wp\/v2\/posts"}],"about":[{"href":"https:\/\/www.europesays.com\/lv\/wp-json\/wp\/v2\/types\/post"}],"author":[{"embeddable":true,"href":"https:\/\/www.europesays.com\/lv\/wp-json\/wp\/v2\/users\/2"}],"replies":[{"embeddable":true,"href":"https:\/\/www.europesays.com\/lv\/wp-json\/wp\/v2\/comments?post=81275"}],"version-history":[{"count":0,"href":"https:\/\/www.europesays.com\/lv\/wp-json\/wp\/v2\/posts\/81275\/revisions"}],"wp:featuredmedia":[{"embeddable":true,"href":"https:\/\/www.europesays.com\/lv\/wp-json\/wp\/v2\/media\/81276"}],"wp:attachment":[{"href":"https:\/\/www.europesays.com\/lv\/wp-json\/wp\/v2\/media?parent=81275"}],"wp:term":[{"taxonomy":"category","embeddable":true,"href":"https:\/\/www.europesays.com\/lv\/wp-json\/wp\/v2\/categories?post=81275"},{"taxonomy":"post_tag","embeddable":true,"href":"https:\/\/www.europesays.com\/lv\/wp-json\/wp\/v2\/tags?post=81275"}],"curies":[{"name":"wp","href":"https:\/\/api.w.org\/{rel}","templated":true}]}}