{"id":81279,"date":"2025-12-20T19:01:11","date_gmt":"2025-12-20T19:01:11","guid":{"rendered":"https:\/\/www.europesays.com\/lv\/81279\/"},"modified":"2025-12-20T19:01:11","modified_gmt":"2025-12-20T19:01:11","slug":"man-ir-vieglak-komponet-latgaliski-saruna-par-studijas-skonai-un-latgaliesu-valodas-dzivi-lente-lv","status":"publish","type":"post","link":"https:\/\/www.europesays.com\/lv\/81279\/","title":{"rendered":"\u00abMan ir viegl\u0101k kompon\u0113t latgaliski\u00bb \u2013 saruna par studijas \u00abSkonai\u00bb un latgalie\u0161u valodas dz\u012bvi\u00a0\u2014\u00a0Lente.lv"},"content":{"rendered":"<p>Latgales muzik\u0101l\u0101 sirds un valodas sarg\u0101t\u0101ja<\/p>\n<p>R\u0113zeknes novada vok\u0101l\u0101s studijas \u00abSkonai\u00bb m\u0101ksliniecisk\u0101 vad\u012bt\u0101ja Guntra Kuzmina-Jukna ir k\u013cuvusi par svar\u012bgu balsi Latgales kult\u016brtelp\u0101, it \u012bpa\u0161i caur savu ori\u0123in\u0101lo dai\u013cradi latgalie\u0161u valod\u0101. Studijas atpaz\u012bstam\u012bbas z\u012bme tie\u0161i ir Guntras kompon\u0113t\u0101s un aran\u017e\u0113t\u0101s dziesmas, kas skan dzimtaj\u0101 valod\u0101. K\u0101 inform\u0113 Latvijas Sabiedriskie Mediji, Kuzmina-Jukna ir dzi\u013ci p\u0101rliecin\u0101ta, ka latgalie\u0161u valoda sp\u0113s saglab\u0101t savu dz\u012bv\u012bgumu tik ilgi, kam\u0113r vien t\u0101 tiks uztur\u0113ta dom\u0101s, darbos, \u0123imen\u0113s un, protams, m\u0101ksl\u0101. \u0160is princips ir studijas \u00abSkonai\u00bb filozofijas st\u016brakmens, kas atspogu\u013cojas gan dal\u012bbnieku skait\u0101, gan vi\u0146u sasniegumos.<\/p>\n<p>Guntra Kuzmina-Jukna, kura dzimusi 1977. gad\u0101 B\u0113rzgal\u0113, p\u0113c m\u016bzikas akad\u0113mijas beig\u0161anas R\u012bg\u0101 var\u0113ja turpin\u0101t karjeru galvaspils\u0113t\u0101, ta\u010du izv\u0113l\u0113j\u0101s atgriezties Latgal\u0113. Vi\u0146a atzina, ka R\u012bg\u0101 jutusi, ka pietr\u016bkst m\u0101ju. Studijas \u00abSkonai\u00bb izveide, kas s\u0101ka savu darb\u012bbu ofici\u0101li 2013. gad\u0101, bija vi\u0146as lolots sapnis, kas veiksm\u012bgi piepild\u012bj\u0101s, radot vietu, kur m\u0101ksla un valoda mijas. Kop\u0101 ar kust\u012bbu un deju pedagogu Edgaru Juknu vi\u0146a vada kolekt\u012bvu, kas \u0161obr\u012bd sevi pieteicis k\u0101 R\u0113zeknes novada z\u012bmolu un viz\u012btkarti.<\/p>\n<p>\u00abSkonai\u00bb: No \u010detr\u0101m grup\u0101m l\u012bdz desmitgadei<\/p>\n<p>Vok\u0101l\u0101 studija \u00abSkonai\u00bb kop\u0161 savas dibin\u0101\u0161anas ir pier\u0101d\u012bjusi savu notur\u012bbu un sp\u0113ju piesaist\u012bt jaunos talantus. Pirms da\u017eiem gadiem kolekt\u012bvs atz\u012bm\u0113ja 10 gadu jubileju, un \u0161aj\u0101 laik\u0101 tas ir pulc\u0113jis vair\u0101k nek\u0101 100 b\u0113rnus un jaunie\u0161us. Guntra Kuzmina-Jukna nor\u0101da, ka studij\u0101 darbojas aptuveni \u010detras past\u0101v\u012bgas grupas, kas saglab\u0101ju\u0161\u0101s cauri gadiem, aptverot \u013coti pla\u0161u vecuma diapazonu.<\/p>\n<p>Vecumgrupas ir r\u016bp\u012bgi nodal\u012btas, lai veicin\u0101tu katra dzied\u0101t\u0101ja att\u012bst\u012bbu. S\u0101kot ar pa\u0161iem maz\u0101kajiem, tr\u012bs l\u012bdz se\u0161u gadu vecuma grupu, kur b\u0113rni tikai s\u0101k adapt\u0113ties un m\u0101c\u012bties izrun\u0101t v\u0101rdus, l\u012bdz pat septi\u0146iem l\u012bdz desmit gadiem vecajiem. Vid\u0113jais posms aptver b\u0113rnus vecum\u0101 no desmit l\u012bdz \u010detrpadsmit gadiem. Visvec\u0101k\u0101 grupa, ko Guntra d\u0113v\u0113 par jaunie\u0161iem, sasniedz pat 30 gadu vecumu, kas apliecina studijas sp\u0113ju notur\u0113t dal\u012bbniekus ilgtermi\u0146\u0101.<\/p>\n<blockquote><p>\u00abT\u0101 \u0123imeniskuma saj\u016bta, ko m\u0113s kop\u0101 rad\u0101m ir neat\u0146emama. T\u0101 iedvesmo rad\u012bt jaunus darbus latgalie\u0161u valod\u0101.\u00bb<\/p><\/blockquote>\n<p>\u0160\u012b \u0123imenisk\u0101 atmosf\u0113ra ir b\u016btiska, jo, k\u0101 pati vad\u012bt\u0101ja uzsver, \u00abSkonai\u00bb nav tradicion\u0101ls koris, bet gan ansamblis, kur katrs dal\u012bbnieks ir unik\u0101ls un sniedz savu \u00abodzi\u0146u\u00bb un balsu tembrs tiek \u012bpa\u0161i uzsv\u0113rts.<\/p>\n<p>Latgalisk\u0101 dziesma k\u0101 rado\u0161ais dzinulis<\/p>\n<p>Run\u0101jot par rado\u0161o procesu, Guntra Kuzmina-Jukna atkl\u0101j b\u016btisku rado\u0161o priek\u0161roc\u012bbu: \u00abMan ir viegl\u0101k kompon\u0113t latgaliski.\u00bb \u0160\u012b valodas pieejam\u012bba rado\u0161aj\u0101 proces\u0101 ir pal\u012bdz\u0113jusi rad\u012bt pla\u0161u materi\u0101la kl\u0101stu. Vi\u0146as darbiem rakstur\u012bgas ori\u0123in\u0101lkompoz\u012bcijas ar latgalie\u0161u autoru tekstiem, k\u0101 ar\u012b latgalie\u0161u tautasdziesmu apdares.<\/p>\n<p>\u0160\u012bs dai\u013crades rezult\u0101ti ir apkopoti vair\u0101kos noz\u012bm\u012bgos izdevumos. Piem\u0113ram, tika prezent\u0113ts dziesmu kr\u0101jums \u00abSirdsgunte\u0146a\u00bb, kur\u0101 apkopotas aptuveni 40 dziesmas, piem\u0113rotas gan vok\u0101lajiem ansamb\u013ciem un koriem, gan solo izpild\u012bjumam. T\u0101pat tika izdots b\u0113rnu dziesmu kompaktdisks \u00abR\u016bta\u013ca\u00bb, kas velt\u012bts dzejnieka Ontona Sli\u0161\u0101na piemi\u0146ai.<\/p>\n<p>Studijas repertu\u0101rs ir pla\u0161s \u2013 tas ietver gan tautasdziesmas, gan ori\u0123in\u0101ldziesmas latgaliski, k\u0101 ar\u012b \u0101rzemju komponistu darbu aran\u017e\u0113jumus. Turkl\u0101t kolekt\u012bvs ir akt\u012bvs ar\u012b gar\u012bg\u0101s m\u016bzikas lauk\u0101, bie\u017ei uzst\u0101joties bazn\u012bc\u0101s.<\/p>\n<p>Pan\u0101kumi un atzin\u012bba novad\u0101 un valst\u012b<\/p>\n<p>\u00abSkonai\u00bb un t\u0101s solisti regul\u0101ri g\u016bst augstus rezult\u0101tus konkursos. Vec\u0101k\u0101 grupa nesen Latvijas vok\u0101lo ansamb\u013cu fin\u0101la konkurs\u0101 izc\u012bn\u012bja godalgoto II vietu. Turkl\u0101t ansamblis ir sa\u0146\u0113mis ar\u012b divas latgalie\u0161u kult\u016bras gada balvas \u00abBo\u0146uks\u00bb, apliecinot savu noz\u012bm\u012bgumu re\u0123iona kult\u016bras jom\u0101.<\/p>\n<p>2023. gada j\u016bnij\u0101, svinot 10 gadu jubileju R\u0113zeknes novada domes priek\u0161s\u0113d\u0113t\u0101js Monv\u012bds \u0160varcs uzrun\u0101 atzin\u012bgi nov\u0113rt\u0113ja Guntras darbu, uzsverot, ka kolekt\u012bva vad\u012bt\u0101ja ir \u00abgodam paveikusi\u00bb to iesp\u0113ju, ko vi\u0146ai sniedza novada kult\u016bras darbinieki. Vi\u0146\u0161 \u00abSkonai\u00bb nosauca par novada \u00abz\u012bmolu, viz\u012btkarti\u00bb.<\/p>\n<p>Studijas dal\u012bbnieki akt\u012bvi piedal\u0101s ar\u012b citos projektos, tostarp labdar\u012bbas koncertos un sadarb\u012bb\u0101 ar popul\u0101riem Latvijas m\u016bzi\u0137iem, k\u0101 ar\u012b veidoju\u0161i videoklipus sav\u0101m dziesm\u0101m.<\/p>\n<p>N\u0101kotnes v\u012bzijas un moto<\/p>\n<p>Guntra Kuzmina-Jukna ir nep\u0101rtraukt\u0101 rado\u0161aj\u0101 gait\u0101, kas redzams ar\u012b uzdevumos jaunajai sezonai \u2013 da\u017e\u0101di koncerti, muzik\u0101li projekti un sadarb\u012bbas ar citiem kolekt\u012bviem. Studija past\u0101v\u012bgi aicina jaunus, dziedo\u0161us un muzik\u0101lus b\u0113rnus pievienoties, pied\u0101v\u0101jot vi\u0146iem att\u012bst\u012bbas iesp\u0113jas gan ansamb\u013ca, gan individu\u0101laj\u0101, gan duetveid\u012bgaj\u0101 izpild\u012bjum\u0101.<\/p>\n<p>Moto, kas vada \u00abSkonai\u00bb un t\u0101s vad\u012bt\u0101ju, ir: \u00abJa darbu dari ar lielu m\u012blest\u012bbu, tas glu\u017ei dabiski p\u0101rtop sirdsliet\u0101!\u00bb \u0160\u012b m\u012blest\u012bba un atbild\u012bba pret latgalie\u0161u valodu caur m\u016bziku ir tas, kas \u00abSkonai\u00bb pie\u0161\u0137ir un notur t\u0101s \u012bpa\u0161o vietu Latvijas kult\u016bras ainav\u0101.<\/p>\n","protected":false},"excerpt":{"rendered":"Latgales muzik\u0101l\u0101 sirds un valodas sarg\u0101t\u0101ja R\u0113zeknes novada vok\u0101l\u0101s studijas \u00abSkonai\u00bb m\u0101ksliniecisk\u0101 vad\u012bt\u0101ja Guntra Kuzmina-Jukna ir k\u013cuvusi par&hellip;\n","protected":false},"author":2,"featured_media":81280,"comment_status":"","ping_status":"","sticky":false,"template":"","format":"standard","meta":{"footnotes":""},"categories":[19],"tags":[89,20424,90,6394,35,39,38,194,36,37,34,40,12339,20425],"class_list":{"0":"post-81279","1":"post","2":"type-post","3":"status-publish","4":"format-standard","5":"has-post-thumbnail","7":"category-izklaide","8":"tag-entertainment","9":"tag-guntra-kuzmina-jukna","10":"tag-izklaide","11":"tag-latgaliesu-valoda","12":"tag-latvia","13":"tag-latvian","14":"tag-latviesu","15":"tag-latviesu-muzika","16":"tag-latviesu-valoda","17":"tag-latviesuvaloda","18":"tag-latvija","19":"tag-lv","20":"tag-rezeknes-novads","21":"tag-vokala-studija-skonai"},"share_on_mastodon":{"url":"","error":""},"_links":{"self":[{"href":"https:\/\/www.europesays.com\/lv\/wp-json\/wp\/v2\/posts\/81279","targetHints":{"allow":["GET"]}}],"collection":[{"href":"https:\/\/www.europesays.com\/lv\/wp-json\/wp\/v2\/posts"}],"about":[{"href":"https:\/\/www.europesays.com\/lv\/wp-json\/wp\/v2\/types\/post"}],"author":[{"embeddable":true,"href":"https:\/\/www.europesays.com\/lv\/wp-json\/wp\/v2\/users\/2"}],"replies":[{"embeddable":true,"href":"https:\/\/www.europesays.com\/lv\/wp-json\/wp\/v2\/comments?post=81279"}],"version-history":[{"count":0,"href":"https:\/\/www.europesays.com\/lv\/wp-json\/wp\/v2\/posts\/81279\/revisions"}],"wp:featuredmedia":[{"embeddable":true,"href":"https:\/\/www.europesays.com\/lv\/wp-json\/wp\/v2\/media\/81280"}],"wp:attachment":[{"href":"https:\/\/www.europesays.com\/lv\/wp-json\/wp\/v2\/media?parent=81279"}],"wp:term":[{"taxonomy":"category","embeddable":true,"href":"https:\/\/www.europesays.com\/lv\/wp-json\/wp\/v2\/categories?post=81279"},{"taxonomy":"post_tag","embeddable":true,"href":"https:\/\/www.europesays.com\/lv\/wp-json\/wp\/v2\/tags?post=81279"}],"curies":[{"name":"wp","href":"https:\/\/api.w.org\/{rel}","templated":true}]}}