{"id":81283,"date":"2025-12-20T19:06:18","date_gmt":"2025-12-20T19:06:18","guid":{"rendered":"https:\/\/www.europesays.com\/lv\/81283\/"},"modified":"2025-12-20T19:06:18","modified_gmt":"2025-12-20T19:06:18","slug":"ek-nakama-daudzgadu-budzeta-piedavajums-neapmierina-ari-latviju-ka-valsti-lr1-latvijas-radio","status":"publish","type":"post","link":"https:\/\/www.europesays.com\/lv\/81283\/","title":{"rendered":"EK n\u0101kam\u0101 daudzgadu bud\u017eeta pied\u0101v\u0101jums neapmierina ar\u012b Latviju k\u0101 valsti \/ LR1 \/ \/ Latvijas Radio"},"content":{"rendered":"<p><a href=\"https:\/\/mapp.latvijasradio.lv\/shared-broadcast?b=237&amp;url=http:\/\/latvijasradio.lsm.lv\/lv\/lr1\/raidijumi\/labriit\/\" target=\"_blank\" rel=\"nofollow noopener\"><img decoding=\"async\" alt=\"Latvijas radio lietotnes logo\" src=\"https:\/\/www.europesays.com\/lv\/wp-content\/uploads\/2025\/12\/1766257578_149_LR_pod poga.png\" style=\"width: 140px; height: 38px;\"\/><\/a><\/p>\n<p>Eiropas Komisijas n\u0101kam\u0101 daudzgadu bud\u017eeta pied\u0101v\u0101jums neapmierina ne tikai zemniekus, kas \u0161odien pulc\u0113jas Brisel\u0113 v\u0113sturiski liel\u0101kaj\u0101 protesta akcij\u0101, bet ar\u012b Latviju k\u0101 valsti. To \u0161or\u012bt Latvijas Radio pauda zemkop\u012bbas ministrs Armands Krauze no Za\u013co un Zemnieku savien\u012bbas. <\/p>\n<p>Tas esot atspogu\u013cots ar\u012b m\u016bsu valsts poz\u012bcij\u0101, kur\u0101 pras\u012bts tie\u0161maks\u0101jumus izl\u012bdzin\u0101t vis\u0101m valst\u012bm vien\u0101d\u0101 l\u012bmen\u012b.<\/p>\n<p>Latvijas lauksaimnieki uzsver, ka gadiem nepamatoti un negod\u012bgi ir sa\u0146\u0113mu\u0161i viszem\u0101kos atbalsta maks\u0101jumus Eirop\u0101, par sp\u012bti tam, ka pras\u012bbas, kas j\u0101iev\u0113ro maks\u0101jumu sa\u0146em\u0161anai, ir vien\u0101das vis\u0101s dal\u012bbvalst\u012bs.<\/p>\n<p>Uzklaus\u0101m\u00a0Valteru Zel\u010du, biedr\u012bbas &#8220;Zemnieku saeima&#8221; \u0101rpolitikas ekspertu.<\/p>\n<p>&#8212;<br \/>&#13;<br \/>\nBiedr\u012bba &#8220;Zemnieku saeima&#8221; \u0161odien, 18. decembr\u012b, piedal\u012bsies vien\u0101 no p\u0113d\u0113jos gados v\u0113rien\u012bg\u0101kaj\u0101m Eiropas lauksaimnieku protesta akcij\u0101m Brisel\u0113, kur kop\u0101 pulc\u0113sies vair\u0101k nek\u0101 10000 dal\u012bbnieku no vis\u0101m 27 Eiropas Savien\u012bbas dal\u012bbvalst\u012bm.<\/p>\n<p>Protesta akcij\u0101 lauksaimnieki iest\u0101sies pret Eiropas Komisijas n\u0101kam\u0101 daudzgadu bud\u017eeta pied\u0101v\u0101jumu, aizst\u0101vot sp\u0113c\u012bgas, adekv\u0101tas un vienotas Kop\u0113j\u0101s lauksaimniec\u012bbas politikas saglab\u0101\u0161anu, taisn\u012bgus tirdzniec\u012bbas nosac\u012bjumus un birokr\u0101tijas mazin\u0101\u0161anu.<br \/>&#13;<br \/>\n\u00a0<\/p>\n<p>Ieteikt<\/p>\n<p>    Latvijas Radio aicina izteikt savu viedokli par raid\u012bjum\u0101 dzird\u0113to un atbalsta diskusijas klaus\u012bt\u0101ju starp\u0101, tom\u0113r patur ties\u012bbas dz\u0113st koment\u0101rus, kas p\u0101rk\u0101pj cie\u0146pilnas attieksmes un \u0113tiskas r\u012bc\u012bbas robe\u017eas.<a name=\"comments\"\/><\/p>\n","protected":false},"excerpt":{"rendered":"Eiropas Komisijas n\u0101kam\u0101 daudzgadu bud\u017eeta pied\u0101v\u0101jums neapmierina ne tikai zemniekus, kas \u0161odien pulc\u0113jas Brisel\u0113 v\u0113sturiski liel\u0101kaj\u0101 protesta akcij\u0101,&hellip;\n","protected":false},"author":2,"featured_media":81284,"comment_status":"","ping_status":"","sticky":false,"template":"","format":"standard","meta":{"footnotes":""},"categories":[5],"tags":[23,28,29,32,33,22,30,31,35,39,38,36,37,34,40,20,26,27,24,25,21],"class_list":{"0":"post-81283","1":"post","2":"type-post","3":"status-publish","4":"format-standard","5":"has-post-thumbnail","7":"category-aktualitates","8":"tag-aktualitates","9":"tag-breaking-news","10":"tag-breakingnews","11":"tag-featured-news","12":"tag-featurednews","13":"tag-headlines","14":"tag-latest-news","15":"tag-latestnews","16":"tag-latvia","17":"tag-latvian","18":"tag-latviesu","19":"tag-latviesu-valoda","20":"tag-latviesuvaloda","21":"tag-latvija","22":"tag-lv","23":"tag-news","24":"tag-popularakas-zinas","25":"tag-popularakaszinas","26":"tag-top-stories","27":"tag-topstories","28":"tag-zinas"},"share_on_mastodon":{"url":"https:\/\/pubeurope.com\/@lv\/115753463669986740","error":""},"_links":{"self":[{"href":"https:\/\/www.europesays.com\/lv\/wp-json\/wp\/v2\/posts\/81283","targetHints":{"allow":["GET"]}}],"collection":[{"href":"https:\/\/www.europesays.com\/lv\/wp-json\/wp\/v2\/posts"}],"about":[{"href":"https:\/\/www.europesays.com\/lv\/wp-json\/wp\/v2\/types\/post"}],"author":[{"embeddable":true,"href":"https:\/\/www.europesays.com\/lv\/wp-json\/wp\/v2\/users\/2"}],"replies":[{"embeddable":true,"href":"https:\/\/www.europesays.com\/lv\/wp-json\/wp\/v2\/comments?post=81283"}],"version-history":[{"count":0,"href":"https:\/\/www.europesays.com\/lv\/wp-json\/wp\/v2\/posts\/81283\/revisions"}],"wp:featuredmedia":[{"embeddable":true,"href":"https:\/\/www.europesays.com\/lv\/wp-json\/wp\/v2\/media\/81284"}],"wp:attachment":[{"href":"https:\/\/www.europesays.com\/lv\/wp-json\/wp\/v2\/media?parent=81283"}],"wp:term":[{"taxonomy":"category","embeddable":true,"href":"https:\/\/www.europesays.com\/lv\/wp-json\/wp\/v2\/categories?post=81283"},{"taxonomy":"post_tag","embeddable":true,"href":"https:\/\/www.europesays.com\/lv\/wp-json\/wp\/v2\/tags?post=81283"}],"curies":[{"name":"wp","href":"https:\/\/api.w.org\/{rel}","templated":true}]}}