{"id":81287,"date":"2025-12-20T19:11:08","date_gmt":"2025-12-20T19:11:08","guid":{"rendered":"https:\/\/www.europesays.com\/lv\/81287\/"},"modified":"2025-12-20T19:11:08","modified_gmt":"2025-12-20T19:11:08","slug":"no-slimnicam-neiznem-aprupejamus-tuviniekus-raksts","status":"publish","type":"post","link":"https:\/\/www.europesays.com\/lv\/81287\/","title":{"rendered":"no slimn\u012bc\u0101m neiz\u0146em apr\u016bp\u0113jamus tuviniekus \/ Raksts"},"content":{"rendered":"<p>Katru gadu par sv\u0113tku tuvo\u0161anos slimn\u012bc\u0101s liecina ar\u012b k\u0101da skumja trad\u012bcija. \u0122imenes cen\u0161as savus gulo\u0161os tuviniekus sv\u0113tku laik\u0101 ievietot iest\u0101d\u0113, lai pa\u0161i var\u0113tu baud\u012bt br\u012bvdienas, svin\u0113t vai doties ce\u013cojum\u0101. \u0160\u012b tendence pieaug gadu no gada. P\u0101rsvar\u0101 \u0161iem senioriem ir b\u0113rni un mazb\u0113rni. Ta\u010du tie\u0161i sv\u0113tku laik\u0101 sirmie, neredz\u012bgie, gulo\u0161ie t\u0113ti un mammas p\u0113k\u0161\u0146i vairs nav vajadz\u012bgi.<\/p>\n<p>\u012aSUM\u0100:<\/p>\n<ul>\n<li>\u0160\u0101du gad\u012bjumu netr\u016bkst ab\u0101s liel\u0101kaj\u0101s slimn\u012bc\u0101s.<\/li>\n<li>Vesel\u012bbas ministrija cer uz soci\u0101lo dienestu liel\u0101ku iesaisti.<\/li>\n<li>Mor\u0101les jaut\u0101jums ir p\u0101r\u0101ks par likumu, teic \u0101rsts.<\/li>\n<\/ul>\n<p>90 gadu vecais Alfr\u0113ds ievests slimn\u012bc\u0101, jo, p\u0113c d\u0113la v\u0101rdiem, no\u0123\u012bbis. D\u0113ls atsak\u0101s vi\u0146am braukt paka\u013c. Un m\u0101j\u0101s ar\u012b neb\u016b\u0161ot, kas par vi\u0146u par\u016bp\u0113jas. V\u012brie\u0161a sievu, savu mammu, d\u0113ls tikko ievietojis pansion\u0101t\u0101.<\/p>\n<p>&#8220;Es neko neredzu, bet vi\u0146a pansion\u0101t\u0101. Es vi\u0146ai blakus grib\u0113tu pas\u0113d\u0113t,&#8221; teica Alfr\u0113ds.<\/p>\n<p>R\u012bgas Austrumu kl\u012bniskaj\u0101 universit\u0101tes slimn\u012bc\u0101 (RAKUS)\u00a0t\u0101du pacientu netr\u016bkst.<\/p>\n<p>&#8220;Tie\u0161i pirmssv\u0113tku laik\u0101 m\u0113s izj\u016btam to, ka gados vecos, gulo\u0161os cen\u0161as ievietot slimn\u012bc\u0101, lai izvair\u012btos no vajadz\u012bbas vi\u0146us apr\u016bp\u0113t. Un \u0161obr\u012bd mums ir pacients, kuram j\u0101paliek nezin\u0101mu laiku. Un mums ir pacients, kuram d\u0113ls visp\u0101r atsak\u0101s braukt paka\u013c,&#8221; atzina\u00a0RAKUS Neatliekam\u0101s medic\u012bnas kl\u012bnikas vad\u012bt\u0101js\u00a0Aleksejs Vi\u0161\u0146akovs.<\/p>\n<p>Ta\u010du\u00a0augsta apr\u016bpes l\u012bme\u0146a slimn\u012bca nav vieta, kur vi\u0146iem atrasties.<\/p>\n<p>&#8220;T\u0101 ir liela probl\u0113ma, un\u00a0ar gadiem t\u0101 pieaug. Un tie\u0161i\u00a0pacientiem, kuriem ir radinieki, kuri var\u0113tu par\u016bp\u0113ties. Un R\u012bgas soci\u0101lais dienests pied\u0101v\u0101 da\u017e\u0101dus pakalpojumus. T\u0101 ir nolaid\u012bba nesak\u0101rtot \u0161o jaut\u0101jumu,&#8221; pauda\u00a0RAKUS Soci\u0101l\u0101 dienesta vad\u012bt\u0101ja\u00a0Anita Voitkevi\u010da.<\/p>\n<p>L\u012bdz\u012bga situ\u0101cija\u00a0Paula Stradi\u0146a kl\u012bniskaj\u0101 universit\u0101tes slimn\u012bc\u0101 (PSKUS).\u00a0\u0100rsti ne\u0161aub\u0101s, ka tuvinieki, kopjot nevar\u012bgos vec\u0101kus, izdeg.<\/p>\n<p>&#8220;Reiz\u0113m ir noguru\u0161i, ir t\u0101ds l\u012bdzj\u016bt\u012bbas nogurums. Mums visp\u0101r nav pierasts m\u0101j\u0101s kopt m\u012b\u013cos. M\u0113s esam t\u0101da komforta sabiedr\u012bba,&#8221; koment\u0113ja\u00a0PSKUS soci\u0101l\u0101 darbiniece\u00a0Baiba Tizika.<\/p>\n<p>Soci\u0101l\u0101 darbiniece gan pie\u013c\u0101va, ka \u0123imenes nob\u012bstas no gulo\u0161ajiem. \u012apa\u0161i, ja pacientam ir ievietota elpo\u0161anas caurul\u012bte. Otra probl\u0113ma ir soci\u0101l\u0101 dienesta nesp\u0113ja \u0101tri rea\u0123\u0113t.<\/p>\n<p>&#8220;Sare\u017e\u0123\u012bti, ja ir traheostoma, m\u0101ksl\u012bga atvere, lai nodro\u0161in\u0101tu elpo\u0161anu. Un soci\u0101lais dienests nav gatavs gana \u0101tri izskat\u012bt pakalpojumu. Dokumentu izskat\u012b\u0161ana pa\u0146em zin\u0101mu laiku. Bet mums \u2013 ja iz\u0101rst\u0113ts, rakst\u0101s \u0101r\u0101, aiz durv\u012bm ir rinda,&#8221; pauda Tizika.<\/p>\n<p>\u0160o situ\u0101ciju zina ar\u012b Vesel\u012bbas ministrij\u0101 (VM).<\/p>\n<p>&#8220;T\u0101 ir probl\u0113ma. Vesel\u012bbas ministrij\u0101 zina par \u0161o situ\u0101ciju. Kad slimn\u012bcu gultas vietas, kuru izmaksas nav mazas, aiz\u0146em seniori. Ir piecas dienas pirms vieniem sv\u0113tkiem un piecas p\u0113c otriem, tiek liegta vieta pacientiem, kam t\u0101 nepiecie\u0161ama,&#8221; teica VM \u0100rstniec\u012bbas departamenta vad\u012bt\u0101ja\u00a0Sanita Janka.<\/p>\n<p>&#8220;Ir j\u0101risina jaut\u0101jums par tr\u016bksto\u0161aj\u0101m terapijas gult\u0101m R\u012bg\u0101. Bet ar soci\u0101lajiem dienestiem \u2013 tom\u0113r izrakst\u012bt. Un, ja tuvinieki nevar kopt, tad mekl\u0113t risin\u0101jumus.&#8221;<\/p>\n<p>Ta\u010du ne\u00a0ar vienu likumu nevar noteikt, ka par savu nevar\u012bgo mammu vai t\u0113ti ir j\u0101r\u016bp\u0113jas. Ta\u010du \u0101rsti uzskata, ka ir kaut kas p\u0101r\u0101ks par likumu.<\/p>\n<p>&#8220;Es nevaru iedom\u0101ties situ\u0101ciju, kad es varu atteikties no saviem vec\u0101kiem. Tas ir mor\u0101les jaut\u0101jums. Tas ir attieksmes jaut\u0101jums. Un nereti kaimi\u0146i ir tuv\u0101ki,&#8221; pauda Vi\u0161\u0146akovs.<\/p>\n<p>Ab\u0101s liel\u0101kaj\u0101 slimn\u012bc\u0101s vair\u0101ki negrib\u0113tie sv\u0113tkus sagaid\u012bs uz\u0146em\u0161an\u0101, kur tikai pl\u0101ni aizkari vi\u0146us\u00a0nodala no tiem, kuriem tie\u0161\u0101m nepiecie\u0161ama ak\u016bta \u0101rst\u0113\u0161ana.<\/p>\n<p>                    Valodas k\u013c\u016bda rakst\u0101?<\/p>\n<p class=\"d-none d-md-block\">Iez\u012bm\u0113jiet tekstu un spiediet Ctrl+Enter, lai nos\u016bt\u012btu labojamo teksta fragmentu redaktoram! Par faktu k\u013c\u016bd\u0101m l\u016bdzam zi\u0146ot e-past\u0101 <a href=\"https:\/\/www.lsm.lv\/cdn-cgi\/l\/email-protection\" class=\"__cf_email__\" data-cfemail=\"e39186878288808a8982a38f908ecd8f95\" rel=\"nofollow noopener\" target=\"_blank\">[email\u00a0protected]<\/a>.<\/p>\n<p class=\"d-md-none\">Iez\u012bm\u0113jiet tekstu un spiediet uz Zi\u0146ot par k\u013c\u016bdu pogas, lai nos\u016bt\u012btu labojamo teksta fragmentu redaktoram!<\/p>\n<p>\n                    Zi\u0146ot par k\u013c\u016bdu\n                <\/p>\n","protected":false},"excerpt":{"rendered":"Katru gadu par sv\u0113tku tuvo\u0161anos slimn\u012bc\u0101s liecina ar\u012b k\u0101da skumja trad\u012bcija. \u0122imenes cen\u0161as savus gulo\u0161os tuviniekus sv\u0113tku laik\u0101&hellip;\n","protected":false},"author":2,"featured_media":81288,"comment_status":"","ping_status":"","sticky":false,"template":"","format":"standard","meta":{"footnotes":""},"categories":[12],"tags":[23,28,29,32,33,22,30,31,35,39,38,36,37,34,40,20,26,27,24,25,21],"class_list":{"0":"post-81287","1":"post","2":"type-post","3":"status-publish","4":"format-standard","5":"has-post-thumbnail","7":"category-latvija","8":"tag-aktualitates","9":"tag-breaking-news","10":"tag-breakingnews","11":"tag-featured-news","12":"tag-featurednews","13":"tag-headlines","14":"tag-latest-news","15":"tag-latestnews","16":"tag-latvia","17":"tag-latvian","18":"tag-latviesu","19":"tag-latviesu-valoda","20":"tag-latviesuvaloda","21":"tag-latvija","22":"tag-lv","23":"tag-news","24":"tag-popularakas-zinas","25":"tag-popularakaszinas","26":"tag-top-stories","27":"tag-topstories","28":"tag-zinas"},"share_on_mastodon":{"url":"https:\/\/pubeurope.com\/@lv\/115753483307491631","error":""},"_links":{"self":[{"href":"https:\/\/www.europesays.com\/lv\/wp-json\/wp\/v2\/posts\/81287","targetHints":{"allow":["GET"]}}],"collection":[{"href":"https:\/\/www.europesays.com\/lv\/wp-json\/wp\/v2\/posts"}],"about":[{"href":"https:\/\/www.europesays.com\/lv\/wp-json\/wp\/v2\/types\/post"}],"author":[{"embeddable":true,"href":"https:\/\/www.europesays.com\/lv\/wp-json\/wp\/v2\/users\/2"}],"replies":[{"embeddable":true,"href":"https:\/\/www.europesays.com\/lv\/wp-json\/wp\/v2\/comments?post=81287"}],"version-history":[{"count":0,"href":"https:\/\/www.europesays.com\/lv\/wp-json\/wp\/v2\/posts\/81287\/revisions"}],"wp:featuredmedia":[{"embeddable":true,"href":"https:\/\/www.europesays.com\/lv\/wp-json\/wp\/v2\/media\/81288"}],"wp:attachment":[{"href":"https:\/\/www.europesays.com\/lv\/wp-json\/wp\/v2\/media?parent=81287"}],"wp:term":[{"taxonomy":"category","embeddable":true,"href":"https:\/\/www.europesays.com\/lv\/wp-json\/wp\/v2\/categories?post=81287"},{"taxonomy":"post_tag","embeddable":true,"href":"https:\/\/www.europesays.com\/lv\/wp-json\/wp\/v2\/tags?post=81287"}],"curies":[{"name":"wp","href":"https:\/\/api.w.org\/{rel}","templated":true}]}}