{"id":81289,"date":"2025-12-20T19:12:13","date_gmt":"2025-12-20T19:12:13","guid":{"rendered":"https:\/\/www.europesays.com\/lv\/81289\/"},"modified":"2025-12-20T19:12:13","modified_gmt":"2025-12-20T19:12:13","slug":"video-%e2%9f%a9-es-nenoticeju-ka-vins-bus-miris-mammas-ineses-stasts-par-nepadosanos","status":"publish","type":"post","link":"https:\/\/www.europesays.com\/lv\/81289\/","title":{"rendered":"VIDEO \u27e9 &#8220;Es nenotic\u0113ju, ka vi\u0146\u0161 b\u016bs miris.&#8221; Mammas Ineses st\u0101sts par nepado\u0161anos"},"content":{"rendered":"<p>2015. gad\u0101 Inese sa\u0146\u0113ma zvanu par to, ka viens no vi\u0146as d\u0113liem cietis smag\u0101 av\u0101rij\u0101. \u0100rsti bija p\u0101rliecin\u0101ti, ka vi\u0146\u0161 neizdz\u012bvos.<\/p>\n<p>&#8220;Kad tev pasaka, ka b\u0113rns faktiski ir aizg\u0101jis boj\u0101, jo man deva 99 %, ka vi\u0146\u0161 neizdz\u012bvos, tikai tas viens procents bija, tad tu vienk\u0101r\u0161i brauc un nevari saprast, jo t\u0101 realit\u0101te&#8230;&#8221; sac\u012bja Inese, nor\u0101dot, ka to ir gr\u016bti aptvert.<\/p>\n<p>Vi\u0146a nesl\u0113pa, ka dz\u012bve p\u0113c \u0161\u012b notikuma apst\u0101j\u0101s. J\u0101, vi\u0146as d\u0113lam tobr\u012bd bija jau 25 gadi, ta\u010du b\u0113rns mammai jebkur\u0101 vecum\u0101 ir b\u0113rns, t\u0101p\u0113c vi\u0146u tobr\u012bd neinteres\u0113ja nekas cits, tikai d\u0113la st\u0101voklis.<\/p>\n<p>Pusgadu v\u0113l\u0101k Ineses <a href=\"https:\/\/www.apollo.lv\/term\/602261\/dels\" class=\"topicLink\" target=\"_blank\" rel=\"nofollow noopener\">d\u0113ls<\/a> tik tie\u0161\u0101m pamod\u0101s, ta\u010du, protams, smagais negad\u012bjums un ilgsto\u0161\u0101 atra\u0161an\u0101s kom\u0101 bija atst\u0101jusi sekas. \u0160obr\u012bd vi\u0146am atjaunoju\u0161ies aptuveni 70 % no vis\u0101m \u0137erme\u0146a funkcij\u0101m. Da\u013ca \u0137erme\u0146a ir paraliz\u0113ta.<\/p>\n<p>Vair\u0101k skatieties raid\u012bjum\u0101!<\/p>\n","protected":false},"excerpt":{"rendered":"2015. gad\u0101 Inese sa\u0146\u0113ma zvanu par to, ka viens no vi\u0146as d\u0113liem cietis smag\u0101 av\u0101rij\u0101. \u0100rsti bija p\u0101rliecin\u0101ti,&hellip;\n","protected":false},"author":2,"featured_media":44085,"comment_status":"","ping_status":"","sticky":false,"template":"","format":"standard","meta":{"footnotes":""},"categories":[5],"tags":[23,2849,28,29,20426,20427,32,33,22,30,31,35,39,38,36,37,34,40,20,26,27,24,25,21],"class_list":{"0":"post-81289","1":"post","2":"type-post","3":"status-publish","4":"format-standard","5":"has-post-thumbnail","7":"category-aktualitates","8":"tag-aktualitates","9":"tag-avarija","10":"tag-breaking-news","11":"tag-breakingnews","12":"tag-dels","13":"tag-dzivei-nav-melnraksta","14":"tag-featured-news","15":"tag-featurednews","16":"tag-headlines","17":"tag-latest-news","18":"tag-latestnews","19":"tag-latvia","20":"tag-latvian","21":"tag-latviesu","22":"tag-latviesu-valoda","23":"tag-latviesuvaloda","24":"tag-latvija","25":"tag-lv","26":"tag-news","27":"tag-popularakas-zinas","28":"tag-popularakaszinas","29":"tag-top-stories","30":"tag-topstories","31":"tag-zinas"},"share_on_mastodon":{"url":"https:\/\/pubeurope.com\/@lv\/115753487134080856","error":""},"_links":{"self":[{"href":"https:\/\/www.europesays.com\/lv\/wp-json\/wp\/v2\/posts\/81289","targetHints":{"allow":["GET"]}}],"collection":[{"href":"https:\/\/www.europesays.com\/lv\/wp-json\/wp\/v2\/posts"}],"about":[{"href":"https:\/\/www.europesays.com\/lv\/wp-json\/wp\/v2\/types\/post"}],"author":[{"embeddable":true,"href":"https:\/\/www.europesays.com\/lv\/wp-json\/wp\/v2\/users\/2"}],"replies":[{"embeddable":true,"href":"https:\/\/www.europesays.com\/lv\/wp-json\/wp\/v2\/comments?post=81289"}],"version-history":[{"count":0,"href":"https:\/\/www.europesays.com\/lv\/wp-json\/wp\/v2\/posts\/81289\/revisions"}],"wp:featuredmedia":[{"embeddable":true,"href":"https:\/\/www.europesays.com\/lv\/wp-json\/wp\/v2\/media\/44085"}],"wp:attachment":[{"href":"https:\/\/www.europesays.com\/lv\/wp-json\/wp\/v2\/media?parent=81289"}],"wp:term":[{"taxonomy":"category","embeddable":true,"href":"https:\/\/www.europesays.com\/lv\/wp-json\/wp\/v2\/categories?post=81289"},{"taxonomy":"post_tag","embeddable":true,"href":"https:\/\/www.europesays.com\/lv\/wp-json\/wp\/v2\/tags?post=81289"}],"curies":[{"name":"wp","href":"https:\/\/api.w.org\/{rel}","templated":true}]}}