{"id":81292,"date":"2025-12-20T19:17:11","date_gmt":"2025-12-20T19:17:11","guid":{"rendered":"https:\/\/www.europesays.com\/lv\/81292\/"},"modified":"2025-12-20T19:17:11","modified_gmt":"2025-12-20T19:17:11","slug":"rigas-dome-atbrivo-pilsetas-attistibas-departamenta-direktori-ilzi-purmali-saistiba-ar-skanstes-projekta-problemam-lente-lv","status":"publish","type":"post","link":"https:\/\/www.europesays.com\/lv\/81292\/","title":{"rendered":"R\u012bgas dome atbr\u012bvo Pils\u0113tas att\u012bst\u012bbas departamenta direktori Ilzi Purmali saist\u012bb\u0101 ar Skanstes projekta probl\u0113m\u0101m\u00a0\u2014\u00a0Lente.lv"},"content":{"rendered":"<p>R\u012bgas domes l\u0113mums: Dienesta izmekl\u0113\u0161ana noveda pie atlai\u0161anas<\/p>\n<p>Tre\u0161dien, 17. decembr\u012b, R\u012bgas dome \u0101rk\u0101rtas s\u0113d\u0113 ar balsu vair\u0101kumu pie\u0146\u0113ma l\u0113mumu no amata atbr\u012bvot Pils\u0113tas att\u012bst\u012bbas departamenta (PAD) direktori Ilzi Purmali. K\u0101 inform\u0113 port\u0101ls jauns.lv, \u0161\u0101ds radik\u0101ls solis sperts, pamatojoties uz Darba likuma norm\u0101m, kas paredz iesp\u0113ju atbr\u012bvot darbinieku par prettiesisku r\u012bc\u012bbu, k\u0101 rezult\u0101t\u0101 tiek zaud\u0113ta darba dev\u0113ja uztic\u012bba. L\u0113mums tika pie\u0146emts p\u0113c ilgsto\u0161\u0101m diskusij\u0101m domes s\u0113d\u0113, kas ilga tr\u012bs stundas. Tiek uzsv\u0113rts, ka atlai\u0161ana ir tie\u0161a sekas disciplin\u0101rlietas izmekl\u0113\u0161anas rezult\u0101tiem, kas nor\u0101d\u012bja uz b\u016btiskiem p\u0101rk\u0101pumiem ilgsto\u0161i vadot vienu no pils\u0113tas svar\u012bg\u0101kajiem dienestiem.<\/p>\n<p>Skanstes projekta bezdarb\u012bba k\u0101 centr\u0101lais iemesls<\/p>\n<p>Galvenais iemesls, kas noveda pie tik nopietna l\u0113muma, bija saist\u012bts ar v\u0113rien\u012bg\u0101 Skanstes revitaliz\u0101cijas projekta gaitu un taj\u0101 konstat\u0113taj\u0101m nepiln\u012bb\u0101m. Izmekl\u0113\u0161an\u0101 secin\u0101ts, ka Ilze Purmale pie\u013c\u0101vusi ilgsto\u0161u bezdarb\u012bbu un nepien\u0101c\u012bgu administrat\u012bvo darbu PAD vad\u012bb\u0101 \u0161\u012b projekta \u012bsteno\u0161an\u0101. Konkr\u0113ti, departaments nenodro\u0161in\u0101ja b\u016bvdarbu veic\u0113ja saist\u012bbu izpildi p\u0113c l\u012bguma lau\u0161anas, proti, netika nodro\u0161in\u0101ta projekta laik\u0101 uz priv\u0101t\u012bpa\u0161umiem izveidot\u0101s grunts atb\u0113rtnes savlaic\u012bga aizv\u0101k\u0161ana. \u0160\u0101da r\u012bc\u012bba rad\u012bja priek\u0161noteikumus, ka par grunts att\u012br\u012b\u0161anu tagad k\u013cuvusi atbild\u012bga pa\u0161vald\u012bba, uz\u0146emoties b\u016btisku finansi\u0101lu risku un aizskarot tre\u0161o personu \u012bpa\u0161uma ties\u012bbas.<\/p>\n<p>Disciplin\u0101rlietas atzinumi un tiesiskuma jaut\u0101jumi<\/p>\n<p>Disciplin\u0101rlietas izmekl\u0113\u0161ana atkl\u0101ja, ka I. Purmale nav nodro\u0161in\u0101jusi PAD darb\u012bbas tiesiskumu un apzin\u0101ti nav centusies tiesiski korekt\u0101 veid\u0101 risin\u0101t radu\u0161os juridisko probl\u0113mu. Tiek min\u0113ts, ka tr\u012bs gadu laik\u0101 no vi\u0146as puses notikusi prettiesiska pa\u013cau\u0161an\u0101s, ka sare\u017e\u0123\u012bt\u0101 situ\u0101cija atrisin\u0101sies pa\u0161roc\u012bgi. Turkl\u0101t izmekl\u0113\u0161an\u0101 nor\u0101d\u012bts, ka departamenta direktore, iesp\u0113jams, ignor\u0113jusi iepirkuma dal\u012bbnieku ieteikumus un jaut\u0101jumus, kas saist\u012bti ar grunts s\u0113\u0161anos un pies\u0101r\u0146ojuma riskiem projekta s\u0101kuma stadij\u0101.<\/p>\n<p>Projekta m\u0113rogs un finansi\u0101lais konteksts<\/p>\n<p>Skanstes revitaliz\u0101cijas projekts, kura m\u0113r\u0137is ir veidot modernu pils\u0113tvidi 15 hekt\u0101ru plat\u012bb\u0101 ar jaunu parku un iel\u0101m, jau ir guvis iev\u0113rojamu atbalstu. Pirm\u0101 k\u0101rta tika atkl\u0101ta 2025. gada maij\u0101, \u012bstenota ar ES fondu, valsts un pa\u0161vald\u012bbas l\u012bdzfinans\u0113jumu. Kop\u0113j\u0101s projekta izmaksas sasniedz 21,7 miljonus eiro. \u0160\u012b aizkav\u0113\u0161an\u0101s un radu\u0161ies finan\u0161u riski, kas saist\u012bti ar pies\u0101r\u0146ot\u0101s grunts jaut\u0101jumu, ir tie, kas tie\u0161i ietekm\u0113ja domes l\u0113mumu par augst\u0101k\u0101s amatpersonas atbild\u012bbu.<\/p>\n<p>Purmales poz\u012bcija un turpm\u0101kie so\u013ci<\/p>\n<p>S\u0113des laik\u0101 Ilze Purmale pauda savu nost\u0101ju, apgalvojot, ka disciplin\u0101r\u0101s izmekl\u0113\u0161anas proces\u0101 vi\u0146as sniegtie paskaidrojumi netika \u0146emti v\u0113r\u0101. Vi\u0146a uzsv\u0113ra, ka gan vi\u0146a, gan departaments joproj\u0101m saglab\u0101 p\u0101rliec\u012bbu par savu profesion\u0101lo un likum\u012bgo r\u012bc\u012bbu. Purmale ar\u012b paudusi, ka uzskata par nepareizu pa\u0161vald\u012bbas uz\u0146em\u0161anos atbild\u012bbu par uz\u0146\u0113muma pie\u013cautajiem p\u0101rk\u0101pumiem. T\u0101d\u0113\u013c vi\u0146a ir gatava turpin\u0101t aizst\u0101v\u0113t savu un departamenta intereses ties\u0101, uzskatot, ka jaut\u0101jumu par taisn\u012bbu iz\u0161\u0137irs tiesa. Lai gan atbalsts vi\u0146as atst\u0101din\u0101\u0161anai bija 34 deput\u0101tiem, da\u013ca deput\u0101tu no frakcij\u0101m \u201cStabilit\u0101te\u201d un \u201cSuver\u0113n\u0101 vara\/Apvien\u012bbas jaunlatvie\u0161i\u201d balsojum\u0101 attur\u0113j\u0101s vai balsoja pret.<\/p>\n<p>Ietekme uz R\u012bgas p\u0101rvaldi<\/p>\n<p>Pils\u0113tas att\u012bst\u012bbas departamenta vad\u012bt\u0101ja amats ir viens no R\u012bgas pils\u0113tb\u016bvniec\u012bbas \u201csmadzen\u0113m\u201d, kas nosaka pils\u0113tas att\u012bst\u012bbas virzienu. \u0160\u0101da l\u012bme\u0146a amatpersonas atlai\u0161ana rada neizb\u0113gamas p\u0101rmai\u0146as un liek domei saskarties ar izaicin\u0101jumu nodro\u0161in\u0101t nep\u0101rtraukt\u012bbu svar\u012bgajos att\u012bst\u012bbas projektos. Sabiedr\u012bba ar interesi gaida inform\u0101ciju par to, kur\u0161 ie\u0146ems Ilzes Purmales amatu, un cer uz caursp\u012bd\u012bg\u0101ku un \u0101tr\u0101ku l\u0113mumu pie\u0146em\u0161anu turpm\u0101k.<\/p>\n","protected":false},"excerpt":{"rendered":"R\u012bgas domes l\u0113mums: Dienesta izmekl\u0113\u0161ana noveda pie atlai\u0161anas Tre\u0161dien, 17. decembr\u012b, R\u012bgas dome \u0101rk\u0101rtas s\u0113d\u0113 ar balsu vair\u0101kumu&hellip;\n","protected":false},"author":2,"featured_media":81293,"comment_status":"","ping_status":"","sticky":false,"template":"","format":"standard","meta":{"footnotes":""},"categories":[12],"tags":[23,28,29,20430,32,33,22,16000,30,31,35,39,38,36,37,34,40,20,20428,26,27,687,20429,24,25,21],"class_list":{"0":"post-81292","1":"post","2":"type-post","3":"status-publish","4":"format-standard","5":"has-post-thumbnail","7":"category-latvija","8":"tag-aktualitates","9":"tag-breaking-news","10":"tag-breakingnews","11":"tag-departamenta-direktora-atlaisana","12":"tag-featured-news","13":"tag-featurednews","14":"tag-headlines","15":"tag-ilze-purmale","16":"tag-latest-news","17":"tag-latestnews","18":"tag-latvia","19":"tag-latvian","20":"tag-latviesu","21":"tag-latviesu-valoda","22":"tag-latviesuvaloda","23":"tag-latvija","24":"tag-lv","25":"tag-news","26":"tag-pilsetas-attistibas-departaments","27":"tag-popularakas-zinas","28":"tag-popularakaszinas","29":"tag-rigas-dome","30":"tag-skanstes-projekts","31":"tag-top-stories","32":"tag-topstories","33":"tag-zinas"},"share_on_mastodon":{"url":"","error":"Validation failed: Text character limit of 500 exceeded"},"_links":{"self":[{"href":"https:\/\/www.europesays.com\/lv\/wp-json\/wp\/v2\/posts\/81292","targetHints":{"allow":["GET"]}}],"collection":[{"href":"https:\/\/www.europesays.com\/lv\/wp-json\/wp\/v2\/posts"}],"about":[{"href":"https:\/\/www.europesays.com\/lv\/wp-json\/wp\/v2\/types\/post"}],"author":[{"embeddable":true,"href":"https:\/\/www.europesays.com\/lv\/wp-json\/wp\/v2\/users\/2"}],"replies":[{"embeddable":true,"href":"https:\/\/www.europesays.com\/lv\/wp-json\/wp\/v2\/comments?post=81292"}],"version-history":[{"count":0,"href":"https:\/\/www.europesays.com\/lv\/wp-json\/wp\/v2\/posts\/81292\/revisions"}],"wp:featuredmedia":[{"embeddable":true,"href":"https:\/\/www.europesays.com\/lv\/wp-json\/wp\/v2\/media\/81293"}],"wp:attachment":[{"href":"https:\/\/www.europesays.com\/lv\/wp-json\/wp\/v2\/media?parent=81292"}],"wp:term":[{"taxonomy":"category","embeddable":true,"href":"https:\/\/www.europesays.com\/lv\/wp-json\/wp\/v2\/categories?post=81292"},{"taxonomy":"post_tag","embeddable":true,"href":"https:\/\/www.europesays.com\/lv\/wp-json\/wp\/v2\/tags?post=81292"}],"curies":[{"name":"wp","href":"https:\/\/api.w.org\/{rel}","templated":true}]}}