{"id":81299,"date":"2025-12-20T19:23:13","date_gmt":"2025-12-20T19:23:13","guid":{"rendered":"https:\/\/www.europesays.com\/lv\/81299\/"},"modified":"2025-12-20T19:23:13","modified_gmt":"2025-12-20T19:23:13","slug":"kapec-ir-tik-daudz-ercu-un-ka-silta-ziema-ietekmes-sos-kukainus-skaidro-specialists","status":"publish","type":"post","link":"https:\/\/www.europesays.com\/lv\/81299\/","title":{"rendered":"K\u0101p\u0113c ir tik daudz \u0113r\u010du un k\u0101 silta ziema ietekm\u0113s \u0161os \u201ckukai\u0146us\u201d, skaidro speci\u0101lists"},"content":{"rendered":"<p>    <img decoding=\"async\" src=\"https:\/\/www.europesays.com\/lv\/wp-content\/uploads\/2025\/12\/Nonemta-erce_09_06_2023-1-800x534.jpg\" alt=\"&#10;\"\/><\/p>\n<p>Publicit\u0101tes foto.\n<\/p>\n<p>13:37, 20. decembris 2025<\/p>\n<p>\u0112rces tagad arvien var bie\u017e\u0101k sastapt ne tikai me\u017eos, bet ar\u012b pils\u0113tu parkos un laukumos. Siltas ziemas un agrs pavasaris veicina \u0113r\u010du agr\u0101ku aktiviz\u0113\u0161anos.  <\/p>\n<p>        Las\u012bt\u0101kie<br \/>\n        <a data-imagesrc=\"{&quot;300&quot;:&quot;https:\\\/\\\/lastatic.ams3.cdn.digitaloceanspaces.com\\\/2025\\\/12\\\/pexels-sound-on-3760694-300x176.jpg&quot;,&quot;1024&quot;:&quot;https:\\\/\\\/lastatic.ams3.cdn.digitaloceanspaces.com\\\/2025\\\/12\\\/pexels-sound-on-3760694-1024x600.jpg&quot;,&quot;1536&quot;:&quot;https:\\\/\\\/lastatic.ams3.cdn.digitaloceanspaces.com\\\/2025\\\/12\\\/pexels-sound-on-3760694-1536x900.jpg&quot;,&quot;500&quot;:&quot;https:\\\/\\\/lastatic.ams3.cdn.digitaloceanspaces.com\\\/2025\\\/12\\\/pexels-sound-on-3760694-500x293.jpg&quot;,&quot;800&quot;:&quot;https:\\\/\\\/lastatic.ams3.cdn.digitaloceanspaces.com\\\/2025\\\/12\\\/pexels-sound-on-3760694-800x469.jpg&quot;,&quot;2560&quot;:&quot;https:\\\/\\\/lastatic.ams3.cdn.digitaloceanspaces.com\\\/2025\\\/12\\\/pexels-sound-on-3760694-scaled.jpg&quot;}\" data-focuspoint=\"&quot;&quot;\" data-p=\"2484172\" href=\"https:\/\/www.la.lv\/sis-5-horoskopa-zimes-ir-vislielakas-intrigu-verpejas-un-sveti-tic-sazverestibam\" class=\"content-item lazy-load\" wp_automatic_readability=\"26\" rel=\"nofollow noopener\" target=\"_blank\"><\/p>\n<p>                                <img decoding=\"async\" src=\"\" alt=\"\" style=\"\" data-imageid=\"\"\/><\/p>\n<p>                                Kokteilis<\/p>\n<p>\n                                                \u0160\u012bs 5 horoskopa z\u012bmes ir visliel\u0101k\u0101s intrigu v\u0113rp\u0113jas un sv\u0113ti tic sazv\u0113rest\u012bb\u0101m\n                            <\/p>\n<p><\/a><a data-imagesrc=\"{&quot;300&quot;:&quot;https:\\\/\\\/lastatic.ams3.cdn.digitaloceanspaces.com\\\/2016\\\/08\\\/9autoceli-300x200.jpg&quot;,&quot;768&quot;:&quot;https:\\\/\\\/lastatic.ams3.cdn.digitaloceanspaces.com\\\/2016\\\/08\\\/9autoceli-768x511.jpg&quot;,&quot;80&quot;:&quot;https:\\\/\\\/lastatic.ams3.cdn.digitaloceanspaces.com\\\/2016\\\/08\\\/9autoceli-80x48.jpg&quot;,&quot;112&quot;:&quot;https:\\\/\\\/lastatic.ams3.cdn.digitaloceanspaces.com\\\/2016\\\/08\\\/9autoceli-112x64.jpg&quot;,&quot;664&quot;:&quot;https:\\\/\\\/lastatic.ams3.cdn.digitaloceanspaces.com\\\/2016\\\/08\\\/9autoceli-664x442.jpg&quot;,&quot;241&quot;:&quot;https:\\\/\\\/lastatic.ams3.cdn.digitaloceanspaces.com\\\/2016\\\/08\\\/9autoceli-241x160.jpg&quot;,&quot;263&quot;:&quot;https:\\\/\\\/lastatic.ams3.cdn.digitaloceanspaces.com\\\/2016\\\/08\\\/9autoceli-263x175.jpg&quot;,&quot;508&quot;:&quot;https:\\\/\\\/lastatic.ams3.cdn.digitaloceanspaces.com\\\/2016\\\/08\\\/9autoceli-508x338.jpg&quot;,&quot;118&quot;:&quot;https:\\\/\\\/lastatic.ams3.cdn.digitaloceanspaces.com\\\/2016\\\/08\\\/9autoceli-118x70.jpg&quot;,&quot;348&quot;:&quot;https:\\\/\\\/lastatic.ams3.cdn.digitaloceanspaces.com\\\/2016\\\/08\\\/9autoceli-348x225.jpg&quot;,&quot;640&quot;:&quot;https:\\\/\\\/lastatic.ams3.cdn.digitaloceanspaces.com\\\/2016\\\/08\\\/9autoceli-640x640.jpg&quot;,&quot;90&quot;:&quot;https:\\\/\\\/lastatic.ams3.cdn.digitaloceanspaces.com\\\/2016\\\/08\\\/9autoceli-90x58.jpg&quot;,&quot;1000&quot;:&quot;https:\\\/\\\/lastatic.ams3.cdn.digitaloceanspaces.com\\\/2016\\\/08\\\/9autoceli.jpg&quot;}\" data-focuspoint=\"&quot;&quot;\" data-p=\"2481738\" href=\"https:\/\/www.la.lv\/cik-ilgi-mes-lausim-musu-augstskolam-sezot-zem-nato-lietussarga-sada-veida-pelnit-berzins-norada-uz-bezjedzibam-valsti\" class=\"content-item lazy-load\" wp_automatic_readability=\"27.5\" rel=\"nofollow noopener\" target=\"_blank\"><\/p>\n<p>                                <img decoding=\"async\" src=\"\" alt=\"\" style=\"\" data-imageid=\"\"\/><\/p>\n<p>                                TV24<\/p>\n<p>                                            \u201cCik ilgi m\u0113s \u013causim m\u016bsu augstskol\u0101m, s\u0113\u017eot zem NATO lietussarga, \u0161\u0101d\u0101 veid\u0101 peln\u012bt?\u201d B\u0113rzi\u0146\u0161 nor\u0101da uz bezj\u0113dz\u012bb\u0101m valst\u012b\n                            <\/p>\n<p><\/a><a data-imagesrc=\"{&quot;300&quot;:&quot;https:\\\/\\\/lastatic.ams3.cdn.digitaloceanspaces.com\\\/2020\\\/03\\\/AFP_1Q96W1-1-300x200.jpg&quot;,&quot;768&quot;:&quot;https:\\\/\\\/lastatic.ams3.cdn.digitaloceanspaces.com\\\/2020\\\/03\\\/AFP_1Q96W1-1-768x512.jpg&quot;,&quot;200&quot;:&quot;https:\\\/\\\/lastatic.ams3.cdn.digitaloceanspaces.com\\\/2020\\\/03\\\/AFP_1Q96W1-1-200x133.jpg&quot;,&quot;400&quot;:&quot;https:\\\/\\\/lastatic.ams3.cdn.digitaloceanspaces.com\\\/2020\\\/03\\\/AFP_1Q96W1-1-400x267.jpg&quot;,&quot;500&quot;:&quot;https:\\\/\\\/lastatic.ams3.cdn.digitaloceanspaces.com\\\/2020\\\/03\\\/AFP_1Q96W1-1-500x334.jpg&quot;,&quot;800&quot;:&quot;https:\\\/\\\/lastatic.ams3.cdn.digitaloceanspaces.com\\\/2020\\\/03\\\/AFP_1Q96W1-1-800x534.jpg&quot;,&quot;1000&quot;:&quot;https:\\\/\\\/lastatic.ams3.cdn.digitaloceanspaces.com\\\/2020\\\/03\\\/AFP_1Q96W1-1.jpg&quot;}\" data-focuspoint=\"&quot;&quot;\" data-p=\"2484247\" href=\"https:\/\/www.la.lv\/lidmasinu-momenta-meta-rinki-pasazieri-atklaj-ka-iekapusi-kopa-ar-liki\" class=\"content-item lazy-load\" wp_automatic_readability=\"26.5\" rel=\"nofollow noopener\" target=\"_blank\"><\/p>\n<p>                                <img decoding=\"async\" src=\"\" alt=\"\" style=\"\" data-imageid=\"\"\/><\/p>\n<p>\n                                                Lidma\u0161\u012bnu moment\u0101 \u201cmeta ri\u0146\u0137\u012b\u201d. Pasa\u017eieri atkl\u0101j, ka \u201ciek\u0101pu\u0161i\u201d kop\u0101 ar l\u012b\u0137i\n                            <\/p>\n<p><\/a><br \/>\n        <a class=\"read-more\" href=\"https:\/\/www.la.lv\/top\" rel=\"nofollow noopener\" target=\"_blank\">Las\u012bt citas zi\u0146as<\/a><\/p>\n<p>Vai \u0113rces patie\u0161\u0101m nu k\u013c\u016bst akt\u012bvas agr\u0101k un t\u0101das ir ilg\u0101k, un kad j\u0101s\u0101k uzman\u012bties no kodumiem?  Ja gada aukstais periods sa\u012bsin\u0101s, \u0113r\u010du aktivit\u0101tes ilgums palielin\u0101s. Attiec\u012bgi pieaug ar\u012b kodumu risks. Turkl\u0101t ne tikai me\u017eos, bet ar\u012b pils\u0113tvid\u0113 \u2013 parkos, laukumos un za\u013caj\u0101s zon\u0101s, jo \u0113r\u010du popul\u0101cija kopum\u0101 ir palielin\u0101jusies. <\/p>\n<p>Viens no iemesliem ir tas, ka pils\u0113t\u0101s dezinsekcija gandr\u012bz netiek veikta \u2013 za\u013c\u0101s zonas reti tiek apstr\u0101d\u0101tas ar speci\u0101liem l\u012bdzek\u013ciem, kas izn\u012bcina \u0113rces un citus kukai\u0146us. Turkl\u0101t pils\u0113tvid\u0113 \u0113rc\u0113m gandr\u012bz nav dabisko ienaidnieku. <\/p>\n<p>    CITI \u0160OBR\u012aD LASA<\/p>\n<p>Klimata sasil\u0161anai ir ar\u012b papildu ietekme \u2013 gada vid\u0113j\u0101s temperat\u016bras paaugstin\u0101\u0161an\u0101s papla\u0161ina \u0113r\u010du izplat\u012bbas teritoriju un pagarina to akt\u012bv\u0101s dz\u012bves periodu.<\/p>\n<p>Run\u0101jot par paaugstin\u0101tu infic\u0113\u0161an\u0101s risku silt\u0101 laika d\u0113\u013c, tie\u0161as saist\u012bbas ar \u0113r\u010du encefal\u012btu nav, saka speci\u0101listi. Ta\u010du situ\u0101cija ar boreliozi ir cit\u0101da \u2013 jo ilg\u0101ks ir \u0113r\u010du akt\u012bv\u0101s dz\u012bves periods, jo liel\u0101ka ir iesp\u0113ja, ka t\u0101s sav\u0101 dz\u012bves cikl\u0101 infic\u0113sies ar boreliozi un k\u013c\u016bs b\u012bstamas cilv\u0113kiem.<\/p>\n<p>Vai \u0113r\u010du patie\u0161\u0101m ir vair\u0101k, vai m\u0113s t\u0101s vienk\u0101r\u0161i paman\u0101m bie\u017e\u0101k?<\/p>\n<p>Prec\u012bzas statistikas nav, ta\u010du vizu\u0101li \u0113r\u010du tie\u0161\u0101m ir k\u013cuvis vair\u0101k. Vienlaikus sabiedr\u012bba \u0161obr\u012bd ir inform\u0113t\u0101ka par Laima slim\u012bbu, un cilv\u0113ki akt\u012bv\u0101k tiek mudin\u0101ti p\u0101rbaud\u012bties p\u0113c uztur\u0113\u0161an\u0101s dab\u0101. T\u0101p\u0113c \u0113rces tiek uzietas bie\u017e\u0101k. Agr\u0101k nereti gad\u012bj\u0101s, ka pacienti pie \u0101rstiem v\u0113rs\u0101s tikai p\u0113c ned\u0113\u013cas vai pat div\u0101m, jo vienk\u0101r\u0161i nepaman\u012bja agr\u0101k \u0113rci uz \u0137erme\u0146a.<\/p>\n<p>L\u012bdz ar to pieaugus\u012b modr\u012bba da\u013c\u0113ji saist\u012bta ar akt\u012bvu informat\u012bvo darbu. Vienlaikus ar\u012b viz\u012b\u0161u skaits pie medi\u0137iem p\u0113c \u0113r\u010du kodumiem gadu no gada man\u0101mi palielin\u0101s. <\/p>\n<p>T\u0113mas<\/p>\n<p>    SAIST\u012aTIE RAKSTI<\/p>\n","protected":false},"excerpt":{"rendered":"Publicit\u0101tes foto. 13:37, 20. decembris 2025 \u0112rces tagad arvien var bie\u017e\u0101k sastapt ne tikai me\u017eos, bet ar\u012b pils\u0113tu&hellip;\n","protected":false},"author":2,"featured_media":81300,"comment_status":"","ping_status":"","sticky":false,"template":"","format":"standard","meta":{"footnotes":""},"categories":[12],"tags":[23,28,29,32,33,22,30,31,35,39,38,36,37,34,40,20,26,27,24,25,21],"class_list":{"0":"post-81299","1":"post","2":"type-post","3":"status-publish","4":"format-standard","5":"has-post-thumbnail","7":"category-latvija","8":"tag-aktualitates","9":"tag-breaking-news","10":"tag-breakingnews","11":"tag-featured-news","12":"tag-featurednews","13":"tag-headlines","14":"tag-latest-news","15":"tag-latestnews","16":"tag-latvia","17":"tag-latvian","18":"tag-latviesu","19":"tag-latviesu-valoda","20":"tag-latviesuvaloda","21":"tag-latvija","22":"tag-lv","23":"tag-news","24":"tag-popularakas-zinas","25":"tag-popularakaszinas","26":"tag-top-stories","27":"tag-topstories","28":"tag-zinas"},"share_on_mastodon":{"url":"https:\/\/pubeurope.com\/@lv\/115753530639425851","error":""},"_links":{"self":[{"href":"https:\/\/www.europesays.com\/lv\/wp-json\/wp\/v2\/posts\/81299","targetHints":{"allow":["GET"]}}],"collection":[{"href":"https:\/\/www.europesays.com\/lv\/wp-json\/wp\/v2\/posts"}],"about":[{"href":"https:\/\/www.europesays.com\/lv\/wp-json\/wp\/v2\/types\/post"}],"author":[{"embeddable":true,"href":"https:\/\/www.europesays.com\/lv\/wp-json\/wp\/v2\/users\/2"}],"replies":[{"embeddable":true,"href":"https:\/\/www.europesays.com\/lv\/wp-json\/wp\/v2\/comments?post=81299"}],"version-history":[{"count":0,"href":"https:\/\/www.europesays.com\/lv\/wp-json\/wp\/v2\/posts\/81299\/revisions"}],"wp:featuredmedia":[{"embeddable":true,"href":"https:\/\/www.europesays.com\/lv\/wp-json\/wp\/v2\/media\/81300"}],"wp:attachment":[{"href":"https:\/\/www.europesays.com\/lv\/wp-json\/wp\/v2\/media?parent=81299"}],"wp:term":[{"taxonomy":"category","embeddable":true,"href":"https:\/\/www.europesays.com\/lv\/wp-json\/wp\/v2\/categories?post=81299"},{"taxonomy":"post_tag","embeddable":true,"href":"https:\/\/www.europesays.com\/lv\/wp-json\/wp\/v2\/tags?post=81299"}],"curies":[{"name":"wp","href":"https:\/\/api.w.org\/{rel}","templated":true}]}}