{"id":81301,"date":"2025-12-20T19:24:17","date_gmt":"2025-12-20T19:24:17","guid":{"rendered":"https:\/\/www.europesays.com\/lv\/81301\/"},"modified":"2025-12-20T19:24:17","modified_gmt":"2025-12-20T19:24:17","slug":"trampa-partizaniskas-piezimes-izraisijusas-nekartibas-lente-lv","status":"publish","type":"post","link":"https:\/\/www.europesays.com\/lv\/81301\/","title":{"rendered":"Trampa partiz\u0101nisk\u0101s piez\u012bmes izrais\u012bju\u0161as nek\u0101rt\u012bbas\u00a0\u2014\u00a0Lente.lv"},"content":{"rendered":"<p>Deform\u0113ts V\u0113stures Atspulgs: Trampa Balt\u0101 nama portretu galerija izsauc skand\u0101lu<\/p>\n<p>Donalds Tramps izrais\u012bjis jaunu str\u012bdu par protokolu un piem\u0113rot\u012bbu, papildinot savu Prezidentu Slavas ce\u013ca portretu galeriju Baltaj\u0101 nam\u0101 ar neparast\u0101m, partiz\u0101niska rakstura pl\u0101ksn\u012bt\u0113m. \u0160\u012bs dekorat\u012bv\u0101s z\u012bmes Rietumsp\u0101rn\u0101, atkl\u0101j k\u0101ds zi\u0146u avots, ir piln\u012bb\u0101 ignor\u0113ju\u0161as piekl\u0101j\u012bbas normas, izmantojot valodu, kas vair\u0101k atg\u0101dina Trampa soci\u0101lo mediju stilu nek\u0101 diplom\u0101tisku ierakstu pie biju\u0161o valsts galvu att\u0113liem.<\/p>\n<p>Nesaudz\u012bgs v\u0113rt\u0113jums un nepamatoti apgalvojumi<\/p>\n<p>Sav\u0101 ierastaj\u0101 konfront\u0113jo\u0161aj\u0101 un polariz\u0113jo\u0161aj\u0101 manier\u0113, kas raksturo vi\u0146a publik\u0101cijas soci\u0101lajos t\u012bklos, biju\u0161ais ASV prezidents nevilcin\u0101s kritiz\u0113t savus priek\u0161g\u0101j\u0113jus. D\u017eo Baidens, kur\u0161, \u0161\u0137iet, sa\u0146em vissmag\u0101ko kritiku, tiek raksturots k\u0101 &#8220;Snaudo\u0161ais D\u017eo&#8221; (Sleepy Joe) un &#8220;neap\u0161aub\u0101mi slikt\u0101kais prezidents Amerikas v\u0113stur\u0113&#8221;, kur\u0161 &#8220;atvedis m\u016bsu N\u0101ciju uz izn\u012bc\u012bbas sliek\u0161\u0146a&#8221;. Tramps ar\u012b atk\u0101rtoti pau\u017e nepamatoto apgalvojumu par 2020. gada v\u0113l\u0113\u0161anu kr\u0101p\u0161anos, to d\u0113v\u0113jot par &#8220;viskorump\u0113t\u0101kaj\u0101m v\u0113l\u0113\u0161an\u0101m, k\u0101das jebkad redz\u0113tas Amerikas Savienotaj\u0101s Valst\u012bs&#8221;. P\u0113c Trampa dom\u0101m, D\u017eo Baidens pat neesot peln\u012bjis zelt\u012btu portretu. T\u0101 viet\u0101 pie vi\u0146a att\u0113la sienas Baltaj\u0101 nam\u0101 ir novietota fotogr\u0101fija ar &#8220;autom\u0101tisku pildspalvu&#8221; \u2013 ier\u012bci, ko valstu vad\u012bt\u0101ji izmanto, lai atvieglotu parakst\u012b\u0161anos uz vald\u012bbas dokumentiem.<\/p>\n<p>V\u0113sturisk\u0101s fig\u016bras zem lupas<\/p>\n<p>Ar\u012b Baraks Obama nav pasarg\u0101ts no Trampa kritikas. Pl\u0101ksn\u012bte pie vi\u0146a portreta vi\u0146u apraksta k\u0101 &#8220;vienu no polariz\u0113jo\u0161\u0101kaj\u0101m politiskaj\u0101m fig\u016br\u0101m Amerikas v\u0113stur\u0113&#8221;, pieskaitot vi\u0146am atbild\u012bbu par Krimas pussalas pievieno\u0161anu Krievijai un Isl\u0101ma valsts izple\u0161anos Tuvajos Austrumos. Obama tiek raksturots ar\u012b k\u0101 &#8220;kopienas organizators&#8221;, un tiek uzsv\u0113rts, ka Tramps ir atc\u0113lis vi\u0146a sasniegumus, pieminot &#8220;\u0161ausmino\u0161o Ir\u0101nas kodolvieno\u0161anos&#8230; un &#8220;vienpus\u012bgos Par\u012bzes klimata nol\u012bgumus&#8221;. Savuk\u0101rt D\u017eord\u017es V. Bu\u0161s, Trampa partijas biedrs, sa\u0146em kritiku par to, ka vi\u0146a pl\u0101ksn\u012bt\u0113 nor\u0101d\u012bts, ka vi\u0146\u0161 &#8220;uzs\u0101ka karus Afganist\u0101n\u0101 un Ir\u0101k\u0101, kas abi neb\u016btu biju\u0161i nepiecie\u0161ami&#8221;.<\/p>\n<p>Tramps k\u0101 autors savai slavin\u0101\u0161anai<\/p>\n<p>Pats Donalds Tramps ir ieguvis pat divus portretus galerij\u0101 \u2013 pa vienam par katru savu amata termi\u0146u. Zem saviem att\u0113liem, k\u0101 ar\u012b zem da\u017eu savu priek\u0161g\u0101j\u0113ju portretiem, vi\u0146\u0161 nav skopojies ar superljud\u012bbas apz\u012bm\u0113jumiem, lai aprakst\u012btu savus sasniegumus. Piem\u0113ram, zem Ronaldam Reaganam velt\u012bt\u0101s pl\u0101ksn\u012btes var las\u012bt, ka biju\u0161ais prezidents &#8220;bija liels Donalda Trampa fans v\u0113l pirms vi\u0146a k\u013c\u016b\u0161anas par prezidentu&#8221;. D\u017eeralda Forda doto ap\u017e\u0113lojumu Ri\u010dardam Niksonam p\u0113c Votergeitas skand\u0101la sauc par &#8220;drosm\u012bgu&#8221;, Billa Klintona prezident\u016bras sasniegumi tiek pied\u0113v\u0113ti Republik\u0101\u0146u kongresam, bet D\u017eimija K\u0101rtera pl\u0101ksn\u012bt\u0113 tiek sniegts dr\u016bms nov\u0113rt\u0113jums par vi\u0146a prezident\u016bru, vienlaikus gan atz\u012bstot, ka &#8220;vi\u0146\u0161 ir paveicis lieliskas lietas cilv\u0113cei!&#8221; p\u0113c amata atst\u0101\u0161anas.<\/p>\n","protected":false},"excerpt":{"rendered":"Deform\u0113ts V\u0113stures Atspulgs: Trampa Balt\u0101 nama portretu galerija izsauc skand\u0101lu Donalds Tramps izrais\u012bjis jaunu str\u012bdu par protokolu un&hellip;\n","protected":false},"author":2,"featured_media":81302,"comment_status":"","ping_status":"","sticky":false,"template":"","format":"standard","meta":{"footnotes":""},"categories":[5],"tags":[23,20432,20435,28,29,542,32,33,22,30,31,35,39,38,36,37,34,40,20,20434,26,27,20433,24,25,21],"class_list":{"0":"post-81301","1":"post","2":"type-post","3":"status-publish","4":"format-standard","5":"has-post-thumbnail","7":"category-aktualitates","8":"tag-aktualitates","9":"tag-balta-nama-portreti","10":"tag-balta-nama-skandals","11":"tag-breaking-news","12":"tag-breakingnews","13":"tag-donalds-tramps","14":"tag-featured-news","15":"tag-featurednews","16":"tag-headlines","17":"tag-latest-news","18":"tag-latestnews","19":"tag-latvia","20":"tag-latvian","21":"tag-latviesu","22":"tag-latviesu-valoda","23":"tag-latviesuvaloda","24":"tag-latvija","25":"tag-lv","26":"tag-news","27":"tag-politiskais-protokols","28":"tag-popularakas-zinas","29":"tag-popularakaszinas","30":"tag-prezidentu-galerija","31":"tag-top-stories","32":"tag-topstories","33":"tag-zinas"},"share_on_mastodon":{"url":"https:\/\/pubeurope.com\/@lv\/115753534404548745","error":""},"_links":{"self":[{"href":"https:\/\/www.europesays.com\/lv\/wp-json\/wp\/v2\/posts\/81301","targetHints":{"allow":["GET"]}}],"collection":[{"href":"https:\/\/www.europesays.com\/lv\/wp-json\/wp\/v2\/posts"}],"about":[{"href":"https:\/\/www.europesays.com\/lv\/wp-json\/wp\/v2\/types\/post"}],"author":[{"embeddable":true,"href":"https:\/\/www.europesays.com\/lv\/wp-json\/wp\/v2\/users\/2"}],"replies":[{"embeddable":true,"href":"https:\/\/www.europesays.com\/lv\/wp-json\/wp\/v2\/comments?post=81301"}],"version-history":[{"count":0,"href":"https:\/\/www.europesays.com\/lv\/wp-json\/wp\/v2\/posts\/81301\/revisions"}],"wp:featuredmedia":[{"embeddable":true,"href":"https:\/\/www.europesays.com\/lv\/wp-json\/wp\/v2\/media\/81302"}],"wp:attachment":[{"href":"https:\/\/www.europesays.com\/lv\/wp-json\/wp\/v2\/media?parent=81301"}],"wp:term":[{"taxonomy":"category","embeddable":true,"href":"https:\/\/www.europesays.com\/lv\/wp-json\/wp\/v2\/categories?post=81301"},{"taxonomy":"post_tag","embeddable":true,"href":"https:\/\/www.europesays.com\/lv\/wp-json\/wp\/v2\/tags?post=81301"}],"curies":[{"name":"wp","href":"https:\/\/api.w.org\/{rel}","templated":true}]}}