{"id":81316,"date":"2025-12-20T19:40:08","date_gmt":"2025-12-20T19:40:08","guid":{"rendered":"https:\/\/www.europesays.com\/lv\/81316\/"},"modified":"2025-12-20T19:40:08","modified_gmt":"2025-12-20T19:40:08","slug":"asv-izlukdienesti-putina-merki-ir-nemainigi-tie-krasi-atskiras-no-trampa-izsapnota","status":"publish","type":"post","link":"https:\/\/www.europesays.com\/lv\/81316\/","title":{"rendered":"ASV izl\u016bkdienesti: Putina m\u0113r\u0137i ir nemain\u012bgi \u2013 tie krasi at\u0161\u0137iras no Trampa izsap\u0146ot\u0101"},"content":{"rendered":"<p>    <img decoding=\"async\" src=\"https:\/\/www.europesays.com\/lv\/wp-content\/uploads\/2025\/12\/FotoJet588-1024x683.jpg\" alt=\"&#10;\"\/><\/p>\n<p>Foto: Scanpix\/REUTERS; AFP\/LETA\n<\/p>\n<p>21:24, 20. decembris 2025<\/p>\n<p>ASV izl\u016bkdienestu zi\u0146ojumos joproj\u0101m tiek br\u012bdin\u0101ts, ka Krievijas prezidents Vladimirs Putins pl\u0101no ie\u0146emt visu Ukrainu un atg\u016bt da\u013cu Eiropas teritoriju, kas savulaik pieder\u0113ja Padomju Savien\u012bbai, nor\u0101d\u012bju\u0161i se\u0161i avoti, kas p\u0101rzina ASV izl\u016bkdienestu secin\u0101jumus. \u0160\u0101di br\u012bdin\u0101jumi izskan ar\u012b laik\u0101, kad diplom\u0101ti cen\u0161as pan\u0101kt kara izbeig\u0161anu, kas Krievijai noz\u012bm\u0113tu iev\u0113rojami maz\u0101ku kontrol\u0113to teritoriju.<\/p>\n<p>        Las\u012bt\u0101kie<br \/>\n        <a data-imagesrc=\"{&quot;300&quot;:&quot;https:\\\/\\\/lastatic.ams3.cdn.digitaloceanspaces.com\\\/2024\\\/12\\\/LET_24815838-1-300x209.jpg&quot;,&quot;768&quot;:&quot;https:\\\/\\\/lastatic.ams3.cdn.digitaloceanspaces.com\\\/2024\\\/12\\\/LET_24815838-1-768x535.jpg&quot;,&quot;200&quot;:&quot;https:\\\/\\\/lastatic.ams3.cdn.digitaloceanspaces.com\\\/2024\\\/12\\\/LET_24815838-1-200x139.jpg&quot;,&quot;400&quot;:&quot;https:\\\/\\\/lastatic.ams3.cdn.digitaloceanspaces.com\\\/2024\\\/12\\\/LET_24815838-1-400x278.jpg&quot;,&quot;500&quot;:&quot;https:\\\/\\\/lastatic.ams3.cdn.digitaloceanspaces.com\\\/2024\\\/12\\\/LET_24815838-1-500x348.jpg&quot;,&quot;800&quot;:&quot;https:\\\/\\\/lastatic.ams3.cdn.digitaloceanspaces.com\\\/2024\\\/12\\\/LET_24815838-1-800x557.jpg&quot;,&quot;1000&quot;:&quot;https:\\\/\\\/lastatic.ams3.cdn.digitaloceanspaces.com\\\/2024\\\/12\\\/LET_24815838-1.jpg&quot;}\" data-focuspoint=\"{&quot;x&quot;:&quot;52.882327618044314&quot;,&quot;y&quot;:&quot;30.495977977497258&quot;}\" data-p=\"2458627\" href=\"https:\/\/www.la.lv\/ziemassvetki-brinumu-laiks-bet-dalai-zodiaka-zimju-parstavju-tas-ir-tiras-mocibas-uzzini-kuras-zimes-patiesiba-necies-sos-svetkus\" class=\"content-item lazy-load\" wp_automatic_readability=\"27.5\" rel=\"nofollow noopener\" target=\"_blank\"><\/p>\n<p>                                <img decoding=\"async\" src=\"\" alt=\"\" style=\"object-position: 52.882327618044314% 30.495977977497258%\" data-imageid=\"\"\/><\/p>\n<p>                                Kokteilis<\/p>\n<p>\n                                                Ziemassv\u0113tki \u2013 br\u012bnumu laiks, bet da\u013cai zodiaka z\u012bmju p\u0101rst\u0101vju t\u0101s ir t\u012br\u0101s moc\u012bbas! Uzzini, kuras z\u012bmes paties\u012bb\u0101 necie\u0161 \u0161os sv\u0113tkus\n                            <\/p>\n<p><\/a><a data-imagesrc=\"{&quot;300&quot;:&quot;https:\\\/\\\/lastatic.ams3.cdn.digitaloceanspaces.com\\\/2025\\\/12\\\/68ead995-eb1d-43f6-83be-659f3833dd4f-1-300x200.jpg&quot;,&quot;1024&quot;:&quot;https:\\\/\\\/lastatic.ams3.cdn.digitaloceanspaces.com\\\/2025\\\/12\\\/68ead995-eb1d-43f6-83be-659f3833dd4f-1-1024x683.jpg&quot;,&quot;1536&quot;:&quot;https:\\\/\\\/lastatic.ams3.cdn.digitaloceanspaces.com\\\/2025\\\/12\\\/68ead995-eb1d-43f6-83be-659f3833dd4f-1-1536x1024.jpg&quot;,&quot;500&quot;:&quot;https:\\\/\\\/lastatic.ams3.cdn.digitaloceanspaces.com\\\/2025\\\/12\\\/68ead995-eb1d-43f6-83be-659f3833dd4f-1-500x333.jpg&quot;,&quot;800&quot;:&quot;https:\\\/\\\/lastatic.ams3.cdn.digitaloceanspaces.com\\\/2025\\\/12\\\/68ead995-eb1d-43f6-83be-659f3833dd4f-1-800x533.jpg&quot;,&quot;1800&quot;:&quot;https:\\\/\\\/lastatic.ams3.cdn.digitaloceanspaces.com\\\/2025\\\/12\\\/68ead995-eb1d-43f6-83be-659f3833dd4f-1.jpg&quot;}\" data-focuspoint=\"&quot;&quot;\" data-p=\"2484506\" href=\"https:\/\/www.la.lv\/foto-bernudarzs-par-kuru-runa-visa-latvija-tik-grezna-ziemassvetku-pasaka-skiet-citviet-nav-redzeta\" class=\"content-item lazy-load\" wp_automatic_readability=\"28\" rel=\"nofollow noopener\" target=\"_blank\"><\/p>\n<p>                                <img decoding=\"async\" src=\"\" alt=\"\" style=\"\" data-imageid=\"\"\/><\/p>\n<p>                                            FOTO. B\u0113rnud\u0101rzs, par kuru run\u0101  visa Latvija \u2013 tik grezna Ziemassv\u0113tku pasaka, \u0161\u0137iet, citviet nav redz\u0113ta\n                            <\/p>\n<p><\/a><a data-imagesrc=\"{&quot;300&quot;:&quot;https:\\\/\\\/lastatic.ams3.cdn.digitaloceanspaces.com\\\/2025\\\/12\\\/sipa_01244707_000069-300x207.jpg&quot;,&quot;1024&quot;:&quot;https:\\\/\\\/lastatic.ams3.cdn.digitaloceanspaces.com\\\/2025\\\/12\\\/sipa_01244707_000069-1024x706.jpg&quot;,&quot;1536&quot;:&quot;https:\\\/\\\/lastatic.ams3.cdn.digitaloceanspaces.com\\\/2025\\\/12\\\/sipa_01244707_000069-1536x1058.jpg&quot;,&quot;500&quot;:&quot;https:\\\/\\\/lastatic.ams3.cdn.digitaloceanspaces.com\\\/2025\\\/12\\\/sipa_01244707_000069-500x344.jpg&quot;,&quot;800&quot;:&quot;https:\\\/\\\/lastatic.ams3.cdn.digitaloceanspaces.com\\\/2025\\\/12\\\/sipa_01244707_000069-800x551.jpg&quot;,&quot;2560&quot;:&quot;https:\\\/\\\/lastatic.ams3.cdn.digitaloceanspaces.com\\\/2025\\\/12\\\/sipa_01244707_000069-scaled.jpg&quot;}\" data-focuspoint=\"&quot;&quot;\" data-p=\"2484487\" href=\"https:\/\/www.la.lv\/arestets-makrona-galvenais-sulainis-vins-prezidenta-acu-prieksa-darijis-ko-tadu-kas-sokejis-visu-franciju\" class=\"content-item lazy-load\" wp_automatic_readability=\"27\" rel=\"nofollow noopener\" target=\"_blank\"><\/p>\n<p>                                <img decoding=\"async\" src=\"\" alt=\"\" style=\"\" data-imageid=\"\"\/><\/p>\n<p>                                Kokteilis<\/p>\n<p>                                            Arest\u0113ts Makrona galvenais sulainis. Vi\u0146\u0161 prezidenta acu priek\u0161\u0101 dar\u012bjis ko t\u0101du, kas \u0161ok\u0113jis visu Franciju\n                            <\/p>\n<p><\/a><br \/>\n        <a class=\"read-more\" href=\"https:\/\/www.la.lv\/top\" rel=\"nofollow noopener\" target=\"_blank\">Las\u012bt citas zi\u0146as<\/a><\/p>\n<p>K\u0101 raksta a\u0123ent\u016bra <a href=\"https:\/\/www.reuters.com\/world\/europe\/us-intelligence-indicates-putins-war-aims-ukraine-are-unchanged-2025-12-19\/\" rel=\"nofollow noopener\" target=\"_blank\">Reuters<\/a>, \u0161ie zi\u0146ojumi krasi at\u0161\u0137iras no ASV prezidenta Donalda Trampa un vi\u0146a miera sarunu ved\u0113ju paust\u0101, kuri apgalvo, ka Putins esot ieinteres\u0113ts konflikta izbeig\u0161an\u0101. K\u0101 nor\u0101d\u012bjis viens no avotiem, jaun\u0101kais izl\u016bko\u0161anas zi\u0146ojums dat\u0113ts ar septembra beig\u0101m.<\/p>\n<p>Izl\u016bko\u0161anas secin\u0101jumi ir ar\u012b pretrun\u0101 ar Krievijas prezidenta publiskajiem noliegumiem, ka vi\u0146\u0161 apdraud Eiropu. ASV v\u0113rt\u0113jumi \u0161aj\u0101 jaut\u0101jum\u0101 kop\u0161 Krievijas pilna m\u0113roga iebrukuma Ukrain\u0101 2022. gad\u0101 ir biju\u0161i konsekventi un liel\u0101 m\u0113r\u0101 sakr\u012bt ar Eiropas izl\u016bkdienestu uzskatiem \u2013 <\/p>\n<p>    CITI \u0160OBR\u012aD LASA<\/p>\n<blockquote><p>proti, Putins tiecas kontrol\u0113t visu Ukrainu un biju\u0161\u0101s Padomju bloka teritorijas, tostarp ar\u012b NATO dal\u012bbvalstis.<\/p><\/blockquote>\n<p>\u201cIzl\u016bko\u0161anas dati vienm\u0113r liecin\u0101ju\u0161i, ka Putins v\u0113las vair\u0101k,\u201d intervij\u0101 a\u0123ent\u016brai Reuters sac\u012bja ASV P\u0101rst\u0101vju pal\u0101tas Izl\u016bko\u0161anas komitejas loceklis Maiks Kviglijs. \u201cEiropie\u0161i to saprot. Po\u013ci par to ir piln\u012bgi p\u0101rliecin\u0101ti. Baltijas valstis uzskata, ka vi\u0146as var\u0113tu b\u016bt pirm\u0101s.\u201d<\/p>\n<p>Pa\u0161laik Krievija kontrol\u0113 aptuveni 20% Ukrainas teritorijas, tostarp liel\u0101ko da\u013cu Luhanskas un Do\u0146eckas apgabalu, kas veido Donbasa industri\u0101lo centru, k\u0101 ar\u012b da\u013cu Zapori\u017ejas un Hersonas apgabalu un Krimu \u2013 strat\u0113\u0123iski noz\u012bm\u012bgu Meln\u0101s j\u016bras pussalu.<\/p>\n<p>Putins apgalvo, ka Krima un \u0161ie \u010detri apgabali pieder Krievijai. Savuk\u0101rt, k\u0101 nor\u0101da divi ar situ\u0101ciju p\u0101rzino\u0161i avoti, <\/p>\n<blockquote><p>Tramps ierosin\u0101t\u0101 miera l\u012bguma ietvaros spie\u017e Kijivu izvest savus sp\u0113kus no neliel\u0101s Do\u0146eckas apgabala da\u013cas, ko t\u0101 v\u0113l kontrol\u0113. <\/p><\/blockquote>\n<p>Ukrainas prezidents Volodimirs Zelenskis un liel\u0101k\u0101 da\u013ca Ukrainas sabiedr\u012bbas \u0161\u0101das pras\u012bbas noraida.<\/p>\n<p>Balt\u0101 nama amatpersona pazi\u0146oja, ka prezidenta komanda esot pan\u0101kusi iev\u0113rojamu progresu kara izbeig\u0161anas virzien\u0101 un ka miera vieno\u0161an\u0101s esot \u201ctuv\u0101k nek\u0101 jebkad agr\u0101k\u201d, gan neatsaucoties uz izl\u016bkdienestu secin\u0101jumiem.<\/p>\n<p>Progress dro\u0161\u012bbas garantiju jaut\u0101jum\u0101<\/p>\n<p>Trampa sarunu ved\u0113ji \u2013 vi\u0146a znots D\u017eareds Ku\u0161ners un nekustamo \u012bpa\u0161umu att\u012bst\u012bt\u0101js St\u012bvs Vitkofs \u2013 jau vair\u0101kas ned\u0113\u013cas ved sarunas ar Ukrainas, Krievijas un Eiropas amatperson\u0101m par 20 punktu miera pl\u0101nu. Lai gan ASV amatpersonas nor\u0101da uz progresu, teritori\u0101lajos jaut\u0101jumos joproj\u0101m past\u0101v b\u016btiskas domstarp\u012bbas.<\/p>\n<p>Ku\u0161ners un Vitkofs piektdien Maiami tik\u0101s ar Ukrainas sarunu ved\u0113jiem, bet ned\u0113\u013cas nogal\u0113 bija pl\u0101notas sarunas ar\u012b ar Krievijas p\u0101rst\u0101vjiem. Tikm\u0113r pirmdien Berl\u012bn\u0113 notiku\u0161aj\u0101s ASV, Ukrainas un Eiropas sarun\u0101s pan\u0101kta pla\u0161a vienpr\u0101t\u012bba par stingr\u0101m dro\u0161\u012bbas garantij\u0101m Ukrainai pret turpm\u0101ku Krievijas agresiju.<\/p>\n<p>K\u0101ds avots un diplom\u0101ts nor\u0101d\u012bja, ka \u0161\u012bs garantijas var\u0113tu b\u016bt saist\u012btas ar Ukrainas piekri\u0161anu atdot teritorijas Krievijai, ta\u010du citi diplom\u0101ti to noliedza, uzsverot, ka <\/p>\n<blockquote><p>tiek izskat\u012btas ar\u012b alternat\u012bvas, jo Zelenskis teritoriju atdo\u0161anu noraida.<\/p><\/blockquote>\n<p>Paredz\u0113ts, ka dro\u0161\u012bbas garantijas p\u0113c miera l\u012bguma parakst\u012b\u0161anas galvenok\u0101rt balst\u012btos uz Eiropas dro\u0161\u012bbas sp\u0113ku izvieto\u0161anu gan Ukrain\u0101, gan kaimi\u0146valst\u012bs, ta\u010du t\u0101l\u0101k no frontes l\u012bnij\u0101m. ASV sniegtu izl\u016bko\u0161anas atbalstu, un vieno\u0161an\u0101s tiktu ratific\u0113ta ASV Sen\u0101t\u0101. <\/p>\n<blockquote><p>Saska\u0146\u0101 ar avotiem pl\u0101n\u0101 iek\u013cautas ar\u012b ASV atbalst\u012btas gaisa telpas patru\u013cas virs Ukrainas.<\/p><\/blockquote>\n<p>Zelenskis gan uz \u0161iem priek\u0161likumiem rea\u0123\u0113ja piesardz\u012bgi, nor\u0101dot, ka joproj\u0101m nav skaidrs, k\u0101 dro\u0161\u012bbas garantijas praks\u0113 darbosies.<\/p>\n<p>Joproj\u0101m nav zin\u0101ms, vai Putins \u0161\u0101d\u0101m garantij\u0101m piekristu, jo vi\u0146\u0161 vair\u0101kk\u0101rt noraid\u012bjis \u0101rvalstu karasp\u0113ka izvieto\u0161anu Ukrain\u0101.<\/p>\n<blockquote><p>Krievija nemaina teritori\u0101l\u0101s pras\u012bbas<\/p><\/blockquote>\n<p>K\u0101 v\u0113sta a\u0123ent\u016bra, Putins piektdien nepied\u0101v\u0101ja nek\u0101dus kompromisus, lai gan ikgad\u0113j\u0101 preses konferenc\u0113 pazi\u0146oja, ka ir gatavs apspriest mieru. Vi\u0146\u0161 uzsv\u0113ra, ka vi\u0146a nosac\u012bjumiem j\u0101b\u016bt izpild\u012btiem, nor\u0101dot, ka <\/p>\n<blockquote><p>Krievijas sp\u0113ki \u0161ogad pavirz\u012bju\u0161ies uz priek\u0161u par aptuveni 6000 kvadr\u0101tkilometriem.<\/p><\/blockquote>\n<p>Nav skaidrs, k\u0101 ASV amatpersonas rea\u0123\u0113ju\u0161as uz \u0161\u012bm pras\u012bb\u0101m. <\/p>\n<blockquote><p>Iepriek\u0161 Vitkofs izteicies, ka Krievijai esot pamats pretend\u0113t uz \u010detr\u0101m Ukrainas provinc\u0113m un Krimu.<\/p><\/blockquote>\n<p>Vienlaikus vair\u0101kas Trampa administr\u0101cijas amatpersonas atzinu\u0161as, ka Putins, iesp\u0113jams, nav gatavs samierin\u0101ties ar maz\u0101k nek\u0101 s\u0101kotn\u0113jo m\u0113r\u0137i \u2013 visas Ukrainas iekaro\u0161anu.<\/p>\n<p>\u201cEs nezinu, vai Putins v\u0113las sl\u0113gt vieno\u0161anos vai ar\u012b p\u0101r\u0146emt visu valsti. Tas ir tas, ko vi\u0146\u0161 pats publiski ir paudis,\u201d sac\u012bja ASV valsts sekret\u0101rs Marko Rubio. \u201cM\u0113s zin\u0101m, k\u0101di bija vi\u0146u s\u0101kotn\u0113jie m\u0113r\u0137i, s\u0101koties karam. \u0160os m\u0113r\u0137us vi\u0146i v\u0113l nav sasniegu\u0161i.\u201d<\/p>\n<p>T\u0113mas<\/p>\n<p>    SAIST\u012aTIE RAKSTI<\/p>\n","protected":false},"excerpt":{"rendered":"Foto: Scanpix\/REUTERS; AFP\/LETA 21:24, 20. decembris 2025 ASV izl\u016bkdienestu zi\u0146ojumos joproj\u0101m tiek br\u012bdin\u0101ts, ka Krievijas prezidents Vladimirs Putins&hellip;\n","protected":false},"author":2,"featured_media":81317,"comment_status":"","ping_status":"","sticky":false,"template":"","format":"standard","meta":{"footnotes":""},"categories":[14],"tags":[23,57,28,29,32,33,22,30,31,35,39,38,36,37,34,40,20,26,27,24,25,54,55,56,21,58],"class_list":{"0":"post-81316","1":"post","2":"type-post","3":"status-publish","4":"format-standard","5":"has-post-thumbnail","7":"category-zinas-no-arvalstim","8":"tag-aktualitates","9":"tag-arvalstim","10":"tag-breaking-news","11":"tag-breakingnews","12":"tag-featured-news","13":"tag-featurednews","14":"tag-headlines","15":"tag-latest-news","16":"tag-latestnews","17":"tag-latvia","18":"tag-latvian","19":"tag-latviesu","20":"tag-latviesu-valoda","21":"tag-latviesuvaloda","22":"tag-latvija","23":"tag-lv","24":"tag-news","25":"tag-popularakas-zinas","26":"tag-popularakaszinas","27":"tag-top-stories","28":"tag-topstories","29":"tag-world","30":"tag-world-news","31":"tag-worldnews","32":"tag-zinas","33":"tag-zinas-no-arvalstim"},"share_on_mastodon":{"url":"https:\/\/pubeurope.com\/@lv\/115753597312396226","error":""},"_links":{"self":[{"href":"https:\/\/www.europesays.com\/lv\/wp-json\/wp\/v2\/posts\/81316","targetHints":{"allow":["GET"]}}],"collection":[{"href":"https:\/\/www.europesays.com\/lv\/wp-json\/wp\/v2\/posts"}],"about":[{"href":"https:\/\/www.europesays.com\/lv\/wp-json\/wp\/v2\/types\/post"}],"author":[{"embeddable":true,"href":"https:\/\/www.europesays.com\/lv\/wp-json\/wp\/v2\/users\/2"}],"replies":[{"embeddable":true,"href":"https:\/\/www.europesays.com\/lv\/wp-json\/wp\/v2\/comments?post=81316"}],"version-history":[{"count":0,"href":"https:\/\/www.europesays.com\/lv\/wp-json\/wp\/v2\/posts\/81316\/revisions"}],"wp:featuredmedia":[{"embeddable":true,"href":"https:\/\/www.europesays.com\/lv\/wp-json\/wp\/v2\/media\/81317"}],"wp:attachment":[{"href":"https:\/\/www.europesays.com\/lv\/wp-json\/wp\/v2\/media?parent=81316"}],"wp:term":[{"taxonomy":"category","embeddable":true,"href":"https:\/\/www.europesays.com\/lv\/wp-json\/wp\/v2\/categories?post=81316"},{"taxonomy":"post_tag","embeddable":true,"href":"https:\/\/www.europesays.com\/lv\/wp-json\/wp\/v2\/tags?post=81316"}],"curies":[{"name":"wp","href":"https:\/\/api.w.org\/{rel}","templated":true}]}}