{"id":81320,"date":"2025-12-20T19:46:08","date_gmt":"2025-12-20T19:46:08","guid":{"rendered":"https:\/\/www.europesays.com\/lv\/81320\/"},"modified":"2025-12-20T19:46:08","modified_gmt":"2025-12-20T19:46:08","slug":"asv-piedava-potenciali-jaunu-formatu-miera-sarunam","status":"publish","type":"post","link":"https:\/\/www.europesays.com\/lv\/81320\/","title":{"rendered":"ASV pied\u0101v\u0101 potenci\u0101li jaunu form\u0101tu miera sarun\u0101m"},"content":{"rendered":"<p class=\"descr\">Ukrainas prezidents Volodimirs Zelenskis sestdien pazi\u0146oja, ka ASV ir ierosin\u0101ju\u0161as r\u012bkot miera sarunas kop\u0101 ar Ukrainas, Krievijas un, iesp\u0113jams, ar\u012b Eiropas valstu p\u0101rst\u0101vjiem.<\/p>\n<p>&#8220;Amerikas Savienot\u0101s Valstis teica, ka r\u012bkos atsevi\u0161\u0137u tik\u0161anos ar Krievijas p\u0101rst\u0101vjiem, un, cik es saprotu, vi\u0146i ierosin\u0101ja \u0161\u0101du form\u0101tu: Ukraina, Amerika, &#8220;krievi&#8221; &#8211; un, t\u0101 k\u0101 tur ir ar\u012b Eiropas p\u0101rst\u0101vji, tad, iesp\u0113jams, ar\u012b Eiropa. K\u0101p\u0113c es saku &#8211; iesp\u0113jams? T\u0101p\u0113c, ka b\u016btu lo\u0123iski r\u012bkot \u0161\u0101du kop\u012bgu tik\u0161anos,&#8221; sac\u012bja Zelenskis.<\/p>\n<p>P\u0113c <a href=\"https:\/\/nra.lv\/birka\/volodimirs-zelenskis\/\" target=\"_blank\" rel=\"noopener nofollow\">Zelenska<\/a> teikt\u0101, Kijiva par form\u0101tu lems p\u0113c tam, kad b\u016bs skaidrs, vai divpus\u0113j\u0101s sarunas ar ASV p\u0101rst\u0101vjiem, kas ats\u0101k\u0101s piektdien, b\u016bs pozit\u012bvas.<\/p>\n<blockquote><p>Sestdien Maiami notiks Krievijas un ASV p\u0101rst\u0101vju sarunas, lai apspriestu pl\u0101nu, k\u0101 izbeigt karu Ukrain\u0101. Paredz\u0113ts, ka no ASV puses piedal\u012bsies ASV prezidenta Donalda Trampa \u012bpa\u0161ais v\u0113stnieks St\u012bvs Vitkofs un prezidenta znots D\u017eareds Ku\u0161ners.<\/p><\/blockquote>\n<p>Piektdien Maiami notika Ukrainas deleg\u0101cijas sarunas ar ASV un Eiropas partneriem. No ASV puses Maiami sarun\u0101s piedal\u012bj\u0101s Vitkofs un Ku\u0161ners, savuk\u0101rt Eiropas valstis p\u0101rst\u0101v\u0113ja Lielbrit\u0101nijas, Francijas un V\u0101cijas nacion\u0101l\u0101s dro\u0161\u012bbas padomnieki.<\/p>\n<p>&#8220;Nosl\u0113gusies tik\u0161an\u0101s Savienotaj\u0101s Valst\u012bs ar Amerikas un Eiropas partneriem,&#8221; pazi\u0146oja Ukrainas deleg\u0101cijas vad\u012bt\u0101js, Ukrainas Nacion\u0101l\u0101s dro\u0161\u012bbas un aizsardz\u012bbas padomes sekret\u0101rs Rustems Umerovs. &#8220;Vienoj\u0101mies ar amerik\u0101\u0146u partneriem par turpm\u0101kajiem so\u013ciem un kop\u012bga darba turpin\u0101\u0161anu tuv\u0101kaj\u0101 n\u0101kotn\u0113.&#8221;<\/p>\n<p>Pa\u0161laik nav pl\u0101nota Ukrainas, Krievijas un ASV p\u0101rst\u0101vju tr\u012bspus\u0113ja tik\u0161an\u0101s.<\/p>\n<p>\t\t\t\t\t\tinfo<\/p>\n<p>Uzzini pirmais<br \/>kas interesants noticis Latvij\u0101 un pasaul\u0113,<br \/>pievienojoties mums <a href=\"https:\/\/t.me\/neatkariga\" rel=\"nofollow\">Telegram<\/a> vai <a href=\"https:\/\/whatsapp.com\/channel\/0029VaMLFUH5K3zLU5s4wm3y\" rel=\"nofollow noopener\" target=\"_blank\">Whatsapp<\/a> kan\u0101l\u0101<\/p>\n","protected":false},"excerpt":{"rendered":"Ukrainas prezidents Volodimirs Zelenskis sestdien pazi\u0146oja, ka ASV ir ierosin\u0101ju\u0161as r\u012bkot miera sarunas kop\u0101 ar Ukrainas, Krievijas un,&hellip;\n","protected":false},"author":2,"featured_media":81321,"comment_status":"","ping_status":"","sticky":false,"template":"","format":"standard","meta":{"footnotes":""},"categories":[14],"tags":[23,57,28,29,32,33,22,30,31,35,39,38,36,37,34,40,20,26,27,24,25,54,55,56,21,58],"class_list":{"0":"post-81320","1":"post","2":"type-post","3":"status-publish","4":"format-standard","5":"has-post-thumbnail","7":"category-zinas-no-arvalstim","8":"tag-aktualitates","9":"tag-arvalstim","10":"tag-breaking-news","11":"tag-breakingnews","12":"tag-featured-news","13":"tag-featurednews","14":"tag-headlines","15":"tag-latest-news","16":"tag-latestnews","17":"tag-latvia","18":"tag-latvian","19":"tag-latviesu","20":"tag-latviesu-valoda","21":"tag-latviesuvaloda","22":"tag-latvija","23":"tag-lv","24":"tag-news","25":"tag-popularakas-zinas","26":"tag-popularakaszinas","27":"tag-top-stories","28":"tag-topstories","29":"tag-world","30":"tag-world-news","31":"tag-worldnews","32":"tag-zinas","33":"tag-zinas-no-arvalstim"},"share_on_mastodon":{"url":"https:\/\/pubeurope.com\/@lv\/115753620747059604","error":""},"_links":{"self":[{"href":"https:\/\/www.europesays.com\/lv\/wp-json\/wp\/v2\/posts\/81320","targetHints":{"allow":["GET"]}}],"collection":[{"href":"https:\/\/www.europesays.com\/lv\/wp-json\/wp\/v2\/posts"}],"about":[{"href":"https:\/\/www.europesays.com\/lv\/wp-json\/wp\/v2\/types\/post"}],"author":[{"embeddable":true,"href":"https:\/\/www.europesays.com\/lv\/wp-json\/wp\/v2\/users\/2"}],"replies":[{"embeddable":true,"href":"https:\/\/www.europesays.com\/lv\/wp-json\/wp\/v2\/comments?post=81320"}],"version-history":[{"count":0,"href":"https:\/\/www.europesays.com\/lv\/wp-json\/wp\/v2\/posts\/81320\/revisions"}],"wp:featuredmedia":[{"embeddable":true,"href":"https:\/\/www.europesays.com\/lv\/wp-json\/wp\/v2\/media\/81321"}],"wp:attachment":[{"href":"https:\/\/www.europesays.com\/lv\/wp-json\/wp\/v2\/media?parent=81320"}],"wp:term":[{"taxonomy":"category","embeddable":true,"href":"https:\/\/www.europesays.com\/lv\/wp-json\/wp\/v2\/categories?post=81320"},{"taxonomy":"post_tag","embeddable":true,"href":"https:\/\/www.europesays.com\/lv\/wp-json\/wp\/v2\/tags?post=81320"}],"curies":[{"name":"wp","href":"https:\/\/api.w.org\/{rel}","templated":true}]}}