{"id":81344,"date":"2025-12-20T20:16:20","date_gmt":"2025-12-20T20:16:20","guid":{"rendered":"https:\/\/www.europesays.com\/lv\/81344\/"},"modified":"2025-12-20T20:16:20","modified_gmt":"2025-12-20T20:16:20","slug":"ukraina-sanemusi-vel-virs-tukstosa-krievijas-atgrieztas-krituso-karaviru-mirstigas-atliekas-lente-lv","status":"publish","type":"post","link":"https:\/\/www.europesays.com\/lv\/81344\/","title":{"rendered":"Ukraina Sa\u0146\u0113musi V\u0113l Virs T\u016bksto\u0161a Krievijas Atgriezt\u0101s Kritu\u0161o Karav\u012bru Mirst\u012bg\u0101s Atliekas\u00a0\u2014\u00a0Lente.lv"},"content":{"rendered":"<p>P\u0101rrobe\u017eu Apmai\u0146a: Kijiva Apstiprina Lielu Partiju Mirst\u012bgo Atlieku Sa\u0146em\u0161anu<\/p>\n<p>Ukraina piektdien pazi\u0146oja, ka no Krievijas puses atg\u016bta v\u0113l viena liela partija \u2013 1003 kritu\u0161o Ukrainas karav\u012bru mirst\u012bgo atlieku. K\u0101 zi\u0146o telekan\u0101ls TV3, \u0161is notikums iez\u012bm\u0113 turpin\u0101jumu abu valstu sarun\u0101m par kritu\u0161o karav\u012bru mirst\u012bgo atlieku repatri\u0101ciju. \u0160\u0101das apmai\u0146as, lai gan t\u0101s nav tie\u0161as un bie\u017ei vien notiek ar starpnieku, ir svar\u012bgs humanit\u0101rais solis vid\u016b ilgsto\u0161a bru\u0146ota konflikta.<\/p>\n<p>Ukrainas Karag\u016bstek\u0146u Jaut\u0101jumu Koordin\u0101cijas \u0161t\u0101bs, kas atbild par \u0161\u012bm procesa koordin\u0101ciju, publiski apstiprin\u0101ja faktu, ka 1003 l\u012b\u0137i, par kuriem Krievija apgalvo, ka tie pieder Ukrainas milit\u0101rperson\u0101m, ir nodoti atpaka\u013c Kijivas kontrol\u0113taj\u0101 teritorij\u0101. Ofici\u0101lais pazi\u0146ojums nor\u0101da, ka p\u0113c mirst\u012bgo atlieku sa\u0146em\u0161anas Ukrainas attiec\u012bg\u0101s iest\u0101des veiks nepiecie\u0161am\u0101s ekspert\u012bzes un r\u016bp\u012bgu identifik\u0101cijas proced\u016bru, lai apstiprin\u0101tu katra kritu\u0161\u0101 identit\u0101ti un nodro\u0161in\u0101tu vi\u0146u pien\u0101c\u012bgu apbed\u012b\u0161anu.<\/p>\n<p>Starptautisk\u0101 Krusta Sarkanais Krusts L\u012bdzdarb\u012bba un Iepriek\u0161\u0113j\u0101s Apmai\u0146as<\/p>\n<p>Mirst\u012bgo atlieku apmai\u0146as proces\u0101 iz\u0161\u0137iro\u0161a loma tradicion\u0101li ir bijusi Starptautiskajai Sarkan\u0101 Krusta komitejai (MSKK), kas darbojas k\u0101 uzticams vidut\u0101js, nodro\u0161inot gan komunik\u0101cijas kan\u0101lus, gan lo\u0123istiku starp ab\u0101m karojo\u0161aj\u0101m pus\u0113m. \u0160\u0101da veida p\u0101rrunas un apmai\u0146as notiek, neskatoties uz visp\u0101r\u0113jo politisko un milit\u0101ro spriedzi starp Kijivu un Maskavu.<\/p>\n<p>\u0160\u012b nav pirm\u0101 reize, kad notikusi \u0161\u0101da m\u0113roga atg\u016b\u0161ana. Iepriek\u0161\u0113jos gad\u012bjumos Ukrainas puse ir atg\u016bvusi ar\u012b simtiem karav\u012bru mirst\u012bgo atlieku, piem\u0113ram, zi\u0146ots par 909 atg\u016btajiem gad\u012bjumiem cit\u0101 reiz\u0113. T\u0101pat ir dokument\u0113ti gad\u012bjumi, kad Krievija, savuk\u0101rt, ir atdevusi Ukrainai ne tikai it k\u0101 Ukrainas karav\u012bru \u0137erme\u0146us, bet ar\u012b, k\u0101 apgalvo, pa\u0161u krievu kritu\u0161o karav\u012bru mirst\u012bg\u0101s atliekas, pret\u012b sa\u0146emot savus. K\u0101da no iepriek\u0161\u0113j\u0101m zi\u0146otaj\u0101m apmai\u0146\u0101m ietv\u0113ra 1000 kritu\u0161o ukrai\u0146u karav\u012bru l\u012b\u0137u nodo\u0161anu pret\u012b 26 krievu karav\u012bru atliek\u0101m, kas notikusi Stambulas vieno\u0161anos ietvaros.<\/p>\n<p>Identifik\u0101cijas Procesu Sare\u017e\u0123\u012bt\u012bba Kara Apst\u0101k\u013cos<\/p>\n<p>Kara apst\u0101k\u013cos kritu\u0161o karav\u012bru mirst\u012bgo atlieku atg\u016b\u0161ana un identifik\u0101cija ir \u0101rk\u0101rt\u012bgi smags un sare\u017e\u0123\u012bts uzdevums. \u012apa\u0161i smagos c\u012b\u0146u apst\u0101k\u013cos, k\u0101di ir v\u0113rojami Ukrainas frontes sektoros, bie\u017ei vien nav iesp\u0113jams nekav\u0113joties atg\u016bt visus boj\u0101g\u0101ju\u0161os. Tie gad\u012bjumi, kurus nav iesp\u0113jams uzreiz atpaz\u012bt, non\u0101k tiesu medic\u012bnas ekspertu rok\u0101s, kuri veic \u013coti gr\u016bto un psiholo\u0123iski smago identifik\u0101cijas darbu, izmantojot pieejam\u0101s metodes, ieskaitot DNS anal\u012bzes.<\/p>\n<p>\u0160\u0101du procesu m\u0113r\u0137is ir nodro\u0161in\u0101t katram kritu\u0161ajam iesp\u0113ju tikt apbed\u012btam ar pien\u0101c\u012bgu cie\u0146u, k\u0101 ar\u012b sniegt mierin\u0101jumu \u0123imen\u0113m, kuras gaida zi\u0146as par saviem tuviniekiem. \u0160is ir kritiski svar\u012bgs atbalsts gan mor\u0101les stiprin\u0101\u0161anai, gan psiholo\u0123iskajai atvese\u013co\u0161anai valst\u012b, kas jau vair\u0101kus gadus c\u012bn\u0101s ar Krievijas pilna m\u0113roga iebrukumu, kas s\u0101k\u0101s 2022. gada febru\u0101r\u012b.<\/p>\n<p>Konteksts: Karadarb\u012bbas Fons un Miera Mekl\u0113jumi<\/p>\n<p>\u0160\u012b zi\u0146a par mirst\u012bgo atlieku apmai\u0146u notiek fon\u0101, kur karadarb\u012bba joproj\u0101m turpin\u0101s ar main\u012bg\u0101m sekm\u0113m da\u017e\u0101dos frontes sektoros, piem\u0113ram, turpin\u0101s smagas kaujas, k\u0101 tas bija v\u0113rojams Pokrovskas virzien\u0101. Vienlaikus notiek ar\u012b akt\u012bvas diskusijas par turpm\u0101ko kara gaitu un iesp\u0113jamajiem miera risin\u0101jumiem, lai gan anal\u012bti\u0137i bie\u017ei nor\u0101da, ka ilgtermi\u0146a miera l\u012bgums joproj\u0101m ir t\u0101lu, jo konflikta pamatjaut\u0101jumi, tostarp teritori\u0101l\u0101 integrit\u0101te un atbild\u012bba, nav atrisin\u0101ti.<\/p>\n<p>Diplom\u0101tiskaj\u0101 pl\u0101n\u0101 turpin\u0101s Rietumu atbalsta uztur\u0113\u0161ana Ukrainai ar iero\u010diem un finansi\u0101lo pal\u012bdz\u012bbu. Lai gan notiek sarunas par apmai\u0146\u0101m, kas atspogu\u013co cilv\u0113cisk\u0101s dimenasijas aspektu, tas nenoz\u012bm\u0113 jebk\u0101du politisko vai milit\u0101ro pretrunu atrisin\u0101\u0161anos. \u0160\u012bs humanit\u0101r\u0101s iniciat\u012bvas tiek v\u0113rt\u0113tas k\u0101 atsevi\u0161\u0137i, pozit\u012bvi notikumi, kas atdala karadarb\u012bbas brutalit\u0101ti no nepiecie\u0161am\u012bbas nodro\u0161in\u0101t cie\u0146u pret kritu\u0161ajiem ab\u0101s pus\u0113s.<\/p>\n","protected":false},"excerpt":{"rendered":"P\u0101rrobe\u017eu Apmai\u0146a: Kijiva Apstiprina Lielu Partiju Mirst\u012bgo Atlieku Sa\u0146em\u0161anu Ukraina piektdien pazi\u0146oja, ka no Krievijas puses atg\u016bta v\u0113l&hellip;\n","protected":false},"author":2,"featured_media":81345,"comment_status":"","ping_status":"","sticky":false,"template":"","format":"standard","meta":{"footnotes":""},"categories":[14],"tags":[23,20457,57,28,29,32,33,22,20456,234,30,31,35,39,38,36,37,34,40,20458,20,26,27,24,25,276,54,55,56,21,58],"class_list":{"0":"post-81344","1":"post","2":"type-post","3":"status-publish","4":"format-standard","5":"has-post-thumbnail","7":"category-zinas-no-arvalstim","8":"tag-aktualitates","9":"tag-apmaina","10":"tag-arvalstim","11":"tag-breaking-news","12":"tag-breakingnews","13":"tag-featured-news","14":"tag-featurednews","15":"tag-headlines","16":"tag-karaviru-mirstigas-atliekas","17":"tag-krievija","18":"tag-latest-news","19":"tag-latestnews","20":"tag-latvia","21":"tag-latvian","22":"tag-latviesu","23":"tag-latviesu-valoda","24":"tag-latviesuvaloda","25":"tag-latvija","26":"tag-lv","27":"tag-mskk","28":"tag-news","29":"tag-popularakas-zinas","30":"tag-popularakaszinas","31":"tag-top-stories","32":"tag-topstories","33":"tag-ukraina","34":"tag-world","35":"tag-world-news","36":"tag-worldnews","37":"tag-zinas","38":"tag-zinas-no-arvalstim"},"share_on_mastodon":{"url":"https:\/\/pubeurope.com\/@lv\/115753738772790068","error":""},"_links":{"self":[{"href":"https:\/\/www.europesays.com\/lv\/wp-json\/wp\/v2\/posts\/81344","targetHints":{"allow":["GET"]}}],"collection":[{"href":"https:\/\/www.europesays.com\/lv\/wp-json\/wp\/v2\/posts"}],"about":[{"href":"https:\/\/www.europesays.com\/lv\/wp-json\/wp\/v2\/types\/post"}],"author":[{"embeddable":true,"href":"https:\/\/www.europesays.com\/lv\/wp-json\/wp\/v2\/users\/2"}],"replies":[{"embeddable":true,"href":"https:\/\/www.europesays.com\/lv\/wp-json\/wp\/v2\/comments?post=81344"}],"version-history":[{"count":0,"href":"https:\/\/www.europesays.com\/lv\/wp-json\/wp\/v2\/posts\/81344\/revisions"}],"wp:featuredmedia":[{"embeddable":true,"href":"https:\/\/www.europesays.com\/lv\/wp-json\/wp\/v2\/media\/81345"}],"wp:attachment":[{"href":"https:\/\/www.europesays.com\/lv\/wp-json\/wp\/v2\/media?parent=81344"}],"wp:term":[{"taxonomy":"category","embeddable":true,"href":"https:\/\/www.europesays.com\/lv\/wp-json\/wp\/v2\/categories?post=81344"},{"taxonomy":"post_tag","embeddable":true,"href":"https:\/\/www.europesays.com\/lv\/wp-json\/wp\/v2\/tags?post=81344"}],"curies":[{"name":"wp","href":"https:\/\/api.w.org\/{rel}","templated":true}]}}