{"id":81346,"date":"2025-12-20T20:24:09","date_gmt":"2025-12-20T20:24:09","guid":{"rendered":"https:\/\/www.europesays.com\/lv\/81346\/"},"modified":"2025-12-20T20:24:09","modified_gmt":"2025-12-20T20:24:09","slug":"asv-pie-venecuelas-krastiem-sagrabj-vel-vienu-naftas-tankkugi","status":"publish","type":"post","link":"https:\/\/www.europesays.com\/lv\/81346\/","title":{"rendered":"ASV pie Venecu\u0113las krastiem sagr\u0101bj v\u0113l vienu naftas tankku\u0123i"},"content":{"rendered":"<p><a href=\"https:\/\/www.tvnet.lv\/term\/555410\/asv\" class=\"topicLink\" target=\"_blank\" rel=\"nofollow noopener\">ASV<\/a> prezidents Donalds Tramps tikai da\u017eas dienas iepriek\u0161 bija pav\u0113l\u0113jis \u012bstenot \u201cpiln\u012bgu un absol\u016btu visu sankcion\u0113to naftas tankku\u0123u, kas dodas uz Venecu\u0113lu un no t\u0101s, blok\u0101di.\u201d Vi\u0146\u0161 apgalvoja, ka Dienvidamerikas valsts ir nozagusi ASV naftu, zemi un citus akt\u012bvus.<\/p>\n<p>Venecu\u0113las diktators Nikolass Maduro izmanto \u201cnaftu no \u0161\u012bm nozagtaj\u0101m naftas atradn\u0113m, lai finans\u0113tu narkotiku terorismu, cilv\u0113ku tirdzniec\u012bbu, slepkav\u012bbas un nolaup\u012b\u0161anu,\u201d apgalvoja Tramps. Sav\u0101 platform\u0101 \u201cTruthSocial\u201d vi\u0146\u0161 draud\u012bgi rakst\u012bja: \u201cVenecu\u0113lu piln\u012bb\u0101 ielenc liel\u0101k\u0101 arm\u0101da, k\u0101da jebkad sapulc\u0113ta Dienvidamerikas v\u0113stur\u0113.\u201d<\/p>\n<p>2000. gadu s\u0101kum\u0101 <a href=\"https:\/\/www.tvnet.lv\/term\/555645\/venecuela\" class=\"topicLink\" target=\"_blank\" rel=\"nofollow noopener\">Venecu\u0113la<\/a> nacionaliz\u0113ja naftas atradnes, kas ietekm\u0113ja ar\u012b ASV uz\u0146\u0113mumus. Tas izrais\u012bja str\u012bdu par kompens\u0101ciju maks\u0101jumiem. 2019. gad\u0101, sava pirm\u0101 prezident\u016bras termi\u0146a laik\u0101, Tramps noteica sankcijas Venecu\u0113las valstij piedero\u0161ajai naftas komp\u0101nijai PDVSA.<\/p>\n<p>Tikai da\u017eas dienas pirms Trampa pazi\u0146ojuma par blok\u0101di ASV armija jau bija p\u0101r\u0146\u0113musi kontroli p\u0101r naftas tankku\u0123i pie Venecu\u0113las krastiem. ASV \u0123ener\u0101lprokurore Pema Bondi un FIB direktors Ka\u0161s Patels toreiz pazi\u0146oja, ka ku\u0123is ir da\u013ca no neleg\u0101la t\u012bkla, kas p\u0101rvad\u0101 naftu \u0101rvalstu teroristu organiz\u0101ciju atbalstam.<\/p>\n<p>Venecu\u0113las vald\u012bba asi nosod\u012bja \u0161o r\u012bc\u012bbu. Saska\u0146\u0101 ar \u0100rlietu ministrijas pazi\u0146ojumu Karakas\u0101, oper\u0101cija bija \u201cnekaun\u012bga laup\u012b\u0161ana un starptautiska pir\u0101tisma akts.\u201d<\/p>\n<p>Sasp\u012bl\u0113jums starp Va\u0161ingtonu un Karakasu saglab\u0101jas jau m\u0113ne\u0161iem ilgi. ASV armija vair\u0101kk\u0101rt ir nogremd\u0113jusi Kar\u012bbu j\u016bras re\u0123ion\u0101 un da\u017ereiz ar\u012b Klusaj\u0101 oke\u0101n\u0101 laivas, kas, iesp\u0113jams, ir piekrautas ar narkotik\u0101m. ASV vald\u012bba ofici\u0101li zi\u0146o, ka t\u0101s agres\u012bv\u0101s darb\u012bbas ir v\u0113rstas uz narkotiku karte\u013cu apkaro\u0161anu. P\u0113c ekspertu dom\u0101m, Venecu\u0113la netiek uzskat\u012bta par narkotiku ra\u017eot\u0101jvalsti, bet gan par tranz\u012btvalsti, galvenok\u0101rt Eiropas tirgum.<\/p>\n","protected":false},"excerpt":{"rendered":"ASV prezidents Donalds Tramps tikai da\u017eas dienas iepriek\u0161 bija pav\u0113l\u0113jis \u012bstenot \u201cpiln\u012bgu un absol\u016btu visu sankcion\u0113to naftas tankku\u0123u,&hellip;\n","protected":false},"author":2,"featured_media":81347,"comment_status":"","ping_status":"","sticky":false,"template":"","format":"standard","meta":{"footnotes":""},"categories":[5],"tags":[23,292,28,29,32,33,22,30,31,35,39,38,36,37,34,40,359,20,26,27,24,25,358,21],"class_list":{"0":"post-81346","1":"post","2":"type-post","3":"status-publish","4":"format-standard","5":"has-post-thumbnail","7":"category-aktualitates","8":"tag-aktualitates","9":"tag-asv","10":"tag-breaking-news","11":"tag-breakingnews","12":"tag-featured-news","13":"tag-featurednews","14":"tag-headlines","15":"tag-latest-news","16":"tag-latestnews","17":"tag-latvia","18":"tag-latvian","19":"tag-latviesu","20":"tag-latviesu-valoda","21":"tag-latviesuvaloda","22":"tag-latvija","23":"tag-lv","24":"tag-narkotikas","25":"tag-news","26":"tag-popularakas-zinas","27":"tag-popularakaszinas","28":"tag-top-stories","29":"tag-topstories","30":"tag-venecuela","31":"tag-zinas"},"share_on_mastodon":{"url":"https:\/\/pubeurope.com\/@lv\/115753770174651023","error":""},"_links":{"self":[{"href":"https:\/\/www.europesays.com\/lv\/wp-json\/wp\/v2\/posts\/81346","targetHints":{"allow":["GET"]}}],"collection":[{"href":"https:\/\/www.europesays.com\/lv\/wp-json\/wp\/v2\/posts"}],"about":[{"href":"https:\/\/www.europesays.com\/lv\/wp-json\/wp\/v2\/types\/post"}],"author":[{"embeddable":true,"href":"https:\/\/www.europesays.com\/lv\/wp-json\/wp\/v2\/users\/2"}],"replies":[{"embeddable":true,"href":"https:\/\/www.europesays.com\/lv\/wp-json\/wp\/v2\/comments?post=81346"}],"version-history":[{"count":0,"href":"https:\/\/www.europesays.com\/lv\/wp-json\/wp\/v2\/posts\/81346\/revisions"}],"wp:featuredmedia":[{"embeddable":true,"href":"https:\/\/www.europesays.com\/lv\/wp-json\/wp\/v2\/media\/81347"}],"wp:attachment":[{"href":"https:\/\/www.europesays.com\/lv\/wp-json\/wp\/v2\/media?parent=81346"}],"wp:term":[{"taxonomy":"category","embeddable":true,"href":"https:\/\/www.europesays.com\/lv\/wp-json\/wp\/v2\/categories?post=81346"},{"taxonomy":"post_tag","embeddable":true,"href":"https:\/\/www.europesays.com\/lv\/wp-json\/wp\/v2\/tags?post=81346"}],"curies":[{"name":"wp","href":"https:\/\/api.w.org\/{rel}","templated":true}]}}