{"id":81351,"date":"2025-12-20T20:28:11","date_gmt":"2025-12-20T20:28:11","guid":{"rendered":"https:\/\/www.europesays.com\/lv\/81351\/"},"modified":"2025-12-20T20:28:11","modified_gmt":"2025-12-20T20:28:11","slug":"foto-%e2%9f%a9-tallinas-tirdzniecibas-centra-noticis-spradziens","status":"publish","type":"post","link":"https:\/\/www.europesays.com\/lv\/81351\/","title":{"rendered":"FOTO \u27e9 Tallinas tirdzniec\u012bbas centr\u0101 noticis spr\u0101dziens"},"content":{"rendered":"<p>K\u0101 zi\u0146o Gl\u0101b\u0161anas departamenta preses sekret\u0101rs, gl\u0101b\u0113ji izsaukumu sa\u0146\u0113ma plkst. 18:47. Spr\u0101dziena d\u0113\u013c no tirdzniec\u012bbas centra tika evaku\u0113ti iepirk\u0161an\u0101s centra apmekl\u0113t\u0101ji un ies\u0113din\u0101ti pils\u0113tas autobusos.<\/p>\n<p>Gl\u0101b\u0113ji apstiprin\u0101ja, ka uzspr\u0101gusi atkritumu tvertne, ievainojot vienu cilv\u0113ku un nog\u0101d\u0101jot vi\u0146u slimn\u012bc\u0101.<\/p>\n<p>Saska\u0146\u0101 ar &#8220;Postimees&#8221; r\u012bc\u012bb\u0101 eso\u0161o inform\u0101ciju, <a href=\"https:\/\/www.apollo.lv\/term\/567141\/spradziens\" class=\"topicLink\" target=\"_blank\" rel=\"nofollow noopener\">spr\u0101dziens<\/a> noticis net\u0101lu no &#8220;Apollo&#8221; veikala.<\/p>\n<p>29 gadus veca aculieciniece laikrakstam &#8220;Postimees&#8221; past\u0101st\u012bja, ka tur atrad\u0101s apkop\u0113ja, kura bija ievainota. &#8220;Uz gr\u012bdas bija asinis, un visi tika \u0101tri evaku\u0113ti.&#8221;<\/p>\n<p>Tallinas m\u0113rs P\u0113ters Raudseps (\u012apa\u0161umu departaments) soci\u0101lajos medijos rakst\u012bja, ka spr\u0101dziens daudzus pils\u0113tas iedz\u012bvot\u0101jus \u013coti nobied\u0113jis.<\/p>\n<blockquote class=\"quote ck-widget\" contenteditable=\"false\">\n<p>&#8220;Es sazin\u0101jos ar dro\u0161\u012bbas dienestiem un varu apstiprin\u0101t, ka reakcija bija \u0101tra un profesion\u0101la. Policija un gl\u0101b\u0161anas dienesti ierad\u0101s nekav\u0113joties, un cilv\u0113ku evaku\u0101cija s\u0101k\u0101s nekav\u0113joties,&#8221; rakst\u012bja m\u0113rs.<\/p>\n<\/blockquote>\n<p>&#8220;Savuk\u0101rt <a href=\"https:\/\/www.apollo.lv\/term\/557229\/tallina\" class=\"topicLink\" target=\"_blank\" rel=\"nofollow noopener\">Tallina<\/a> bija gatava pal\u012bdz\u0113t un pie\u0161\u0137\u012bra papildu autobusus centra darbinieku atbalstam. Apstiprinu, ka pils\u0113ta joproj\u0101m ir gatava sniegt visaptvero\u0161u pal\u012bdz\u012bbu. \u0160\u0101d\u0101s situ\u0101cij\u0101s ir \u012bpa\u0161i svar\u012bgi, lai inform\u0101cija tiktu izplat\u012bta \u0101tri un no uzticamiem avotiem.&#8221;<\/p>\n","protected":false},"excerpt":{"rendered":"K\u0101 zi\u0146o Gl\u0101b\u0161anas departamenta preses sekret\u0101rs, gl\u0101b\u0113ji izsaukumu sa\u0146\u0113ma plkst. 18:47. Spr\u0101dziena d\u0113\u013c no tirdzniec\u012bbas centra tika evaku\u0113ti&hellip;\n","protected":false},"author":2,"featured_media":81274,"comment_status":"","ping_status":"","sticky":false,"template":"","format":"standard","meta":{"footnotes":""},"categories":[14],"tags":[23,57,28,29,32,33,22,20423,30,31,35,39,38,36,37,34,40,20,26,27,5981,2794,24,25,54,55,56,21,58],"class_list":{"0":"post-81351","1":"post","2":"type-post","3":"status-publish","4":"format-standard","5":"has-post-thumbnail","7":"category-zinas-no-arvalstim","8":"tag-aktualitates","9":"tag-arvalstim","10":"tag-breaking-news","11":"tag-breakingnews","12":"tag-featured-news","13":"tag-featurednews","14":"tag-headlines","15":"tag-iepirksanas-centrs","16":"tag-latest-news","17":"tag-latestnews","18":"tag-latvia","19":"tag-latvian","20":"tag-latviesu","21":"tag-latviesu-valoda","22":"tag-latviesuvaloda","23":"tag-latvija","24":"tag-lv","25":"tag-news","26":"tag-popularakas-zinas","27":"tag-popularakaszinas","28":"tag-spradziens","29":"tag-tallina","30":"tag-top-stories","31":"tag-topstories","32":"tag-world","33":"tag-world-news","34":"tag-worldnews","35":"tag-zinas","36":"tag-zinas-no-arvalstim"},"share_on_mastodon":{"url":"https:\/\/pubeurope.com\/@lv\/115753785974162911","error":""},"_links":{"self":[{"href":"https:\/\/www.europesays.com\/lv\/wp-json\/wp\/v2\/posts\/81351","targetHints":{"allow":["GET"]}}],"collection":[{"href":"https:\/\/www.europesays.com\/lv\/wp-json\/wp\/v2\/posts"}],"about":[{"href":"https:\/\/www.europesays.com\/lv\/wp-json\/wp\/v2\/types\/post"}],"author":[{"embeddable":true,"href":"https:\/\/www.europesays.com\/lv\/wp-json\/wp\/v2\/users\/2"}],"replies":[{"embeddable":true,"href":"https:\/\/www.europesays.com\/lv\/wp-json\/wp\/v2\/comments?post=81351"}],"version-history":[{"count":0,"href":"https:\/\/www.europesays.com\/lv\/wp-json\/wp\/v2\/posts\/81351\/revisions"}],"wp:featuredmedia":[{"embeddable":true,"href":"https:\/\/www.europesays.com\/lv\/wp-json\/wp\/v2\/media\/81274"}],"wp:attachment":[{"href":"https:\/\/www.europesays.com\/lv\/wp-json\/wp\/v2\/media?parent=81351"}],"wp:term":[{"taxonomy":"category","embeddable":true,"href":"https:\/\/www.europesays.com\/lv\/wp-json\/wp\/v2\/categories?post=81351"},{"taxonomy":"post_tag","embeddable":true,"href":"https:\/\/www.europesays.com\/lv\/wp-json\/wp\/v2\/tags?post=81351"}],"curies":[{"name":"wp","href":"https:\/\/api.w.org\/{rel}","templated":true}]}}