{"id":81360,"date":"2025-12-20T20:41:09","date_gmt":"2025-12-20T20:41:09","guid":{"rendered":"https:\/\/www.europesays.com\/lv\/81360\/"},"modified":"2025-12-20T20:41:09","modified_gmt":"2025-12-20T20:41:09","slug":"riga-pagarinats-termins-jaunu-gazes-katlu-saskanosanai-lidz-2030-gadam-lente-lv","status":"publish","type":"post","link":"https:\/\/www.europesays.com\/lv\/81360\/","title":{"rendered":"R\u012bg\u0101 pagarin\u0101ts termi\u0146\u0161 jaunu g\u0101zes katlu saska\u0146o\u0161anai l\u012bdz 2030. gadam\u00a0\u2014\u00a0Lente.lv"},"content":{"rendered":"<p>R\u012bgas Domes l\u0113mums sniedz iedz\u012bvot\u0101jiem papildu laiku apkures moderniz\u0101cijai<\/p>\n<p>R\u012bgas iedz\u012bvot\u0101jiem un \u0113ku \u012bpa\u0161niekiem ir pagarin\u0101ta iesp\u0113ja saska\u0146ot jaunu g\u0101zes apkures katlu uzst\u0101d\u012b\u0161anu \u2013 tas turpm\u0101k b\u016bs iesp\u0113jams l\u012bdz 2030. gadam. \u0160\u0101das izmai\u0146as R\u012bgas dome apstiprin\u0101ja ceturtdien, veicot groz\u012bjumus saisto\u0161ajos noteikumos, kas nosaka teritori\u0101l\u0101s zonas un pras\u012bbas siltumapg\u0101des sist\u0113mu iek\u0101rtu izv\u0113lei. K\u0101 inform\u0113 Latvijas Sabiedriskie Mediji, \u0161is l\u0113mums noz\u012bm\u0113, ka s\u0101kotn\u0113jais pl\u0101ns, kas paredz\u0113ja termi\u0146a beigas 2026. gad\u0101, tiek p\u0101rskat\u012bts, dodot r\u012bdziniekiem papildu \u010detrus gadus apkures sist\u0113mu pl\u0101no\u0161anai un uzlabo\u0161anai. L\u012bdz \u0161im sp\u0113k\u0101 eso\u0161\u0101 redakcija noteica, ka jaunu g\u0101zes apkures iek\u0101rtu uzst\u0101d\u012b\u0161anu R\u012bg\u0101 vairs nesaska\u0146os no 2026. gada.<\/p>\n<p>\u0160is R\u012bgas domes solis tiek v\u0113rt\u0113ts k\u0101 atvieglojums, kas \u013cauj iedz\u012bvot\u0101jiem izvair\u012bties no steigas un pie\u0146emt p\u0101rdom\u0101tus l\u0113mumus par sava m\u0101jok\u013ca apkures nodro\u0161in\u0101\u0161anu. Pagarin\u0101tais termi\u0146\u0161 dod iesp\u0113ju r\u016bp\u012bgi izv\u0113rt\u0113t tehnolo\u0123ijas, sal\u012bdzin\u0101t pied\u0101v\u0101jumus un pieteikt nepiecie\u0161amos finansi\u0101los l\u012bdzek\u013cus bez stresa, kas rad\u0101s tuvojoties iepriek\u0161 noteiktajam datumam.<\/p>\n<p>Konteksts: ES direkt\u012bvas un gaisa kvalit\u0101tes m\u0113r\u0137i<\/p>\n<p>Groz\u012bjumi noteikumos veikti, \u0146emot v\u0113r\u0101 gan aktu\u0101los gaisa kvalit\u0101tes monitoringa datus R\u012bgas pa\u0161vald\u012bb\u0101, gan Eiropas Savien\u012bbas (ES) normat\u012bvos. ES ir pie\u0146\u0113musi jaunu direkt\u012bvu par gaisa kvalit\u0101ti, kas nosaka stingr\u0101kus normat\u012bvus sal\u012bdzin\u0101jum\u0101 ar iepriek\u0161\u0113jo versiju. \u0160\u012bs jaun\u0101s direkt\u012bvas pras\u012bbas dal\u012bbvalst\u012bm ir j\u0101ievie\u0161 nacion\u0101laj\u0101 likumdo\u0161an\u0101 l\u012bdz 2026. gada 31. decembrim, nodro\u0161inot atbilst\u012bbu l\u012bdz 2030. gada 1. janv\u0101rim.<\/p>\n<p>R\u012bgas dome jau iepriek\u0161 ir noteikusi m\u0113r\u0137us gaisa kvalit\u0101tes uzlabo\u0161anai un klimata p\u0101rmai\u0146u mazin\u0101\u0161anai, kur viens no so\u013ciem bija paredz\u0113ts fosil\u0101 kurin\u0101m\u0101 izmanto\u0161anas samazin\u0101\u0161ana. Tom\u0113r iepriek\u0161\u0113jie l\u0113mumi, kas tika pie\u0146emti jau 2021. un 2024. gad\u0101, rad\u012bja diskusijas, tostarp nor\u0101dot, ka g\u0101zes katliem nav tik b\u016btiska ietekme uz pils\u0113tas gaisa pies\u0101r\u0146ojumu k\u0101 autotransportam.<\/p>\n<p>Dabasg\u0101zes loma un biomet\u0101na integr\u0101cija<\/p>\n<p>AS \u201cGaso\u201d, kas ir vien\u012bgais dabasg\u0101zes sadales sist\u0113mas operators Latvij\u0101, atzin\u012bgi nov\u0113rt\u0113jis R\u012bgas domes l\u0113mumu, uzsverot, ka dabasg\u0101ze \u0161obr\u012bd ir viens no t\u012br\u0101kajiem un efekt\u012bv\u0101kajiem pieejamajiem kurin\u0101m\u0101 veidiem, kas ir \u0113rts un ilgtermi\u0146\u0101 izdev\u012bgs.<\/p>\n<p>Tiek uzsv\u0113rts, ka Latvijas dabasg\u0101zes infrastrukt\u016bra ir piln\u012bb\u0101 piem\u0113rota ar\u012b biomet\u0101na ievadei, kas ir moderna, atjaun\u012bg\u0101 g\u0101ze. Biomet\u0101na izmanto\u0161ana dod iesp\u0113ju vienlaikus gan samazin\u0101t emisijas, gan stiprin\u0101t valsts ener\u0123\u0113tisko neatkar\u012bbu, jo jau kop\u0161 pag\u0101ju\u0161\u0101 gada sist\u0113m\u0101 tiek ievad\u012bta Latvij\u0101 ra\u017eota za\u013c\u0101 ener\u0123ija. L\u012bdz 2026. gada s\u0101kumam Latvijas starpsavienotajai dabasg\u0101zes sist\u0113mai pl\u0101nots pievienot jau se\u0161us biomet\u0101na ievades punktus. Tas noz\u012bm\u0113, ka eso\u0161\u0101s g\u0101zes katlu sist\u0113mas un cauru\u013cvadi nav j\u0101maina, lai p\u0101rietu uz za\u013c\u0101ko kurin\u0101mo.<\/p>\n<p>Ierobe\u017eojumi un alternat\u012bvas<\/p>\n<p>J\u0101atg\u0101dina, ka noteikumi paredz stingr\u0101kas pras\u012bbas attiec\u012bb\u0101 uz citiem fosilajiem kurin\u0101majiem. Vis\u0101s R\u012bgas zon\u0101s jau iepriek\u0161 bija noteikts aizliegums uzst\u0101d\u012bt siltumapg\u0101des iek\u0101rtas, kur\u0101s izmanto akme\u0146ogles, br\u016bnogles, k\u016bdru un \u0161\u0137idro kurin\u0101mo, tostarp d\u012bze\u013cdegvielu.<\/p>\n<p>R\u012bgas domes m\u0113r\u0137is ir veicin\u0101t piesl\u0113g\u0161anos centraliz\u0113tajai siltumapg\u0101dei vai citu bezemisiju siltuma avotu, piem\u0113ram, siltums\u016bk\u0146u, izmanto\u0161anu. Tom\u0113r jaunie groz\u012bjumi neskar eso\u0161o malkas kr\u0101\u0161\u0146u, biomasas kurin\u0101m\u0101 vai g\u0101zes katlu \u012bpa\u0161niekus, kuriem nav iesp\u0113jas vai pl\u0101nu \u0161obr\u012bd main\u012bt savas iek\u0101rtas. T\u0101pat netiek ietekm\u0113ti tie, kas izmanto centr\u0101lo apkuri.<\/p>\n<p>Turpm\u0101k\u0101 pl\u0101no\u0161ana un perspekt\u012bva<\/p>\n<p>Pagarin\u0101jums l\u012bdz 2030. gadam sniedz liel\u0101ku elast\u012bbu. Iepriek\u0161\u0113j\u0101 k\u0101rt\u012bba paredz\u0113ja, ka jaunu g\u0101zes katlu at\u013caujas tiks izsniegtas l\u012bdz 2024. gada decembrim, ar iesp\u0113ju t\u0101s izmantot piecus gadus, t\u0101tad l\u012bdz 2031. gadam, ja b\u016btu attiec\u012bgs ekonomiskais pamatojums. \u0160\u012b pieeja rad\u012bja zin\u0101mu spriedzi tirg\u016b.<\/p>\n<p>Lai gan n\u0101kotn\u0113 fosilo resursu lieto\u0161ana tiks pak\u0101peniski p\u0101rtraukta glob\u0101lu un ES m\u0113roga nosac\u012bjumu un ekonomisko instrumentu ietekm\u0113, \u0161is pagaidu atvieglojums \u013cauj R\u012bgai pak\u0101peniski \u012bstenot p\u0101reju uz ilgtsp\u0113j\u012bg\u0101kiem risin\u0101jumiem, nepiespie\u017eot iedz\u012bvot\u0101jus uz radik\u0101l\u0101m un potenci\u0101li d\u0101rg\u0101m p\u0101rmai\u0146\u0101m \u012bs\u0101 laika posm\u0101.<\/p>\n","protected":false},"excerpt":{"rendered":"R\u012bgas Domes l\u0113mums sniedz iedz\u012bvot\u0101jiem papildu laiku apkures moderniz\u0101cijai R\u012bgas iedz\u012bvot\u0101jiem un \u0113ku \u012bpa\u0161niekiem ir pagarin\u0101ta iesp\u0113ja saska\u0146ot&hellip;\n","protected":false},"author":2,"featured_media":81361,"comment_status":"","ping_status":"","sticky":false,"template":"","format":"standard","meta":{"footnotes":""},"categories":[12],"tags":[20467,23,1677,28,29,32,33,20466,22,30,31,35,39,38,36,37,34,40,20,26,27,172,687,24,25,21],"class_list":{"0":"post-81360","1":"post","2":"type-post","3":"status-publish","4":"format-standard","5":"has-post-thumbnail","7":"category-latvija","8":"tag-2030-gads","9":"tag-aktualitates","10":"tag-apkure","11":"tag-breaking-news","12":"tag-breakingnews","13":"tag-featured-news","14":"tag-featurednews","15":"tag-gazes-katli","16":"tag-headlines","17":"tag-latest-news","18":"tag-latestnews","19":"tag-latvia","20":"tag-latvian","21":"tag-latviesu","22":"tag-latviesu-valoda","23":"tag-latviesuvaloda","24":"tag-latvija","25":"tag-lv","26":"tag-news","27":"tag-popularakas-zinas","28":"tag-popularakaszinas","29":"tag-riga","30":"tag-rigas-dome","31":"tag-top-stories","32":"tag-topstories","33":"tag-zinas"},"share_on_mastodon":{"url":"https:\/\/pubeurope.com\/@lv\/115753837203544452","error":""},"_links":{"self":[{"href":"https:\/\/www.europesays.com\/lv\/wp-json\/wp\/v2\/posts\/81360","targetHints":{"allow":["GET"]}}],"collection":[{"href":"https:\/\/www.europesays.com\/lv\/wp-json\/wp\/v2\/posts"}],"about":[{"href":"https:\/\/www.europesays.com\/lv\/wp-json\/wp\/v2\/types\/post"}],"author":[{"embeddable":true,"href":"https:\/\/www.europesays.com\/lv\/wp-json\/wp\/v2\/users\/2"}],"replies":[{"embeddable":true,"href":"https:\/\/www.europesays.com\/lv\/wp-json\/wp\/v2\/comments?post=81360"}],"version-history":[{"count":0,"href":"https:\/\/www.europesays.com\/lv\/wp-json\/wp\/v2\/posts\/81360\/revisions"}],"wp:featuredmedia":[{"embeddable":true,"href":"https:\/\/www.europesays.com\/lv\/wp-json\/wp\/v2\/media\/81361"}],"wp:attachment":[{"href":"https:\/\/www.europesays.com\/lv\/wp-json\/wp\/v2\/media?parent=81360"}],"wp:term":[{"taxonomy":"category","embeddable":true,"href":"https:\/\/www.europesays.com\/lv\/wp-json\/wp\/v2\/categories?post=81360"},{"taxonomy":"post_tag","embeddable":true,"href":"https:\/\/www.europesays.com\/lv\/wp-json\/wp\/v2\/tags?post=81360"}],"curies":[{"name":"wp","href":"https:\/\/api.w.org\/{rel}","templated":true}]}}