{"id":81362,"date":"2025-12-20T20:42:15","date_gmt":"2025-12-20T20:42:15","guid":{"rendered":"https:\/\/www.europesays.com\/lv\/81362\/"},"modified":"2025-12-20T20:42:15","modified_gmt":"2025-12-20T20:42:15","slug":"tallina-tirdzniecibas-centra-uzspragusi-miskaste-viens-cilveks-ievainots","status":"publish","type":"post","link":"https:\/\/www.europesays.com\/lv\/81362\/","title":{"rendered":"Tallin\u0101 tirdzniec\u012bbas centr\u0101 uzspr\u0101gusi miskaste; viens cilv\u0113ks ievainots"},"content":{"rendered":"<p>Sestdien, plkst. 18.47 Igaunijas gl\u0101b\u0161anas dienesti sa\u0146\u0113ma izsaukumu par spr\u0101dzienu atkritumu tvertn\u0113 Tallinas tirdzniec\u012bbas centr\u0101 &#8220;\u00dclemiste&#8221;. Spr\u0101dziena br\u012bd\u012b net\u0101lu atradies viens cilv\u0113ks, kur\u0161 guvis ievainojumus un nog\u0101d\u0101ts slimn\u012bc\u0101. Par notiku\u0161o uzs\u0101kta izmekl\u0113\u0161ana, lai noskaidrotu spr\u0101dziena c\u0113loni, inform\u0113 <a rel=\"noopener nofollow\" target=\"_blank\" href=\"https:\/\/www.delfi.lv\/temas\/49104925\/delfi\" tag-id=\"49104925\">Delfi<\/a>.ee.<\/p>\n<p class=\"m-0\">Seko &#8220;Delfi&#8221; ar\u012b  <a target=\"_blank\" href=\"https:\/\/www.instagram.com\/delfi.lv\/\" rel=\"nofollow noopener\">Instagram<\/a>  un <a target=\"_blank\" href=\"https:\/\/www.youtube.com\/channel\/UCw5foWtcJvAbUm64rv7jwUQ\" rel=\"nofollow noopener\">YouTube<\/a>  profil\u0101 \u2013 pievienojies, lai uzzin\u0101tu svar\u012bg\u0101ko un interesant\u0101ko pirmais!<\/p>\n<p>Publik\u0101cijas saturs vai t\u0101s jebk\u0101da apjoma da\u013ca ir aizsarg\u0101ts autorties\u012bbu objekts Autorties\u012bbu likuma izpratn\u0113, un t\u0101 izmanto\u0161ana bez izdev\u0113ja at\u013caujas ir aizliegta. Vair\u0101k lasi  <a target=\"_blank\" href=\"https:\/\/www.delfi.lv\/noteikumi#autortiesibas\" rel=\"nofollow noopener\">\u0161eit<\/a><script async src=\"\/\/www.instagram.com\/embed.js\"><\/script><\/p>\n","protected":false},"excerpt":{"rendered":"Sestdien, plkst. 18.47 Igaunijas gl\u0101b\u0161anas dienesti sa\u0146\u0113ma izsaukumu par spr\u0101dzienu atkritumu tvertn\u0113 Tallinas tirdzniec\u012bbas centr\u0101 &#8220;\u00dclemiste&#8221;. Spr\u0101dziena br\u012bd\u012b&hellip;\n","protected":false},"author":2,"featured_media":81363,"comment_status":"","ping_status":"","sticky":false,"template":"","format":"standard","meta":{"footnotes":""},"categories":[5],"tags":[23,28,29,7105,32,33,22,30,31,35,39,38,36,37,34,40,20,26,27,1250,24,25,21],"class_list":{"0":"post-81362","1":"post","2":"type-post","3":"status-publish","4":"format-standard","5":"has-post-thumbnail","7":"category-aktualitates","8":"tag-aktualitates","9":"tag-breaking-news","10":"tag-breakingnews","11":"tag-delfi","12":"tag-featured-news","13":"tag-featurednews","14":"tag-headlines","15":"tag-latest-news","16":"tag-latestnews","17":"tag-latvia","18":"tag-latvian","19":"tag-latviesu","20":"tag-latviesu-valoda","21":"tag-latviesuvaloda","22":"tag-latvija","23":"tag-lv","24":"tag-news","25":"tag-popularakas-zinas","26":"tag-popularakaszinas","27":"tag-rimi","28":"tag-top-stories","29":"tag-topstories","30":"tag-zinas"},"share_on_mastodon":{"url":"https:\/\/pubeurope.com\/@lv\/115753840973138565","error":""},"_links":{"self":[{"href":"https:\/\/www.europesays.com\/lv\/wp-json\/wp\/v2\/posts\/81362","targetHints":{"allow":["GET"]}}],"collection":[{"href":"https:\/\/www.europesays.com\/lv\/wp-json\/wp\/v2\/posts"}],"about":[{"href":"https:\/\/www.europesays.com\/lv\/wp-json\/wp\/v2\/types\/post"}],"author":[{"embeddable":true,"href":"https:\/\/www.europesays.com\/lv\/wp-json\/wp\/v2\/users\/2"}],"replies":[{"embeddable":true,"href":"https:\/\/www.europesays.com\/lv\/wp-json\/wp\/v2\/comments?post=81362"}],"version-history":[{"count":0,"href":"https:\/\/www.europesays.com\/lv\/wp-json\/wp\/v2\/posts\/81362\/revisions"}],"wp:featuredmedia":[{"embeddable":true,"href":"https:\/\/www.europesays.com\/lv\/wp-json\/wp\/v2\/media\/81363"}],"wp:attachment":[{"href":"https:\/\/www.europesays.com\/lv\/wp-json\/wp\/v2\/media?parent=81362"}],"wp:term":[{"taxonomy":"category","embeddable":true,"href":"https:\/\/www.europesays.com\/lv\/wp-json\/wp\/v2\/categories?post=81362"},{"taxonomy":"post_tag","embeddable":true,"href":"https:\/\/www.europesays.com\/lv\/wp-json\/wp\/v2\/tags?post=81362"}],"curies":[{"name":"wp","href":"https:\/\/api.w.org\/{rel}","templated":true}]}}