{"id":81377,"date":"2025-12-20T21:10:25","date_gmt":"2025-12-20T21:10:25","guid":{"rendered":"https:\/\/www.europesays.com\/lv\/81377\/"},"modified":"2025-12-20T21:10:25","modified_gmt":"2025-12-20T21:10:25","slug":"ukraini-iznicina-divas-krievu-kara-lidmasinas-su-27","status":"publish","type":"post","link":"https:\/\/www.europesays.com\/lv\/81377\/","title":{"rendered":"Ukrai\u0146i izn\u012bcina divas krievu kara lidma\u0161\u012bnas Su-27"},"content":{"rendered":"<p class=\"lead\">\n                                Ukrainas Dro\u0161\u012bbas dienesta (SBU) Speci\u0101lo oper\u0101ciju centra &#8220;Alfa&#8221; t\u0101ldarb\u012bbas droni izn\u012bcin\u0101ju\u0161i divas Krievijas kara lidma\u0161\u012bnas Su-27 Belbekas lidlauk\u0101 okup\u0113taj\u0101 Krimas pussal\u0101, zi\u0146o SBU preses dienests.\n                            <\/p>\n<p style=\"margin-left:0px;\">K\u0101 zi\u0146o SBU, viena no lidma\u0161\u012bn\u0101m ar iel\u0101d\u0113tu mun\u012bciju atrad\u0101s uz manevr\u0113\u0161anas ce\u013ca un bija gatava kaujas lidojumam. T\u0101 ir izn\u012bcin\u0101ta. Abu lidma\u0161\u012bnu v\u0113rt\u012bba ir aptuveni 70 miljoni dol\u0101ru.<\/p>\n<p style=\"margin-left:0px;\">Turkl\u0101t tika apstiprin\u0101ts, ka tr\u0101p\u012bts ar\u012b dispe\u010deru tornim, kas var\u0113tu apgr\u016btin\u0101t lidlauka lidojumu organiz\u0113\u0161anu un kontroli.<\/p>\n<p style=\"margin-left:0px;\">\u0160is ir otrais veiksm\u012bgais SBU uzbrukums Belbekas lidlaukam p\u0113d\u0113jo dienu laik\u0101.<\/p>\n<p style=\"margin-left:0px;\">SBU dronu triecien\u0101 nakt\u012b uz ceturtdienu Belbekas lidlaukam tika izn\u012bcin\u0101ta vai boj\u0101ta krievu kara tehnika simtiem miljonu ASV dol\u0101ru v\u0113rt\u012bb\u0101.<\/p>\n<p style=\"margin-left:0px;\">Ukrai\u0146u droni tr\u0101p\u012bja diviem t\u0101las darb\u012bbas radaru kompleksiem &#8220;Nebo-SVU&#8221;, radaram 92N6, kas ir zeme-gaiss ra\u0137e\u0161u sist\u0113mas S-400 sast\u0101vda\u013ca, ra\u0137e\u0161u sist\u0113mai &#8220;Pancirj-S2&#8221; un izn\u012bcin\u0101t\u0101jam MiG-31.<\/p>\n<p style=\"margin-left:0px;\">SBU nor\u0101d\u012bja, ka triecieni galvenajiem milit\u0101rajiem lidlaukiem un ienaidnieka lidma\u0161\u012bnu un pretgaisa aizsardz\u012bbas sist\u0113mu izn\u012bcin\u0101\u0161ana uz laiku okup\u0113taj\u0101 Krim\u0101 iev\u0113rojami samazina t\u0101s milit\u0101ro potenci\u0101lu re\u0123ion\u0101.<\/p>\n<p>Krievija uzbrukusi Ukrainai ar trim ballistiskaj\u0101m ra\u0137et\u0113m un 51 dronu<\/p>\n<p style=\"margin-left:0px;\">Nakt\u012b uz sestdienu Krievijas sp\u0113ki uzbruku\u0161i Ukrainai ar trim ballistiskaj\u0101m ra\u0137et\u0113m &#8220;Iskander-M&#8221; un 51 bezpilota lidapar\u0101tu, pazi\u0146oja Ukrainas gaisa sp\u0113ki.<\/p>\n<p style=\"margin-left:0px;\">Pretgaisa aizsardz\u012bbas sp\u0113ki notrieca 31 ienaidnieka dronu.<\/p>\n<p style=\"margin-left:0px;\">No palaistajiem droniem aptuveni 30 bija trieciendroni &#8220;Shahed&#8221;.<\/p>\n<p style=\"margin-left:0px;\">Re\u0123istr\u0113ti ballistisko ra\u0137e\u0161u un 20 dronu tr\u0101p\u012bjumi 15 viet\u0101s.<\/p>\n<p style=\"margin-left:0px;\">Krievijas ballistisko ra\u0137e\u0161u triecien\u0101 Ukrainas Odesas apgabal\u0101 piektdien tika nogalin\u0101ti asto\u0146i un ievainoti 27 cilv\u0113ki.<\/p>\n<p>KONTEKSTS<\/p>\n<p>2022. gada 24. febru\u0101r\u012b Krievijas diktators Vladimirs Putins deva pav\u0113li iebrukt\u00a0Ukrain\u0101. Putins apgalvoja, ka NATO gatavojas izmantot Ukrainu k\u0101 placdarmu agresijai pret Krieviju, lai gan \u0161iem apgalvojumiem nebija\u00a0pier\u0101d\u012bjumu. Starptautisk\u0101 krimin\u0101ltiesa (SKT) 2023. gada mart\u0101 izdeva Putina aresta orderi par nelikum\u012bgu ukrai\u0146u b\u0113rnu deport\u0101ciju no okup\u0113taj\u0101m teritorij\u0101m Ukrain\u0101.\u00a0<\/p>\n<p><img decoding=\"async\" src=\"https:\/\/www.europesays.com\/lv\/wp-content\/uploads\/2025\/11\/202311151406496554b459d746c.jpg\" alt=\"Ukrainas atbalst\u012bt\u0101ji nezaud\u0113 tic\u012bbu, ka ukrai\u0146i v\u0113l ir ce\u013c\u0101 uz uzvaru un agri vai v\u0113lu Krievijas okupantu armijai n\u0101ksies atk\u0101pties no Ukrainas zemes.\" loading=\"lazy\"\/><\/p>\n<p>Ukrainas atbalst\u012bt\u0101ji nezaud\u0113 tic\u012bbu, ka ukrai\u0146i v\u0113l ir ce\u013c\u0101 uz uzvaru un agri vai v\u0113lu Krievijas okupantu armijai n\u0101ksies atk\u0101pties no Ukrainas zemes.<\/p>\n<p>Foto:\u00a0AFP\/Scanpix\u00a0\/ Latvijas Mediji<\/p>\n<p class=\"paragraph-muted\">Izv\u0113lies savu soct\u012bklu platformu, lai sekotu LASI.LV: <a href=\"https:\/\/www.facebook.com\/portals.lasi.lv\" target=\"_blank\" rel=\"noopener noreferrer nofollow\">Facebook<\/a>, <a href=\"https:\/\/twitter.com\/lasilvportals\" target=\"_blank\" rel=\"noopener noreferrer nofollow\">X<\/a>, <a href=\"https:\/\/bsky.app\/profile\/lasilv.bsky.social\" target=\"_blank\" rel=\"noopener noreferrer nofollow\">Bluesky<\/a>, <a href=\"https:\/\/www.draugiem.lv\/lasilv\/?pg=4\" target=\"_blank\" rel=\"noopener noreferrer nofollow\">Draugiem<\/a> vai ar\u012b <a href=\"https:\/\/www.instagram.com\/lasilv_zinas\/\" target=\"_blank\" rel=\"noopener noreferrer nofollow\">Instagram<\/a>. Pievienojies m\u016bsu las\u012bt\u0101ju pulkam, lai sa\u0146emtu \u012bpa\u0161i tev atlas\u012btu noder\u012bgu, praktisku un aktu\u0101lu saturu.\u00a0<\/p>\n<p style=\"margin-left:auto;\">Pieraksties LASI.LV redaktora v\u0113stkopai <a href=\"https:\/\/lasi.lv\/vestkopa\/lasi-lv-galvena-redaktora-vestkopa\" rel=\"nofollow noopener\" target=\"_blank\">\u0161eit<\/a>.<\/p>\n<p style=\"margin-left:auto;\">Pieraksties un reizi ned\u0113\u013c\u0101 sa\u0146em padzi\u013cin\u0101tu LASI.LV galven\u0101 redaktora aktu\u0101lo zi\u0146u, kompetentu viedok\u013cu un interesant\u0101ko interviju apkopojumu.<\/p>\n<p><script async src=\"https:\/\/platform.twitter.com\/widgets.js\" charset=\"utf-8\"><\/script><script async src=\"\/\/www.instagram.com\/embed.js\"><\/script><\/p>\n","protected":false},"excerpt":{"rendered":"Ukrainas Dro\u0161\u012bbas dienesta (SBU) Speci\u0101lo oper\u0101ciju centra &#8220;Alfa&#8221; t\u0101ldarb\u012bbas droni izn\u012bcin\u0101ju\u0161i divas Krievijas kara lidma\u0161\u012bnas Su-27 Belbekas lidlauk\u0101&hellip;\n","protected":false},"author":2,"featured_media":81378,"comment_status":"","ping_status":"","sticky":false,"template":"","format":"standard","meta":{"footnotes":""},"categories":[14],"tags":[23,57,28,29,32,33,22,30,31,35,39,38,36,37,34,40,20,26,27,24,25,54,55,56,21,58],"class_list":{"0":"post-81377","1":"post","2":"type-post","3":"status-publish","4":"format-standard","5":"has-post-thumbnail","7":"category-zinas-no-arvalstim","8":"tag-aktualitates","9":"tag-arvalstim","10":"tag-breaking-news","11":"tag-breakingnews","12":"tag-featured-news","13":"tag-featurednews","14":"tag-headlines","15":"tag-latest-news","16":"tag-latestnews","17":"tag-latvia","18":"tag-latvian","19":"tag-latviesu","20":"tag-latviesu-valoda","21":"tag-latviesuvaloda","22":"tag-latvija","23":"tag-lv","24":"tag-news","25":"tag-popularakas-zinas","26":"tag-popularakaszinas","27":"tag-top-stories","28":"tag-topstories","29":"tag-world","30":"tag-world-news","31":"tag-worldnews","32":"tag-zinas","33":"tag-zinas-no-arvalstim"},"share_on_mastodon":{"url":"https:\/\/pubeurope.com\/@lv\/115753951231704547","error":""},"_links":{"self":[{"href":"https:\/\/www.europesays.com\/lv\/wp-json\/wp\/v2\/posts\/81377","targetHints":{"allow":["GET"]}}],"collection":[{"href":"https:\/\/www.europesays.com\/lv\/wp-json\/wp\/v2\/posts"}],"about":[{"href":"https:\/\/www.europesays.com\/lv\/wp-json\/wp\/v2\/types\/post"}],"author":[{"embeddable":true,"href":"https:\/\/www.europesays.com\/lv\/wp-json\/wp\/v2\/users\/2"}],"replies":[{"embeddable":true,"href":"https:\/\/www.europesays.com\/lv\/wp-json\/wp\/v2\/comments?post=81377"}],"version-history":[{"count":0,"href":"https:\/\/www.europesays.com\/lv\/wp-json\/wp\/v2\/posts\/81377\/revisions"}],"wp:featuredmedia":[{"embeddable":true,"href":"https:\/\/www.europesays.com\/lv\/wp-json\/wp\/v2\/media\/81378"}],"wp:attachment":[{"href":"https:\/\/www.europesays.com\/lv\/wp-json\/wp\/v2\/media?parent=81377"}],"wp:term":[{"taxonomy":"category","embeddable":true,"href":"https:\/\/www.europesays.com\/lv\/wp-json\/wp\/v2\/categories?post=81377"},{"taxonomy":"post_tag","embeddable":true,"href":"https:\/\/www.europesays.com\/lv\/wp-json\/wp\/v2\/tags?post=81377"}],"curies":[{"name":"wp","href":"https:\/\/api.w.org\/{rel}","templated":true}]}}