{"id":81379,"date":"2025-12-20T21:12:08","date_gmt":"2025-12-20T21:12:08","guid":{"rendered":"https:\/\/www.europesays.com\/lv\/81379\/"},"modified":"2025-12-20T21:12:08","modified_gmt":"2025-12-20T21:12:08","slug":"ungarijas-transporta-ministrs-parsteidz-orbanu-ar-delikatu-velesanu-jautajumu","status":"publish","type":"post","link":"https:\/\/www.europesays.com\/lv\/81379\/","title":{"rendered":"Ung\u0101rijas transporta ministrs p\u0101rsteidz Orb\u0101nu ar delik\u0101tu v\u0113l\u0113\u0161anu jaut\u0101jumu"},"content":{"rendered":"<p><a href=\"https:\/\/www.tvnet.lv\/term\/555908\/ungarija\" class=\"topicLink\" target=\"_blank\" rel=\"nofollow noopener\">Ung\u0101rija<\/a> jaunu parlamentu iev\u0113l\u0113s 2026. gad\u0101. Prec\u012bzs datums v\u0113l nav noteikts. Tom\u0113r saska\u0146\u0101 ar konstit\u016bciju v\u0113l\u0113\u0161an\u0101m j\u0101notiek apr\u012bl\u012b.<\/p>\n<p>Vai Orb\u0101ns k\u013c\u016bs par prezidentu?<\/p>\n<p>Orb\u0101ns Ung\u0101riju vada kop\u0161 2010. gada, da\u017ek\u0101rt ar autorit\u0101r\u0101m tendenc\u0113m. P\u0113c nov\u0113rot\u0101ju dom\u0101m, vi\u0146\u0161 nodro\u0161in\u0101ja savas tr\u012bs atk\u0101rtot\u0101s iev\u0113l\u0113\u0161anas v\u0113l\u0113\u0161an\u0101s, kas bija br\u012bvas, bet negod\u012bgas. Cita starp\u0101, b\u016bdams vald\u012bbas vad\u012bt\u0101js, Orb\u0101ns ir pak\u013c\u0101vis praktiski visus liel\u0101kos pla\u0161sazi\u0146as l\u012bdzek\u013cus savu sekot\u0101ju kontrolei.<\/p>\n<p>Neskatoties uz to, aptauj\u0101s Fidesz jau vair\u0101kus m\u0113ne\u0161us past\u0101v\u012bgi atpaliek par se\u0161iem l\u012bdz desmit procentpunktiem no opoz\u012bcijas l\u012bdera P\u0113tera Ma\u0123\u0101ra partijas Tisza. Daudzi ung\u0101ri s\u016bdzas par pieaugu\u0161o dz\u012bves d\u0101rdz\u012bbu un pla\u0161i izplat\u012bto korupciju Ung\u0101rijas vad\u012bb\u0101. Ar\u012b Ung\u0101rijas premjerministra cie\u0161\u0101s saites ar Krieviju nepat\u012bk daudziem ung\u0101riem. Eiropas Savien\u012bba kritiz\u0113 Orb\u0101nu par tiesiskuma grau\u0161anu.<\/p>\n<p>Dom\u0101jams, ka tie\u0161i t\u0101p\u0113c Orb\u0101ns apsver iesp\u0113ju nekandid\u0113t parlamenta v\u0113l\u0113\u0161an\u0101s, bet gan ie\u0146emt Ung\u0101rijas prezidenta amatu. Saska\u0146\u0101 ar Bloomberg News zi\u0146\u0101m, vi\u0146\u0161 pl\u0101no p\u0101rveidot savu pa\u0161reiz\u0113jo ceremoni\u0101lo valsts vad\u012bt\u0101ja lomu par jaunu, ietekm\u012bgu Ung\u0101rijas prezidenta amatu.<\/p>\n","protected":false},"excerpt":{"rendered":"Ung\u0101rija jaunu parlamentu iev\u0113l\u0113s 2026. gad\u0101. Prec\u012bzs datums v\u0113l nav noteikts. Tom\u0113r saska\u0146\u0101 ar konstit\u016bciju v\u0113l\u0113\u0161an\u0101m j\u0101notiek apr\u012bl\u012b.&hellip;\n","protected":false},"author":2,"featured_media":81380,"comment_status":"","ping_status":"","sticky":false,"template":"","format":"standard","meta":{"footnotes":""},"categories":[5],"tags":[23,28,29,32,33,22,30,31,35,39,38,36,37,34,40,20,26,27,24,25,2497,2508,21],"class_list":{"0":"post-81379","1":"post","2":"type-post","3":"status-publish","4":"format-standard","5":"has-post-thumbnail","7":"category-aktualitates","8":"tag-aktualitates","9":"tag-breaking-news","10":"tag-breakingnews","11":"tag-featured-news","12":"tag-featurednews","13":"tag-headlines","14":"tag-latest-news","15":"tag-latestnews","16":"tag-latvia","17":"tag-latvian","18":"tag-latviesu","19":"tag-latviesu-valoda","20":"tag-latviesuvaloda","21":"tag-latvija","22":"tag-lv","23":"tag-news","24":"tag-popularakas-zinas","25":"tag-popularakaszinas","26":"tag-top-stories","27":"tag-topstories","28":"tag-ungarija","29":"tag-viktors-orbans","30":"tag-zinas"},"share_on_mastodon":{"url":"https:\/\/pubeurope.com\/@lv\/115753958994304999","error":""},"_links":{"self":[{"href":"https:\/\/www.europesays.com\/lv\/wp-json\/wp\/v2\/posts\/81379","targetHints":{"allow":["GET"]}}],"collection":[{"href":"https:\/\/www.europesays.com\/lv\/wp-json\/wp\/v2\/posts"}],"about":[{"href":"https:\/\/www.europesays.com\/lv\/wp-json\/wp\/v2\/types\/post"}],"author":[{"embeddable":true,"href":"https:\/\/www.europesays.com\/lv\/wp-json\/wp\/v2\/users\/2"}],"replies":[{"embeddable":true,"href":"https:\/\/www.europesays.com\/lv\/wp-json\/wp\/v2\/comments?post=81379"}],"version-history":[{"count":0,"href":"https:\/\/www.europesays.com\/lv\/wp-json\/wp\/v2\/posts\/81379\/revisions"}],"wp:featuredmedia":[{"embeddable":true,"href":"https:\/\/www.europesays.com\/lv\/wp-json\/wp\/v2\/media\/81380"}],"wp:attachment":[{"href":"https:\/\/www.europesays.com\/lv\/wp-json\/wp\/v2\/media?parent=81379"}],"wp:term":[{"taxonomy":"category","embeddable":true,"href":"https:\/\/www.europesays.com\/lv\/wp-json\/wp\/v2\/categories?post=81379"},{"taxonomy":"post_tag","embeddable":true,"href":"https:\/\/www.europesays.com\/lv\/wp-json\/wp\/v2\/tags?post=81379"}],"curies":[{"name":"wp","href":"https:\/\/api.w.org\/{rel}","templated":true}]}}