{"id":81387,"date":"2025-12-20T21:18:11","date_gmt":"2025-12-20T21:18:11","guid":{"rendered":"https:\/\/www.europesays.com\/lv\/81387\/"},"modified":"2025-12-20T21:18:11","modified_gmt":"2025-12-20T21:18:11","slug":"otro-vietu-pasaules-kausa-posma-izcina-bots-plume","status":"publish","type":"post","link":"https:\/\/www.europesays.com\/lv\/81387\/","title":{"rendered":"Otro vietu Pasaules kausa posm\u0101 izc\u012bna Bots\/Pl\u016bme"},"content":{"rendered":"<p>Robe\u017eniece\/Bogdanova pirmaj\u0101 braucien\u0101 bija sept\u012bt\u0101s, bet otraj\u0101 uzr\u0101d\u012bja dev\u012bto rezult\u0101tu, ta\u010du neskatoties uz riskantu brauk\u0161anu trases lejasda\u013c\u0101, saglab\u0101ja sept\u012bto vietu. Up\u012bte\/Pavlova pirmaj\u0101 braucien\u0101 bija desmit\u0101s 12 ekip\u0101\u017eu konkurenc\u0113, bet otraj\u0101 uzr\u0101d\u012bja sept\u012bto rezult\u0101tu.<\/p>\n<p>Latvijas divnieki uzvar\u0113t\u0101j\u0101m zaud\u0113ja attiec\u012bgi 1,678 un 2,108 sekundes.<\/p>\n<p>P\u0113c tr\u012bs posmiem kopv\u0113rt\u0113jum\u0101 l\u012bderi ir v\u0101cie\u0161i Tonijs Egerts\/Flori\u0101ns Millers ar 210 punktiem, asto\u0146us punktus maz\u0101k guvu\u0161i austrie\u0161i Juri Gats\/Martins \u0160epfs, bet 15 punktus atpaliek Bots\/Pl\u016bme. \u0160evics-Mike\u013c\u0161evics\/Krasts ar 122 punktiem ir desmite.<\/p>\n<p>Turpin\u0101jum\u0101 sacent\u012bsies v\u012brie\u0161u vieninieki.<\/p>\n<p>Divnieku sacens\u012bbas bija paredz\u0113tas piektdien, ta\u010du laikapst\u0101k\u013cu d\u0113\u013c t\u0101s p\u0101rc\u0113la uz sestdienu.<\/p>\n<p>PK n\u0101kamais posms gadu mij\u0101 notiks Siguld\u0101. P\u0113c piekt\u0101 posma janv\u0101ra s\u0101kum\u0101 Vinterberg\u0101 beigsies olimpisk\u0101 kvalifik\u0101cija, bet pirmaj\u0101 no diviem posmiem v\u0113l vien\u0101 V\u0101cijas tras\u0113 Oberhof\u0101 tiks dal\u012btas ar\u012b Eiropas \u010dempion\u0101ta meda\u013cas, febru\u0101ra s\u0101kum\u0101 sportistiem sacen\u0161oties Mil\u0101nas-Kort\u012bnas d\u2019Ampeco olimpiskaj\u0101s sp\u0113l\u0113s.<\/p>\n","protected":false},"excerpt":{"rendered":"Robe\u017eniece\/Bogdanova pirmaj\u0101 braucien\u0101 bija sept\u012bt\u0101s, bet otraj\u0101 uzr\u0101d\u012bja dev\u012bto rezult\u0101tu, ta\u010du neskatoties uz riskantu brauk\u0161anu trases lejasda\u013c\u0101, saglab\u0101ja&hellip;\n","protected":false},"author":2,"featured_media":46173,"comment_status":"","ping_status":"","sticky":false,"template":"","format":"standard","meta":{"footnotes":""},"categories":[5],"tags":[23,28,29,32,33,22,10482,30,31,35,39,38,36,37,34,40,20,20476,2560,26,27,24,25,21],"class_list":{"0":"post-81387","1":"post","2":"type-post","3":"status-publish","4":"format-standard","5":"has-post-thumbnail","7":"category-aktualitates","8":"tag-aktualitates","9":"tag-breaking-news","10":"tag-breakingnews","11":"tag-featured-news","12":"tag-featurednews","13":"tag-headlines","14":"tag-kamaninu-sports","15":"tag-latest-news","16":"tag-latestnews","17":"tag-latvia","18":"tag-latvian","19":"tag-latviesu","20":"tag-latviesu-valoda","21":"tag-latviesuvaloda","22":"tag-latvija","23":"tag-lv","24":"tag-news","25":"tag-otra-vieta","26":"tag-pasaules-kauss","27":"tag-popularakas-zinas","28":"tag-popularakaszinas","29":"tag-top-stories","30":"tag-topstories","31":"tag-zinas"},"share_on_mastodon":{"url":"https:\/\/pubeurope.com\/@lv\/115753982589809568","error":""},"_links":{"self":[{"href":"https:\/\/www.europesays.com\/lv\/wp-json\/wp\/v2\/posts\/81387","targetHints":{"allow":["GET"]}}],"collection":[{"href":"https:\/\/www.europesays.com\/lv\/wp-json\/wp\/v2\/posts"}],"about":[{"href":"https:\/\/www.europesays.com\/lv\/wp-json\/wp\/v2\/types\/post"}],"author":[{"embeddable":true,"href":"https:\/\/www.europesays.com\/lv\/wp-json\/wp\/v2\/users\/2"}],"replies":[{"embeddable":true,"href":"https:\/\/www.europesays.com\/lv\/wp-json\/wp\/v2\/comments?post=81387"}],"version-history":[{"count":0,"href":"https:\/\/www.europesays.com\/lv\/wp-json\/wp\/v2\/posts\/81387\/revisions"}],"wp:featuredmedia":[{"embeddable":true,"href":"https:\/\/www.europesays.com\/lv\/wp-json\/wp\/v2\/media\/46173"}],"wp:attachment":[{"href":"https:\/\/www.europesays.com\/lv\/wp-json\/wp\/v2\/media?parent=81387"}],"wp:term":[{"taxonomy":"category","embeddable":true,"href":"https:\/\/www.europesays.com\/lv\/wp-json\/wp\/v2\/categories?post=81387"},{"taxonomy":"post_tag","embeddable":true,"href":"https:\/\/www.europesays.com\/lv\/wp-json\/wp\/v2\/tags?post=81387"}],"curies":[{"name":"wp","href":"https:\/\/api.w.org\/{rel}","templated":true}]}}