{"id":81396,"date":"2025-12-20T21:31:09","date_gmt":"2025-12-20T21:31:09","guid":{"rendered":"https:\/\/www.europesays.com\/lv\/81396\/"},"modified":"2025-12-20T21:31:09","modified_gmt":"2025-12-20T21:31:09","slug":"mini-albums-labirints-piedava-veco-dziesmu-jaunu-elpu-lente-lv","status":"publish","type":"post","link":"https:\/\/www.europesays.com\/lv\/81396\/","title":{"rendered":"Mini albums \u00abLabirints\u00bb pied\u0101v\u0101 veco dziesmu jaunu elpu\u00a0\u2014\u00a0Lente.lv"},"content":{"rendered":"<p>P\u0101rsteiguma Pilns Muzik\u0101lais Projekts<\/p>\n<p>Le\u0123end\u0101r\u0101 latvie\u0161u vok\u0101liste Olga Rajecka ir apvienojusi sp\u0113kus ar elektroind\u012b popgrupas \u201cP\u0113rle\u201d (kuru nosaukums tiek rakst\u012bts ar\u012b k\u0101 P\u0116RLE) m\u016bzi\u0137iem, lai n\u0101kamajai paaudzei un past\u0101vo\u0161ajiem faniem sniegtu jaunu klaus\u012b\u0161an\u0101s pieredzi. K\u0101 inform\u0113 port\u0101ls NRA, duets izdevis kop\u012bgu mini albumu jeb EP, kura nosaukums ir \u201cLabirints\u201d. \u0160is projekts iez\u012bm\u0113 interesantu pagriezienu Rajeckas karjer\u0101, apvienojot dzied\u0101t\u0101jas ilggad\u0113jo pieredzi ar grupas moderno skan\u0113jumu.<\/p>\n<p>Senas Dziesmas Modern\u0101 Ietvar\u0101<\/p>\n<p>\u012asum\u0101 \u0161o muzik\u0101lo darbu var raksturot k\u0101 \u201csenas dziesmas modern\u0101s ska\u0146\u0101s\u201d. \u0160\u0101da pieeja \u013cauj paz\u012bstamiem ska\u0146darbiem ieg\u016bt svaigu un aktu\u0101lu pieska\u0146u, p\u0101rce\u013cot tos laikmet\u012bg\u0101 m\u016bzikas kontekst\u0101. \u0160\u012b sadarb\u012bba ir viens no gaid\u012bt\u0101kajiem kult\u016bras notikumiem decembr\u012b, kas apliecina m\u0101kslinieku v\u0113lmi eksperiment\u0113t un saglab\u0101t savu aktualit\u0101ti.<\/p>\n<p>Projekta Prezent\u0101cija un Koncertu Virkne<\/p>\n<p>Pirms albuma izn\u0101k\u0161anas, 4. decembr\u012b, notika jaunumu prezent\u0101cijas pas\u0101kums, kur\u0101 Olga Rajecka iepaz\u012bstin\u0101ja ar \u0161o sadarb\u012bbu, k\u0101 ar\u012b ar jaunu videoklipu un inform\u0101ciju par saviem gaid\u0101majiem Vecgada koncertiem. Pati m\u0101ksliniece medijiem paudusi lielu gandar\u012bjumu par paveikto, atz\u012bstot, ka projekts izdevies tie\u0161i t\u0101, k\u0101 bija iecer\u0113ts un izsap\u0146ots. Ruden\u012b, novembra beig\u0101s, tika publiskots ar\u012b EP v\u0113stnesis \u2013 dziesma ar nosaukumu \u201cLabirints\u201d.<\/p>\n<p>N\u0101kamie Soli: Vecgada Uzvedumi<\/p>\n<p>Muzik\u0101l\u0101 projekta izn\u0101k\u0161ana sakr\u012bt ar Olgas Rajeckas Vecgada koncertu s\u0113riju, kas notiks decembra beig\u0101s kult\u016bras centr\u0101 \u201cUlbrokas p\u0113rle\u201d. \u0160ie koncerti sola b\u016bt kr\u0101\u0161\u0146i, ar \u012bpa\u0161u scenogr\u0101fiju, un tajos piedal\u012bsies ar\u012b vair\u0101ki viesm\u0101kslinieki, tostarp \u201cTuraidas roze\u201d, Sergejs J\u0113gers un \u201cTautumeitas\u201d.<\/p>\n","protected":false},"excerpt":{"rendered":"P\u0101rsteiguma Pilns Muzik\u0101lais Projekts Le\u0123end\u0101r\u0101 latvie\u0161u vok\u0101liste Olga Rajecka ir apvienojusi sp\u0113kus ar elektroind\u012b popgrupas \u201cP\u0113rle\u201d (kuru nosaukums&hellip;\n","protected":false},"author":2,"featured_media":81397,"comment_status":"","ping_status":"","sticky":false,"template":"","format":"standard","meta":{"footnotes":""},"categories":[19],"tags":[20480,89,90,20479,35,39,38,194,36,37,34,40,11585,4590],"class_list":{"0":"post-81396","1":"post","2":"type-post","3":"status-publish","4":"format-standard","5":"has-post-thumbnail","7":"category-izklaide","8":"tag-elektroindi-pop","9":"tag-entertainment","10":"tag-izklaide","11":"tag-labirints-ep","12":"tag-latvia","13":"tag-latvian","14":"tag-latviesu","15":"tag-latviesu-muzika","16":"tag-latviesu-valoda","17":"tag-latviesuvaloda","18":"tag-latvija","19":"tag-lv","20":"tag-olga-rajecka","21":"tag-perle"},"share_on_mastodon":{"url":"https:\/\/pubeurope.com\/@lv\/115754033776363839","error":""},"_links":{"self":[{"href":"https:\/\/www.europesays.com\/lv\/wp-json\/wp\/v2\/posts\/81396","targetHints":{"allow":["GET"]}}],"collection":[{"href":"https:\/\/www.europesays.com\/lv\/wp-json\/wp\/v2\/posts"}],"about":[{"href":"https:\/\/www.europesays.com\/lv\/wp-json\/wp\/v2\/types\/post"}],"author":[{"embeddable":true,"href":"https:\/\/www.europesays.com\/lv\/wp-json\/wp\/v2\/users\/2"}],"replies":[{"embeddable":true,"href":"https:\/\/www.europesays.com\/lv\/wp-json\/wp\/v2\/comments?post=81396"}],"version-history":[{"count":0,"href":"https:\/\/www.europesays.com\/lv\/wp-json\/wp\/v2\/posts\/81396\/revisions"}],"wp:featuredmedia":[{"embeddable":true,"href":"https:\/\/www.europesays.com\/lv\/wp-json\/wp\/v2\/media\/81397"}],"wp:attachment":[{"href":"https:\/\/www.europesays.com\/lv\/wp-json\/wp\/v2\/media?parent=81396"}],"wp:term":[{"taxonomy":"category","embeddable":true,"href":"https:\/\/www.europesays.com\/lv\/wp-json\/wp\/v2\/categories?post=81396"},{"taxonomy":"post_tag","embeddable":true,"href":"https:\/\/www.europesays.com\/lv\/wp-json\/wp\/v2\/tags?post=81396"}],"curies":[{"name":"wp","href":"https:\/\/api.w.org\/{rel}","templated":true}]}}