{"id":81400,"date":"2025-12-20T21:34:24","date_gmt":"2025-12-20T21:34:24","guid":{"rendered":"https:\/\/www.europesays.com\/lv\/81400\/"},"modified":"2025-12-20T21:34:24","modified_gmt":"2025-12-20T21:34:24","slug":"budanovs-prognoze-ka-putins-varetu-drizuma-meginat-okupet-baltijas-valstis","status":"publish","type":"post","link":"https:\/\/www.europesays.com\/lv\/81400\/","title":{"rendered":"Budanovs prognoz\u0113, ka Putins var\u0113tu dr\u012bzum\u0101 m\u0113\u0123in\u0101t okup\u0113t Baltijas valstis"},"content":{"rendered":"<p class=\"lead\">\n                                Eiropas valst\u012bm j\u0101b\u016bt gatav\u0101m Krievijas uzbrukumam jau 2027. gad\u0101, un Krievijas diktatora Vladimira Putina pl\u0101nos ir Baltijas valstu okup\u0101cija, pazi\u0146ojis Ukrainas Aizsardz\u012bbas ministrijas Galven\u0101s izl\u016bko\u0161anas p\u0101rvaldes (HUR) vad\u012bt\u0101js Kirilo Budanovs.\n                            <\/p>\n<p style=\"margin-left:0px;\">&#8220;Saska\u0146\u0101 ar pamatpl\u0101nu Krievijai j\u0101b\u016bt gatavai s\u0101kt darb\u012bbas 2030. gad\u0101. Tagad pl\u0101ni ir kori\u0123\u0113ti, p\u0101rskat\u012bti laika grafika samazin\u0101\u0161anas virzien\u0101 l\u012bdz 2027. gadam,&#8221; intervij\u0101 izdevumam &#8220;Lb.ua&#8221; sac\u012bja Budanovs.<\/p>\n<p style=\"margin-left:0px;\">Budanovs piebilda, ka galvenais Krievijas agresijas virziens b\u016bs Baltijas valstis. Vi\u0146\u0161 paskaidroja, ka iemesli sl\u0113pjas krievu pasaules redz\u0113jum\u0101, jo, lai imp\u0113rija att\u012bst\u012btos, tai nep\u0101rtraukti nepiecie\u0161ams papla\u0161in\u0101t savu ietekmi un teritoriju, un tas, p\u0113c Krievijas uzskata, ir vien\u012bgais &#8220;dro\u0161ais&#8221; virziens.<\/p>\n<p style=\"margin-left:0px;\">&#8220;Zieme\u013cos &#8211; tikai Zieme\u013cu Ledus oke\u0101ns un t\u0101l\u0101k apk\u0101rt &#8211; Amerika. Nav variants, jo tas b\u016bs s\u0101p\u012bgi. Austrumos &#8211; Klusais oke\u0101ns un atkal Amerika. T\u0101 pati atbilde. Dienvidos &#8211; \u0136\u012bna, tas visp\u0101r b\u016bs katastrof\u0101li &#8211; sauszemes robe\u017ea, b\u016bs t\u0101di pa\u0161i apst\u0101k\u013ci k\u0101 mums kar\u0101 ar Krieviju, tikai vi\u0146iem. Vien\u012bgais, kas paliek, ir Rietumi, kas vi\u0146u izpratn\u0113, piedodiet par frazeolo\u0123ismu, ir &#8220;novecoju\u0161i&#8221;, &#8220;slimi&#8221;, &#8220;v\u0101ji&#8221; un &#8220;neizl\u0113m\u012bgi&#8221;,&#8221; teica Budanovs.<\/p>\n<p style=\"margin-left:0px;\">P\u0113c vi\u0146a inform\u0101cijas, Krievija pl\u0101no okup\u0113t Baltijas valstis, savuk\u0101rt Polija tiek apsv\u0113rta tikai triecieniem, milit\u0101rai kampa\u0146ai bez sagr\u0101b\u0161anas.<\/p>\n<p class=\"paragraph-muted\">Izv\u0113lies savu soct\u012bklu platformu, lai sekotu LASI.LV: <a href=\"https:\/\/www.facebook.com\/portals.lasi.lv\" target=\"_blank\" rel=\"noopener noreferrer nofollow\">Facebook<\/a>, <a href=\"https:\/\/twitter.com\/lasilvportals\" target=\"_blank\" rel=\"noopener noreferrer nofollow\">X<\/a>, <a href=\"https:\/\/bsky.app\/profile\/lasilv.bsky.social\" target=\"_blank\" rel=\"noopener noreferrer nofollow\">Bluesky<\/a>, <a href=\"https:\/\/www.draugiem.lv\/lasilv\/?pg=4\" target=\"_blank\" rel=\"noopener noreferrer nofollow\">Draugiem<\/a> vai ar\u012b <a href=\"https:\/\/www.instagram.com\/lasilv_zinas\/\" target=\"_blank\" rel=\"noopener noreferrer nofollow\">Instagram<\/a>. Pievienojies m\u016bsu las\u012bt\u0101ju pulkam, lai sa\u0146emtu \u012bpa\u0161i tev atlas\u012btu noder\u012bgu, praktisku un aktu\u0101lu saturu.\u00a0<\/p>\n<p><a href=\"https:\/\/lasi.lv\/abonesana\" rel=\"nofollow noopener\" target=\"_blank\">Abon\u0113<\/a>\u00a0LASI.LV gadam\u00a0vai k\u0101du no\u00a0&#8220;Latvijas Mediju&#8221; periodiskajiem izdevumiem 2026. gadam, un laim\u0113 1500 eiro vai Philips kafijas autom\u0101tu. Loterijas at\u013caujas nr. 8744.<\/p>\n<p><img decoding=\"async\" src=\"https:\/\/www.europesays.com\/lv\/wp-content\/uploads\/2025\/12\/1765963873_985_2025100311425268df8c8c1572e.jpg\" alt=\"\" loading=\"lazy\"\/><\/p>\n<p style=\"margin-left:auto;\">Pieraksties LASI.LV redaktora v\u0113stkopai <a href=\"https:\/\/lasi.lv\/vestkopa\/lasi-lv-galvena-redaktora-vestkopa\" rel=\"nofollow noopener\" target=\"_blank\">\u0161eit<\/a>.<\/p>\n<p>Pieraksties v\u0113stkopai un divas reizes ned\u0113\u013c\u0101 sa\u0146em padzi\u013cin\u0101tu LASI.LV galven\u0101 redaktora aktu\u0101lo zi\u0146u, kompetentu viedok\u013cu un interesant\u0101ko interviju apkopojumu.<\/p>\n<p>Ko tu sa\u0146emsi:<\/p>\n<ul>\n<li>Daudzveid\u012bgus koment\u0101rus un kompetentus Latvijas Mediju \u017eurn\u0101listu un autoru viedok\u013cus par aktu\u0101lo<\/li>\n<li>Ekspertu koment\u0101rus par da\u017e\u0101diem praktiskiem, noder\u012bgiem tematiem<\/li>\n<li>Aizraujo\u0161us materi\u0101lus par v\u0113sturi, psiholo\u0123iju, kult\u016bru<\/li>\n<li>Gata \u0160\u013c\u016bkas karikat\u016bru<\/li>\n<li>Tav\u0101 e-pasta kast\u012bt\u0113 katru ceturtdienu<\/li>\n<\/ul>\n<p style=\"margin-left:auto;\">\u00a0<\/p>\n<p><script async src=\"https:\/\/platform.twitter.com\/widgets.js\" charset=\"utf-8\"><\/script><script async src=\"\/\/www.instagram.com\/embed.js\"><\/script><\/p>\n","protected":false},"excerpt":{"rendered":"Eiropas valst\u012bm j\u0101b\u016bt gatav\u0101m Krievijas uzbrukumam jau 2027. gad\u0101, un Krievijas diktatora Vladimira Putina pl\u0101nos ir Baltijas valstu&hellip;\n","protected":false},"author":2,"featured_media":81401,"comment_status":"","ping_status":"","sticky":false,"template":"","format":"standard","meta":{"footnotes":""},"categories":[14],"tags":[23,57,28,29,32,33,22,30,31,35,39,38,36,37,34,40,20,26,27,24,25,54,55,56,21,58],"class_list":{"0":"post-81400","1":"post","2":"type-post","3":"status-publish","4":"format-standard","5":"has-post-thumbnail","7":"category-zinas-no-arvalstim","8":"tag-aktualitates","9":"tag-arvalstim","10":"tag-breaking-news","11":"tag-breakingnews","12":"tag-featured-news","13":"tag-featurednews","14":"tag-headlines","15":"tag-latest-news","16":"tag-latestnews","17":"tag-latvia","18":"tag-latvian","19":"tag-latviesu","20":"tag-latviesu-valoda","21":"tag-latviesuvaloda","22":"tag-latvija","23":"tag-lv","24":"tag-news","25":"tag-popularakas-zinas","26":"tag-popularakaszinas","27":"tag-top-stories","28":"tag-topstories","29":"tag-world","30":"tag-world-news","31":"tag-worldnews","32":"tag-zinas","33":"tag-zinas-no-arvalstim"},"share_on_mastodon":{"url":"https:\/\/pubeurope.com\/@lv\/115754045603101123","error":""},"_links":{"self":[{"href":"https:\/\/www.europesays.com\/lv\/wp-json\/wp\/v2\/posts\/81400","targetHints":{"allow":["GET"]}}],"collection":[{"href":"https:\/\/www.europesays.com\/lv\/wp-json\/wp\/v2\/posts"}],"about":[{"href":"https:\/\/www.europesays.com\/lv\/wp-json\/wp\/v2\/types\/post"}],"author":[{"embeddable":true,"href":"https:\/\/www.europesays.com\/lv\/wp-json\/wp\/v2\/users\/2"}],"replies":[{"embeddable":true,"href":"https:\/\/www.europesays.com\/lv\/wp-json\/wp\/v2\/comments?post=81400"}],"version-history":[{"count":0,"href":"https:\/\/www.europesays.com\/lv\/wp-json\/wp\/v2\/posts\/81400\/revisions"}],"wp:featuredmedia":[{"embeddable":true,"href":"https:\/\/www.europesays.com\/lv\/wp-json\/wp\/v2\/media\/81401"}],"wp:attachment":[{"href":"https:\/\/www.europesays.com\/lv\/wp-json\/wp\/v2\/media?parent=81400"}],"wp:term":[{"taxonomy":"category","embeddable":true,"href":"https:\/\/www.europesays.com\/lv\/wp-json\/wp\/v2\/categories?post=81400"},{"taxonomy":"post_tag","embeddable":true,"href":"https:\/\/www.europesays.com\/lv\/wp-json\/wp\/v2\/tags?post=81400"}],"curies":[{"name":"wp","href":"https:\/\/api.w.org\/{rel}","templated":true}]}}