{"id":81407,"date":"2025-12-20T21:40:15","date_gmt":"2025-12-20T21:40:15","guid":{"rendered":"https:\/\/www.europesays.com\/lv\/81407\/"},"modified":"2025-12-20T21:40:15","modified_gmt":"2025-12-20T21:40:15","slug":"amatpersonas-pazino-ka-asv-pie-venecuelas-krastiem-aiztur-kugi","status":"publish","type":"post","link":"https:\/\/www.europesays.com\/lv\/81407\/","title":{"rendered":"Amatpersonas pazi\u0146o, ka ASV pie Venecu\u0113las krastiem aiztur ku\u0123i"},"content":{"rendered":"<p>ASV aps\u016bdz Venecu\u0113las prezidentu Nikolasu Maduro par teroristu organiz\u0101cijas &#8220;Cartel de los Soles&#8221; vad\u012b\u0161anu, ko vi\u0146\u0161 noliedz.<\/p>\n<p>Trampa administr\u0101cija aps\u016bdz vi\u0146u un grupu &#8220;nozagtas&#8221; naftas izmanto\u0161an\u0101, lai &#8220;finans\u0113tu sevi, narkotiku terorismu, cilv\u0113ku tirdzniec\u012bbu, slepkav\u012bbas un cilv\u0113ku nolaup\u012b\u0161anu&#8221;.<\/p>\n<p>Venecu\u0113la, kur\u0101 atrodas pasaul\u0113 liel\u0101k\u0101s pier\u0101d\u012bt\u0101s naftas rezerves, ir \u013coti atkar\u012bga no ie\u0146\u0113mumiem no naftas eksporta, lai finans\u0113tu vald\u012bbas izdevumus.<\/p>\n<p>Trampa pazi\u0146ojums par &#8220;blok\u0101di&#8221; sekoja nepilnu ned\u0113\u013cu p\u0113c tam, kad ASV pie Venecu\u0113las krastiem sagr\u0101ba naftas tankku\u0123i, kas, dom\u0101jams, pieder\u0113ja &#8220;spoku flotei&#8221;, kura, dom\u0101jams, izmantoja da\u017e\u0101das strat\u0113\u0123ijas, lai sl\u0113ptu savu darbu.<\/p>\n<p>Baltais nams pazi\u0146oja, ka attiec\u012bgais <a href=\"https:\/\/www.apollo.lv\/term\/564658\/kugis\" class=\"topicLink\" target=\"_blank\" rel=\"nofollow noopener\">ku\u0123is<\/a> ar nosaukumu &#8220;Skipper&#8221; ir bijis iesaist\u012bts &#8220;nelikum\u012bg\u0101 naftas transport\u0113\u0161an\u0101&#8221; un tiks nog\u0101d\u0101ts ASV ost\u0101.<\/p>\n<p>Venecu\u0113las vald\u012bba nosod\u012bja \u0161o soli, un Maduro apgalvoja, ka ASV &#8220;nolaup\u012bja apkalpi&#8221; un &#8220;nozaga&#8221; ku\u0123i.<\/p>\n","protected":false},"excerpt":{"rendered":"ASV aps\u016bdz Venecu\u0113las prezidentu Nikolasu Maduro par teroristu organiz\u0101cijas &#8220;Cartel de los Soles&#8221; vad\u012b\u0161anu, ko vi\u0146\u0161 noliedz. Trampa&hellip;\n","protected":false},"author":2,"featured_media":71485,"comment_status":"","ping_status":"","sticky":false,"template":"","format":"standard","meta":{"footnotes":""},"categories":[14],"tags":[23,57,292,28,29,32,33,22,1935,30,31,35,39,38,36,37,34,40,20,26,27,24,25,358,54,55,56,21,58],"class_list":{"0":"post-81407","1":"post","2":"type-post","3":"status-publish","4":"format-standard","5":"has-post-thumbnail","7":"category-zinas-no-arvalstim","8":"tag-aktualitates","9":"tag-arvalstim","10":"tag-asv","11":"tag-breaking-news","12":"tag-breakingnews","13":"tag-featured-news","14":"tag-featurednews","15":"tag-headlines","16":"tag-kugis","17":"tag-latest-news","18":"tag-latestnews","19":"tag-latvia","20":"tag-latvian","21":"tag-latviesu","22":"tag-latviesu-valoda","23":"tag-latviesuvaloda","24":"tag-latvija","25":"tag-lv","26":"tag-news","27":"tag-popularakas-zinas","28":"tag-popularakaszinas","29":"tag-top-stories","30":"tag-topstories","31":"tag-venecuela","32":"tag-world","33":"tag-world-news","34":"tag-worldnews","35":"tag-zinas","36":"tag-zinas-no-arvalstim"},"share_on_mastodon":{"url":"https:\/\/pubeurope.com\/@lv\/115754069123079736","error":""},"_links":{"self":[{"href":"https:\/\/www.europesays.com\/lv\/wp-json\/wp\/v2\/posts\/81407","targetHints":{"allow":["GET"]}}],"collection":[{"href":"https:\/\/www.europesays.com\/lv\/wp-json\/wp\/v2\/posts"}],"about":[{"href":"https:\/\/www.europesays.com\/lv\/wp-json\/wp\/v2\/types\/post"}],"author":[{"embeddable":true,"href":"https:\/\/www.europesays.com\/lv\/wp-json\/wp\/v2\/users\/2"}],"replies":[{"embeddable":true,"href":"https:\/\/www.europesays.com\/lv\/wp-json\/wp\/v2\/comments?post=81407"}],"version-history":[{"count":0,"href":"https:\/\/www.europesays.com\/lv\/wp-json\/wp\/v2\/posts\/81407\/revisions"}],"wp:featuredmedia":[{"embeddable":true,"href":"https:\/\/www.europesays.com\/lv\/wp-json\/wp\/v2\/media\/71485"}],"wp:attachment":[{"href":"https:\/\/www.europesays.com\/lv\/wp-json\/wp\/v2\/media?parent=81407"}],"wp:term":[{"taxonomy":"category","embeddable":true,"href":"https:\/\/www.europesays.com\/lv\/wp-json\/wp\/v2\/categories?post=81407"},{"taxonomy":"post_tag","embeddable":true,"href":"https:\/\/www.europesays.com\/lv\/wp-json\/wp\/v2\/tags?post=81407"}],"curies":[{"name":"wp","href":"https:\/\/api.w.org\/{rel}","templated":true}]}}