{"id":81410,"date":"2025-12-20T21:46:18","date_gmt":"2025-12-20T21:46:18","guid":{"rendered":"https:\/\/www.europesays.com\/lv\/81410\/"},"modified":"2025-12-20T21:46:18","modified_gmt":"2025-12-20T21:46:18","slug":"labveligie-laikapstakli-veicina-simtiem-jaunu-migrantu-ierasanos-kretas-sala","status":"publish","type":"post","link":"https:\/\/www.europesays.com\/lv\/81410\/","title":{"rendered":"Labvel\u012bgie laikapst\u0101k\u013ci veicina simtiem jaunu migrantu iera\u0161anos Kr\u0113tas sal\u0101"},"content":{"rendered":"<p>Uz viena zvejas ku\u0123\u012b\u0161a atrad\u0101s 545 cilv\u0113ki, zi\u0146o &#8220;ERTNews&#8221;. Cilv\u0113ki s\u0101kotn\u0113ji tika nog\u0101d\u0101ti mazo Kr\u0113tas piekrastes pils\u0113tu ost\u0101s, un no turienes tos paredz\u0113ts sadal\u012bt pa b\u0113g\u013cu nometn\u0113m.<\/p>\n<p>Iest\u0101des nor\u0101d\u012bja, ka p\u0113d\u0113j\u0101 laik\u0101 re\u0123ion\u0101 biju\u0161i mier\u012bgi laikapst\u0101k\u013ci. Tas ir \u013c\u0101vis kontrabandistiem nos\u016bt\u012bt laivas uz Eiropu.<\/p>\n<p>Kr\u0113t\u0101 \u0161ogad re\u0123istr\u0113ti gandr\u012bz 18 000 migrantu iera\u0161an\u0101s gad\u012bjumu. Pag\u0101ju\u0161aj\u0101 gad\u0101 to bija aptuveni 5000.<\/p>\n<p>Liel\u0101koties laivas dodas ce\u013c\u0101 no L\u012bbijas ostas Tobrukas. Nedaudz vair\u0101k nek\u0101 300 kilometrus garais p\u0101rbrauciens ir b\u012bstams. Tikai pirms aptuveni div\u0101m ned\u0113\u013c\u0101m desmitiem cilv\u0113ku g\u0101ja boj\u0101 uz dienvidiem no Kr\u0113tas, kad apg\u0101z\u0101s vi\u0146u laiva.<\/p>\n","protected":false},"excerpt":{"rendered":"Uz viena zvejas ku\u0123\u012b\u0161a atrad\u0101s 545 cilv\u0113ki, zi\u0146o &#8220;ERTNews&#8221;. Cilv\u0113ki s\u0101kotn\u0113ji tika nog\u0101d\u0101ti mazo Kr\u0113tas piekrastes pils\u0113tu ost\u0101s,&hellip;\n","protected":false},"author":2,"featured_media":81411,"comment_status":"","ping_status":"","sticky":false,"template":"","format":"standard","meta":{"footnotes":""},"categories":[14],"tags":[23,57,28,29,32,33,4857,22,9994,30,31,35,39,38,36,37,34,12803,40,7957,7958,20,26,27,24,25,54,55,56,21,58],"class_list":{"0":"post-81410","1":"post","2":"type-post","3":"status-publish","4":"format-standard","5":"has-post-thumbnail","7":"category-zinas-no-arvalstim","8":"tag-aktualitates","9":"tag-arvalstim","10":"tag-breaking-news","11":"tag-breakingnews","12":"tag-featured-news","13":"tag-featurednews","14":"tag-griekija","15":"tag-headlines","16":"tag-imigracijas-problemas","17":"tag-latest-news","18":"tag-latestnews","19":"tag-latvia","20":"tag-latvian","21":"tag-latviesu","22":"tag-latviesu-valoda","23":"tag-latviesuvaloda","24":"tag-latvija","25":"tag-libija","26":"tag-lv","27":"tag-migracija","28":"tag-nelegala-migracija","29":"tag-news","30":"tag-popularakas-zinas","31":"tag-popularakaszinas","32":"tag-top-stories","33":"tag-topstories","34":"tag-world","35":"tag-world-news","36":"tag-worldnews","37":"tag-zinas","38":"tag-zinas-no-arvalstim"},"share_on_mastodon":{"url":"https:\/\/pubeurope.com\/@lv\/115754092693359915","error":""},"_links":{"self":[{"href":"https:\/\/www.europesays.com\/lv\/wp-json\/wp\/v2\/posts\/81410","targetHints":{"allow":["GET"]}}],"collection":[{"href":"https:\/\/www.europesays.com\/lv\/wp-json\/wp\/v2\/posts"}],"about":[{"href":"https:\/\/www.europesays.com\/lv\/wp-json\/wp\/v2\/types\/post"}],"author":[{"embeddable":true,"href":"https:\/\/www.europesays.com\/lv\/wp-json\/wp\/v2\/users\/2"}],"replies":[{"embeddable":true,"href":"https:\/\/www.europesays.com\/lv\/wp-json\/wp\/v2\/comments?post=81410"}],"version-history":[{"count":0,"href":"https:\/\/www.europesays.com\/lv\/wp-json\/wp\/v2\/posts\/81410\/revisions"}],"wp:featuredmedia":[{"embeddable":true,"href":"https:\/\/www.europesays.com\/lv\/wp-json\/wp\/v2\/media\/81411"}],"wp:attachment":[{"href":"https:\/\/www.europesays.com\/lv\/wp-json\/wp\/v2\/media?parent=81410"}],"wp:term":[{"taxonomy":"category","embeddable":true,"href":"https:\/\/www.europesays.com\/lv\/wp-json\/wp\/v2\/categories?post=81410"},{"taxonomy":"post_tag","embeddable":true,"href":"https:\/\/www.europesays.com\/lv\/wp-json\/wp\/v2\/tags?post=81410"}],"curies":[{"name":"wp","href":"https:\/\/api.w.org\/{rel}","templated":true}]}}