{"id":81423,"date":"2025-12-20T22:18:09","date_gmt":"2025-12-20T22:18:09","guid":{"rendered":"https:\/\/www.europesays.com\/lv\/81423\/"},"modified":"2025-12-20T22:18:09","modified_gmt":"2025-12-20T22:18:09","slug":"neredzama-plusma-%e2%9f%a9-es-nepaliksu-latvija-tas-ir-100-uzbeku-studentu-atklasmes","status":"publish","type":"post","link":"https:\/\/www.europesays.com\/lv\/81423\/","title":{"rendered":"(NE)REDZAM\u0100 PL\u016aSMA \u27e9 &#8220;Es nepalik\u0161u Latvij\u0101, tas ir 100%.&#8221; Uzbeku studentu atkl\u0101smes"},"content":{"rendered":"<p>R\u012bgas iel\u0101s arvien bie\u017e\u0101k var sastapt studentus no Uzbekist\u0101nas, ta\u010du daudzi latvie\u0161i joproj\u0101m par vi\u0146iem zina \u013coti maz. Kas vi\u0146i paties\u012bb\u0101 ir? K\u0101 pavada br\u012bvo laiku, ar ko draudz\u0113jas, k\u0101dus uzskatus pau\u017e un vai lieto latvie\u0161u valodu ikdienas sazi\u0146\u0101 Latvij\u0101? Atbildes uz \u0161iem jaut\u0101jumiem mekl\u0113jam TVNET+ projekt\u0101 &#8220;(Ne)redzam\u0101 pl\u016bsma&#8221;. Taj\u0101 st\u0101st\u0101m, k\u0101 studenti no Uzbekist\u0101nas adapt\u0113jas Latvij\u0101 un ar ko saskaras no studij\u0101m un darba br\u012bvaj\u0101 laik\u0101.<\/p>\n","protected":false},"excerpt":{"rendered":"R\u012bgas iel\u0101s arvien bie\u017e\u0101k var sastapt studentus no Uzbekist\u0101nas, ta\u010du daudzi latvie\u0161i joproj\u0101m par vi\u0146iem zina \u013coti maz.&hellip;\n","protected":false},"author":2,"featured_media":81424,"comment_status":"","ping_status":"","sticky":false,"template":"","format":"standard","meta":{"footnotes":""},"categories":[5],"tags":[23,6221,28,29,32,33,22,4394,336,30,31,35,39,38,36,37,34,40,20,26,27,24,25,164,11478,21],"class_list":{"0":"post-81423","1":"post","2":"type-post","3":"status-publish","4":"format-standard","5":"has-post-thumbnail","7":"category-aktualitates","8":"tag-aktualitates","9":"tag-augstaka-izglitiba","10":"tag-breaking-news","11":"tag-breakingnews","12":"tag-featured-news","13":"tag-featurednews","14":"tag-headlines","15":"tag-integracijas-politika","16":"tag-izglitiba","17":"tag-latest-news","18":"tag-latestnews","19":"tag-latvia","20":"tag-latvian","21":"tag-latviesu","22":"tag-latviesu-valoda","23":"tag-latviesuvaloda","24":"tag-latvija","25":"tag-lv","26":"tag-news","27":"tag-popularakas-zinas","28":"tag-popularakaszinas","29":"tag-top-stories","30":"tag-topstories","31":"tag-tvnet-latvija","32":"tag-uzbekistana","33":"tag-zinas"},"share_on_mastodon":{"url":"https:\/\/pubeurope.com\/@lv\/115754218528110249","error":""},"_links":{"self":[{"href":"https:\/\/www.europesays.com\/lv\/wp-json\/wp\/v2\/posts\/81423","targetHints":{"allow":["GET"]}}],"collection":[{"href":"https:\/\/www.europesays.com\/lv\/wp-json\/wp\/v2\/posts"}],"about":[{"href":"https:\/\/www.europesays.com\/lv\/wp-json\/wp\/v2\/types\/post"}],"author":[{"embeddable":true,"href":"https:\/\/www.europesays.com\/lv\/wp-json\/wp\/v2\/users\/2"}],"replies":[{"embeddable":true,"href":"https:\/\/www.europesays.com\/lv\/wp-json\/wp\/v2\/comments?post=81423"}],"version-history":[{"count":0,"href":"https:\/\/www.europesays.com\/lv\/wp-json\/wp\/v2\/posts\/81423\/revisions"}],"wp:featuredmedia":[{"embeddable":true,"href":"https:\/\/www.europesays.com\/lv\/wp-json\/wp\/v2\/media\/81424"}],"wp:attachment":[{"href":"https:\/\/www.europesays.com\/lv\/wp-json\/wp\/v2\/media?parent=81423"}],"wp:term":[{"taxonomy":"category","embeddable":true,"href":"https:\/\/www.europesays.com\/lv\/wp-json\/wp\/v2\/categories?post=81423"},{"taxonomy":"post_tag","embeddable":true,"href":"https:\/\/www.europesays.com\/lv\/wp-json\/wp\/v2\/tags?post=81423"}],"curies":[{"name":"wp","href":"https:\/\/api.w.org\/{rel}","templated":true}]}}