{"id":81425,"date":"2025-12-20T22:22:13","date_gmt":"2025-12-20T22:22:13","guid":{"rendered":"https:\/\/www.europesays.com\/lv\/81425\/"},"modified":"2025-12-20T22:22:13","modified_gmt":"2025-12-20T22:22:13","slug":"tramps-iesudz-bbc-tiesa-pieprasot-10-miljardus-dolaru-par-2021-gada-6-janvara-runas-redigesanu-lente-lv","status":"publish","type":"post","link":"https:\/\/www.europesays.com\/lv\/81425\/","title":{"rendered":"Tramps ies\u016bdz BBC ties\u0101, pieprasot 10 miljardus dol\u0101ru par 2021. gada 6. janv\u0101ra runas redi\u0123\u0113\u0161anu\u00a0\u2014\u00a0Lente.lv"},"content":{"rendered":"<p>Tramps v\u0113r\u0161as ties\u0101 pret britu mediju gigantu<\/p>\n<p>Biju\u0161ais ASV prezidents Donalds Tramps ir iesniedzis pla\u0161u tiesas pr\u0101vu pret Lielbrit\u0101nijas sabiedrisko raidorganiz\u0101ciju BBC, pieprasot kompens\u0101ciju vismaz 10 miljardu ASV dol\u0101ru apm\u0113r\u0101. K\u0101 inform\u0113 Latvijas Sabiedriskie Mediji, \u0161\u012b pras\u012bba izriet no t\u0101, k\u0101 BBC raid\u012bjum\u0101 &#8220;Panorama&#8221; tika redi\u0123\u0113ts Trampa 2021. gada 6. janv\u0101ra uzrunas fragments. Lieta tika ierosin\u0101ta feder\u0101laj\u0101 ties\u0101 Maiami, Florid\u0101, uzr\u0101dot divus galvenos aps\u016bdz\u012bbas punktus, par katru no kuriem tiek piepras\u012bti 5 miljardi dol\u0101ru. \u0160is solis apstiprina Trampa iepriek\u0161 izteiktos nodomus, kas izskan\u0113ja medijos jau novembra vid\u016b.<\/p>\n<p>Str\u012bda kodols: 6. janv\u0101ra runas mont\u0101\u017ea<\/p>\n<p>Pras\u012bbas centr\u0101 ir dokument\u0101l\u0101 filma &#8220;Panorama&#8221;, konkr\u0113ti t\u0101s epizode, kur\u0101 tika izmantots Trampa uzrunas materi\u0101ls pirms 2021. gada 6. janv\u0101ra notikumiem Kapitolij\u0101. Trampa advok\u0101ti apgalvo, ka BBC apzin\u0101ti, \u013caunpr\u0101t\u012bgi un maldino\u0161i manipul\u0113ja ar vi\u0146a runu. Konkr\u0113ti, probl\u0113ma saist\u012bta ar fragmentu salik\u0161anu, kas rad\u012bja maldino\u0161u iespaidu, it k\u0101 Tramps tie\u0161i aicin\u0101jis savus atbalst\u012bt\u0101jus uz vardarb\u012bgiem pas\u0101kumiem Kapitolij\u0101. J\u0101atz\u012bm\u0113, ka, p\u0113c Trampa puses teikt\u0101, \u0161ie runas fragmenti paties\u012bb\u0101 bija atdal\u012bti ar vair\u0101k nek\u0101 50 min\u016bt\u0113m, un redi\u0123\u0113jums izlaida aicin\u0101jumus uz mieru, kas ori\u0123in\u0101laj\u0101 uzrun\u0101 bija sastopami. BBC \u0161\u0101du aicin\u0101jumu uz vardarb\u012bbu ori\u0123in\u0101laj\u0101 run\u0101 neatz\u012bst.<\/p>\n<p>BBC atbilde un iepriek\u0161\u0113j\u0101 reakcija<\/p>\n<p>Pirms tiesas pr\u0101vas ierosin\u0101\u0161anas, BBC jau novembr\u012b atvainoj\u0101s Donaldam Trampam par runas redi\u0123\u0113\u0161anas veidu, atz\u012bstot to par &#8220;sprie\u0161anas k\u013c\u016bdu&#8221;. Raidorganiz\u0101cija gan noraid\u012bja jebk\u0101das pras\u012bbas par kompens\u0101ciju, stingri nepiekr\u012btot, ka past\u0101v pamats celt apmelo\u0161anas aps\u016bdz\u012bbas. Atvaino\u0161an\u0101s un atz\u012b\u0161ana par k\u013c\u016bdu noveda pie iev\u0113rojam\u0101m person\u0101la izmai\u0146\u0101m Lielbrit\u0101nijas sabiedriskaj\u0101 medij\u0101. BBC \u0123ener\u0101ldirektors Tims Deivijs un zi\u0146u redakcijas vad\u012bt\u0101ja Debora T\u0113rnesa p\u0113c skand\u0101la atk\u0101p\u0101s no amatiem. BBC ar\u012b pazi\u0146oja, ka \u0161\u012b konkr\u0113t\u0101 programma netiks atk\u0101rtoti p\u0101rraid\u012bta s\u0101kotn\u0113j\u0101 form\u0101.<\/p>\n<p>Juridiskais pamatojums un izvirz\u012bt\u0101s aps\u016bdz\u012bbas<\/p>\n<p>Tiesas pr\u0101v\u0101, kas iesniegta Floridas dienvidu apgabala feder\u0101laj\u0101 ties\u0101, Tramps izmanto divus pamatus savai pras\u012bbai. Pirmais ir apmelo\u0161ana. Otrais ir aps\u016bdz\u012bba par Floridas \u0161tata Maldino\u0161as un negod\u012bgas tirdzniec\u012bbas prakses likuma p\u0101rk\u0101p\u0161anu. Tramps intervij\u0101 &#8220;Fox News&#8221; iepriek\u0161 izteic\u0101s, ka uzskata par savu pien\u0101kumu s\u016bdz\u0113t BBC ties\u0101, jo &#8220;vi\u0146i piekr\u0101pa sabiedr\u012bbu, un vi\u0146i to ir atzinu\u0161i&#8221;. \u0160\u012b summa \u2013 10 miljardi dol\u0101ru \u2013 ir iev\u0113rojama, un t\u0101 atspogu\u013co Trampa poz\u012bciju, ka redi\u0123\u0113jums bijis &#8220;nopietns m\u0113\u0123in\u0101jums trauc\u0113t v\u0113l\u0113\u0161anu procesu&#8221;, kas notika neilgi p\u0113c raid\u012bjuma p\u0101rraides.<\/p>\n<p>Pla\u0161\u0101ks konteksts un mediju atbild\u012bba<\/p>\n<p>\u0160is gad\u012bjums ir da\u013ca no Trampa ilgsto\u0161\u0101s konfront\u0101cijas ar medijiem, kurus vi\u0146\u0161 bie\u017ei d\u0113v\u0113 par &#8220;viltus zi\u0146\u0101m&#8221; un politiski motiv\u0113tiem medijiem. Iepriek\u0161\u0113j\u0101 pieredz\u0113, Trampam izdev\u0101s pan\u0101kt 16 miljonu dol\u0101ru lielu izl\u012bgumu ar Paramount saist\u012bb\u0101 ar it k\u0101 nepareizu intervijas redi\u0123\u0113\u0161anu. Kam\u0113r Trampa advok\u0101ti uzst\u0101j uz milz\u012bgu kompens\u0101ciju, lai sod\u012btu par nodar\u012bto kait\u0113jumu reput\u0101cijai un centieniem ietekm\u0113t politisko procesu, BBC un da\u017ei Lielbrit\u0101nijas politi\u0137i (tostarp premjerministra p\u0101rst\u0101vis) aizst\u0101v\u0113ju\u0161i medija lomu dezinform\u0101cijas laikmet\u0101. Tom\u0113r notiku\u0161ais ir aktualiz\u0113jis jaut\u0101jumus par BBC p\u0101rvald\u012bbu, t\u0101s n\u0101kotni un Karalisko hartu, kuras termi\u0146\u0161 beidzas 2027. gad\u0101. Sabiedrisk\u0101 raidorganiz\u0101cija, kas liel\u0101 m\u0113r\u0101 tiek finans\u0113ta no iedz\u012bvot\u0101ju licen\u010du maks\u0101m, saskaras ar nepiecie\u0161am\u012bbu atjaunot sabiedr\u012bbas uztic\u012bbu.<\/p>\n","protected":false},"excerpt":{"rendered":"Tramps v\u0113r\u0161as ties\u0101 pret britu mediju gigantu Biju\u0161ais ASV prezidents Donalds Tramps ir iesniedzis pla\u0161u tiesas pr\u0101vu pret&hellip;\n","protected":false},"author":2,"featured_media":81426,"comment_status":"","ping_status":"","sticky":false,"template":"","format":"standard","meta":{"footnotes":""},"categories":[14],"tags":[20486,20488,23,57,20485,28,29,542,32,33,22,30,31,35,39,38,36,37,34,40,20,20487,26,27,24,25,54,55,56,21,58],"class_list":{"0":"post-81425","1":"post","2":"type-post","3":"status-publish","4":"format-standard","5":"has-post-thumbnail","7":"category-zinas-no-arvalstim","8":"tag-10-miljardi-kompensacija","9":"tag-6-janvaris-runa","10":"tag-aktualitates","11":"tag-arvalstim","12":"tag-bbc-tiesa","13":"tag-breaking-news","14":"tag-breakingnews","15":"tag-donalds-tramps","16":"tag-featured-news","17":"tag-featurednews","18":"tag-headlines","19":"tag-latest-news","20":"tag-latestnews","21":"tag-latvia","22":"tag-latvian","23":"tag-latviesu","24":"tag-latviesu-valoda","25":"tag-latviesuvaloda","26":"tag-latvija","27":"tag-lv","28":"tag-news","29":"tag-panorama","30":"tag-popularakas-zinas","31":"tag-popularakaszinas","32":"tag-top-stories","33":"tag-topstories","34":"tag-world","35":"tag-world-news","36":"tag-worldnews","37":"tag-zinas","38":"tag-zinas-no-arvalstim"},"share_on_mastodon":{"url":"","error":"Validation failed: Text character limit of 500 exceeded"},"_links":{"self":[{"href":"https:\/\/www.europesays.com\/lv\/wp-json\/wp\/v2\/posts\/81425","targetHints":{"allow":["GET"]}}],"collection":[{"href":"https:\/\/www.europesays.com\/lv\/wp-json\/wp\/v2\/posts"}],"about":[{"href":"https:\/\/www.europesays.com\/lv\/wp-json\/wp\/v2\/types\/post"}],"author":[{"embeddable":true,"href":"https:\/\/www.europesays.com\/lv\/wp-json\/wp\/v2\/users\/2"}],"replies":[{"embeddable":true,"href":"https:\/\/www.europesays.com\/lv\/wp-json\/wp\/v2\/comments?post=81425"}],"version-history":[{"count":0,"href":"https:\/\/www.europesays.com\/lv\/wp-json\/wp\/v2\/posts\/81425\/revisions"}],"wp:featuredmedia":[{"embeddable":true,"href":"https:\/\/www.europesays.com\/lv\/wp-json\/wp\/v2\/media\/81426"}],"wp:attachment":[{"href":"https:\/\/www.europesays.com\/lv\/wp-json\/wp\/v2\/media?parent=81425"}],"wp:term":[{"taxonomy":"category","embeddable":true,"href":"https:\/\/www.europesays.com\/lv\/wp-json\/wp\/v2\/categories?post=81425"},{"taxonomy":"post_tag","embeddable":true,"href":"https:\/\/www.europesays.com\/lv\/wp-json\/wp\/v2\/tags?post=81425"}],"curies":[{"name":"wp","href":"https:\/\/api.w.org\/{rel}","templated":true}]}}