{"id":81454,"date":"2025-12-20T22:55:08","date_gmt":"2025-12-20T22:55:08","guid":{"rendered":"https:\/\/www.europesays.com\/lv\/81454\/"},"modified":"2025-12-20T22:55:08","modified_gmt":"2025-12-20T22:55:08","slug":"horoskops-2026-gadam-%e2%9f%a9-ko-uguns-zirga-gads-sola-katrai-zimei","status":"publish","type":"post","link":"https:\/\/www.europesays.com\/lv\/81454\/","title":{"rendered":"HOROSKOPS 2026. GADAM \u27e9 Ko Uguns Zirga gads sola katrai z\u012bmei?"},"content":{"rendered":"<p>2026. gads tiek uzskat\u012bts par jauna s\u0101kuma, izaugsmes un p\u0101rmai\u0146u periodu astrolo\u0123ij\u0101 un numerolo\u0123ij\u0101 \u2013 tas ir gads, kas simboliz\u0113 person\u012bgo atbild\u012bbu, drosmi un l\u0113mumu sp\u0113ku. 2026. gads mudin\u0101s cilv\u0113kus r\u012bkoties m\u0113r\u0137tiec\u012bgi un patst\u0101v\u012bgi, p\u0101rskat\u012bt savas dz\u012bves virzienu un nebaid\u012bties s\u0101kt no jauna. Vienlaikus p\u0113c austrumu horoskopa 2026. gads ir Uguns Zirga gads, kas simboliz\u0113 kust\u012bbu, drosmi, neatkar\u012bbu un intens\u012bvu ener\u0123iju, radot dinamisku, p\u0101rmai\u0146u pies\u0101tin\u0101tu laiku. Uzzini, ko \u0161is gads nes\u012bs katrai horoskopa z\u012bmei!<\/p>\n","protected":false},"excerpt":{"rendered":"2026. gads tiek uzskat\u012bts par jauna s\u0101kuma, izaugsmes un p\u0101rmai\u0146u periodu astrolo\u0123ij\u0101 un numerolo\u0123ij\u0101 \u2013 tas ir gads,&hellip;\n","protected":false},"author":2,"featured_media":81455,"comment_status":"","ping_status":"","sticky":false,"template":"","format":"standard","meta":{"footnotes":""},"categories":[19],"tags":[12528,89,562,90,35,39,38,36,37,34,40],"class_list":{"0":"post-81454","1":"post","2":"type-post","3":"status-publish","4":"format-standard","5":"has-post-thumbnail","7":"category-izklaide","8":"tag-12528","9":"tag-entertainment","10":"tag-horoskops","11":"tag-izklaide","12":"tag-latvia","13":"tag-latvian","14":"tag-latviesu","15":"tag-latviesu-valoda","16":"tag-latviesuvaloda","17":"tag-latvija","18":"tag-lv"},"share_on_mastodon":{"url":"https:\/\/pubeurope.com\/@lv\/115754364014196247","error":""},"_links":{"self":[{"href":"https:\/\/www.europesays.com\/lv\/wp-json\/wp\/v2\/posts\/81454","targetHints":{"allow":["GET"]}}],"collection":[{"href":"https:\/\/www.europesays.com\/lv\/wp-json\/wp\/v2\/posts"}],"about":[{"href":"https:\/\/www.europesays.com\/lv\/wp-json\/wp\/v2\/types\/post"}],"author":[{"embeddable":true,"href":"https:\/\/www.europesays.com\/lv\/wp-json\/wp\/v2\/users\/2"}],"replies":[{"embeddable":true,"href":"https:\/\/www.europesays.com\/lv\/wp-json\/wp\/v2\/comments?post=81454"}],"version-history":[{"count":0,"href":"https:\/\/www.europesays.com\/lv\/wp-json\/wp\/v2\/posts\/81454\/revisions"}],"wp:featuredmedia":[{"embeddable":true,"href":"https:\/\/www.europesays.com\/lv\/wp-json\/wp\/v2\/media\/81455"}],"wp:attachment":[{"href":"https:\/\/www.europesays.com\/lv\/wp-json\/wp\/v2\/media?parent=81454"}],"wp:term":[{"taxonomy":"category","embeddable":true,"href":"https:\/\/www.europesays.com\/lv\/wp-json\/wp\/v2\/categories?post=81454"},{"taxonomy":"post_tag","embeddable":true,"href":"https:\/\/www.europesays.com\/lv\/wp-json\/wp\/v2\/tags?post=81454"}],"curies":[{"name":"wp","href":"https:\/\/api.w.org\/{rel}","templated":true}]}}