{"id":81458,"date":"2025-12-20T22:58:23","date_gmt":"2025-12-20T22:58:23","guid":{"rendered":"https:\/\/www.europesays.com\/lv\/81458\/"},"modified":"2025-12-20T22:58:23","modified_gmt":"2025-12-20T22:58:23","slug":"krievija-parspile-savus-sa-gada-panakumus-fronte-secina-isw","status":"publish","type":"post","link":"https:\/\/www.europesays.com\/lv\/81458\/","title":{"rendered":"Krievija p\u0101rsp\u012bl\u0113 savus \u0161\u0101 gada pan\u0101kumus front\u0113, secina ISW"},"content":{"rendered":"<p><a rel=\"noopener nofollow\" target=\"_blank\" href=\"https:\/\/www.delfi.lv\/temas\/35525519\/krievija\" tag-id=\"35525519\">Krievija<\/a> p\u0101rsp\u012bl\u0113 savus pan\u0101kumus front\u0113 2025. gad\u0101, konstat\u0113ju\u0161i ASV Kara p\u0113tniec\u012bbas instit\u016bta (ISW) anal\u012bti\u0137i.<\/p>\n<p>Krievija apgalvo, ka \u0161ogad esot sagr\u0101busi vair\u0101k nek\u0101 6300 kvadr\u0101tkilometru <a rel=\"noopener nofollow\" target=\"_blank\" href=\"https:\/\/www.delfi.lv\/temas\/35467179\/ukraina\" tag-id=\"35467179\">Ukrainas<\/a> teritorijas, ta\u010du \u0161ie apgalvojumi neatbilst realit\u0101tei kaujaslauk\u0101, teikts domn\u012bcas zi\u0146ojum\u0101.<\/p>\n<p>Anal\u012bti\u0137i atsaucas uz Krievijas diktatora Vladimira Putina un Krievijas \u0123ener\u0101l\u0161t\u0101ba priek\u0161nieka Val\u0113rija Gerasimova pazi\u0146ojumiem.<\/p>\n<p>Proti, Putins teicis, ka krievi esot piln\u012bb\u0101 p\u0101r\u0146\u0113mu\u0161i kontroli p\u0101r Siverskas pils\u0113tu Doneckas apgabal\u0101.<\/p>\n<p>Tom\u0113r, k\u0101 teikts zi\u0146ojum\u0101, apstiprin\u0101ta tikai 77% pils\u0113tas teritorijas ie\u0146em\u0161ana.<\/p>\n<p>ISW ar\u012b atg\u0101dina Gerasimova v\u0101rdus, ka krievi Harkivas apgabal\u0101 esot sagr\u0101bu\u0161i Kupjansku un Doneckas apgabal\u0101 kontrol\u0113 50% Kostjanti\u0146ivkas.<\/p>\n<p>Anal\u012bti\u0137i nor\u0101da, ka vi\u0146i neredz nek\u0101dus pier\u0101d\u012bjumus par Krievijas progresu Kostjanti\u0146ivk\u0101, kas b\u016btu tuvi izskan\u0113ju\u0161ajiem skait\u013ciem.<\/p>\n<p>Anal\u012bti\u0137i l\u0113\u0161, ka ienaidnieks ir iekarojis tikai aptuveni 1,6% Kostjanti\u0146ivkas, bet krievu kl\u0101tb\u016btne pils\u0113t\u0101 ir aptuveni 5%.<\/p>\n<p>&#8220;Pat Krievijas milit\u0101ro blogeru maksim\u0101listiskie apgalvojumi par Krievijas pan\u0101kumiem nav tik v\u0113rien\u012bgi k\u0101 Gerasimova pazi\u0146ojumi, jo milit\u0101rie blogeri apgalvo, ka Krievijas karasp\u0113ks ir ie\u0146\u0113mis tikai aptuveni 11% pils\u0113tas,&#8221; teikts zi\u0146ojum\u0101.<\/p>\n<p>Tiek nor\u0101d\u012bts, ka Gerasimovs 18. decembr\u012b pazi\u0146oja, ka Krievija 2025. gad\u0101 ir ie\u0146\u0113musi vair\u0101k nek\u0101 6300 kvadr\u0101tkilometru Ukrainas teritorijas.<\/p>\n<p>Savuk\u0101rt Krievijas aizsardz\u012bbas ministrs Andrejs Belousovs 17. decembr\u012b run\u0101ja par 6000 kvadr\u0101tkilometru.<\/p>\n<p>Saska\u0146\u0101 ar ISW apl\u0113s\u0113m kop\u0161 2025. gada s\u0101kuma Krievijas karasp\u0113ks Ukrain\u0101 ir sagr\u0101bis 4700 kvadr\u0101tkilometrus.<\/p>\n<p>P\u0113c anal\u012bti\u0137u dom\u0101m, Gerasimova un Belousova p\u0101rsp\u012bl\u0113tie pazi\u0146ojumi nor\u0101da uz l\u0113no ofens\u012bvas tempu.<\/p>\n<p>T\u0101p\u0113c \u0161\u0101d\u0101 veid\u0101 vi\u0146i cen\u0161as rad\u012bt iespaidu par Krievijas it k\u0101 uzvaru kaujaslauk\u0101 un Ukrainas aizsardz\u012bbas v\u0101jumu.<\/p>\n<p>Putins noraida atbild\u012bbu par cilv\u0113ku n\u0101vi Krievijas kar\u0101 pret Ukrainu<\/p>\n<p>Krievijas diktators Vladimirs Putins ikgad\u0113j\u0101 jaut\u0101jumu un atbil\u017eu sesij\u0101 piektdien pazi\u0146oja, ka nav atbild\u012bgs par cilv\u0113ku n\u0101vi Krievijas izv\u0113rstaj\u0101 kar\u0101 pret Ukrainu.<\/p>\n<p>Ikgad\u0113j\u0101 telev\u012bzijas &#8220;tie\u0161\u0101s l\u012bnijas&#8221; p\u0101rraid\u0113 Putins vair\u0101kas stundas atbild uz iedz\u012bvot\u0101ju un \u017eurn\u0101listu jaut\u0101jumiem.<\/p>\n<p>Putinam tie\u0161raides laik\u0101 tika uzdots jaut\u0101jums par ASV prezidenta Donalda Trampa miera pl\u0101nu, lai izbeigtu Krievijas un Ukrainas karu.<\/p>\n<p>ASV telekan\u0101la &#8220;NBC News&#8221; korespondente vaic\u0101ja: &#8220;Vai j\u016bs uz\u0146emsieties atbild\u012bbu par krievu un ukrai\u0146u n\u0101vi 2026. gad\u0101, ja noraid\u012bsiet Trampa miera pl\u0101nu?&#8221;<\/p>\n<p>&#8220;M\u0113s neuzskat\u0101m sevi par atbild\u012bgiem par cilv\u0113ku boj\u0101eju, jo m\u0113s nes\u0101k\u0101m \u0161o karu. Tas s\u0101k\u0101s p\u0113c antikonstitucion\u0101l\u0101 bru\u0146ot\u0101 apv\u0113rsuma Ukrain\u0101,&#8221; atbild\u0113ja Putins.<\/p>\n<p>Vi\u0146\u0161 sac\u012bja, ka augstu v\u0113rt\u0113 Trampa miera iniciat\u012bvas un &#8220;praktiski piekritis&#8221; vi\u0146a priek\u0161likumiem samit\u0101 A\u013cask\u0101, lai gan tas saist\u012bts ar &#8220;sare\u017e\u0123\u012btiem l\u0113mumiem&#8221;.<\/p>\n<p>Vi\u0146\u0161 atk\u0101rtoja savu iepriek\u0161\u0113jo pazi\u0146ojumu, ka Krievija ir gatava risin\u0101t sarunas un izbeigt karu mierm\u012bl\u012bg\u0101 ce\u013c\u0101.<\/p>\n<p>Vienlaikus Putins apgalvoja, ka Kijiva atsak\u0101s izbeigt karu mierm\u012bl\u012bg\u0101 ce\u013c\u0101.<\/p>\n<p>&#8220;Pagaid\u0101m m\u0113s tie\u0161\u0101m neredzam \u0161\u0101du gatav\u012bbu,&#8221; atbild\u0113ja Putins, atsaucoties uz Ukrainas nev\u0113l\u0113\u0161anos pie\u0146emt kara izbeig\u0161anu p\u0113c vi\u0146a nosac\u012bjumiem.<\/p>\n<p>&#8220;Bet m\u0113s zin\u0101m par sign\u0101liem, ka vi\u0146i ir gatavi risin\u0101t sava veida dialogu,&#8221; vi\u0146\u0161 piebilda.<\/p>\n<p>Putins ar\u012b pazi\u0146oja, ka Krievija negras\u0101s uzbrukt Eiropai un nepl\u0101no jaunas &#8220;\u012bpa\u0161as milit\u0101r\u0101s oper\u0101cijas&#8221;.<\/p>\n<p>&#8220;Nek\u0101du oper\u0101ciju neb\u016bs, ja j\u016bs pret mums iztur\u0113sieties ar cie\u0146u,&#8221; sac\u012bja Putins, atbildot uz BBC korespondenta jaut\u0101jumu par to, k\u0101du n\u0101kotni Putins redz un veido Krievijai.<\/p>\n<p>Putins v\u0113lreiz atk\u0101rtoja savu veco t\u0113zi, k\u0101 eiropie\u0161i &#8220;apmu\u013c\u0137oju\u0161i&#8221; Krieviju ar NATO papla\u0161in\u0101\u0161anos uz austrumiem. &#8220;K\u0101 pie mums saka taut\u0101, uzmeta, vi\u0146i vienk\u0101r\u0161i ignor\u0113ja m\u016bsu dro\u0161\u012bbas intereses,&#8221; vi\u0146\u0161 teica.<\/p>\n<p>Putins sac\u012bja, ka Krievija var\u0113tu nekav\u0113joties aptur\u0113t karadarb\u012bbu, &#8220;ja tiks nodro\u0161in\u0101ti m\u016bsu dro\u0161\u012bbas nosac\u012bjumi vid\u0113j\u0101 un ilgtermi\u0146\u0101&#8221;.<\/p>\n<p>P\u0113c vi\u0146a teikt\u0101, Krievija ir gatava sadarboties ar ASV un Eiropu, ta\u010du &#8220;uz vienl\u012bdz\u012bgiem pamatiem un ar cie\u0146pilnu attieksmi vienam pret otru&#8221;.<\/p>\n<p>&#8220;M\u0113s neesam tie, kas karo ar Rietumiem. Kar\u0101 ar mums esat j\u016bs &#8211; ar ukrai\u0146u nacion\u0101listu rok\u0101m,&#8221; vi\u0146\u0161 piebilda.<\/p>\n<p class=\"m-0\">Seko &#8220;Delfi&#8221; ar\u012b  <a target=\"_blank\" href=\"https:\/\/www.instagram.com\/delfi.lv\/\" rel=\"nofollow noopener\">Instagram<\/a>  un <a target=\"_blank\" href=\"https:\/\/www.youtube.com\/channel\/UCw5foWtcJvAbUm64rv7jwUQ\" rel=\"nofollow noopener\">YouTube<\/a>  profil\u0101 \u2013 pievienojies, lai uzzin\u0101tu svar\u012bg\u0101ko un interesant\u0101ko pirmais!<\/p>\n<p>Publik\u0101cijas saturs vai t\u0101s jebk\u0101da apjoma da\u013ca ir aizsarg\u0101ts autorties\u012bbu objekts Autorties\u012bbu likuma izpratn\u0113, un t\u0101 izmanto\u0161ana bez izdev\u0113ja at\u013caujas ir aizliegta. Vair\u0101k lasi  <a target=\"_blank\" href=\"https:\/\/www.delfi.lv\/noteikumi#autortiesibas\" rel=\"nofollow noopener\">\u0161eit<\/a><script async src=\"\/\/www.instagram.com\/embed.js\"><\/script><\/p>\n","protected":false},"excerpt":{"rendered":"Krievija p\u0101rsp\u012bl\u0113 savus pan\u0101kumus front\u0113 2025. gad\u0101, konstat\u0113ju\u0161i ASV Kara p\u0113tniec\u012bbas instit\u016bta (ISW) anal\u012bti\u0137i. Krievija apgalvo, ka \u0161ogad&hellip;\n","protected":false},"author":2,"featured_media":81459,"comment_status":"","ping_status":"","sticky":false,"template":"","format":"standard","meta":{"footnotes":""},"categories":[14],"tags":[23,57,28,29,32,33,22,234,30,31,35,39,38,36,37,34,40,20,26,27,24,25,276,54,55,56,21,58],"class_list":{"0":"post-81458","1":"post","2":"type-post","3":"status-publish","4":"format-standard","5":"has-post-thumbnail","7":"category-zinas-no-arvalstim","8":"tag-aktualitates","9":"tag-arvalstim","10":"tag-breaking-news","11":"tag-breakingnews","12":"tag-featured-news","13":"tag-featurednews","14":"tag-headlines","15":"tag-krievija","16":"tag-latest-news","17":"tag-latestnews","18":"tag-latvia","19":"tag-latvian","20":"tag-latviesu","21":"tag-latviesu-valoda","22":"tag-latviesuvaloda","23":"tag-latvija","24":"tag-lv","25":"tag-news","26":"tag-popularakas-zinas","27":"tag-popularakaszinas","28":"tag-top-stories","29":"tag-topstories","30":"tag-ukraina","31":"tag-world","32":"tag-world-news","33":"tag-worldnews","34":"tag-zinas","35":"tag-zinas-no-arvalstim"},"share_on_mastodon":{"url":"https:\/\/pubeurope.com\/@lv\/115754375898715229","error":""},"_links":{"self":[{"href":"https:\/\/www.europesays.com\/lv\/wp-json\/wp\/v2\/posts\/81458","targetHints":{"allow":["GET"]}}],"collection":[{"href":"https:\/\/www.europesays.com\/lv\/wp-json\/wp\/v2\/posts"}],"about":[{"href":"https:\/\/www.europesays.com\/lv\/wp-json\/wp\/v2\/types\/post"}],"author":[{"embeddable":true,"href":"https:\/\/www.europesays.com\/lv\/wp-json\/wp\/v2\/users\/2"}],"replies":[{"embeddable":true,"href":"https:\/\/www.europesays.com\/lv\/wp-json\/wp\/v2\/comments?post=81458"}],"version-history":[{"count":0,"href":"https:\/\/www.europesays.com\/lv\/wp-json\/wp\/v2\/posts\/81458\/revisions"}],"wp:featuredmedia":[{"embeddable":true,"href":"https:\/\/www.europesays.com\/lv\/wp-json\/wp\/v2\/media\/81459"}],"wp:attachment":[{"href":"https:\/\/www.europesays.com\/lv\/wp-json\/wp\/v2\/media?parent=81458"}],"wp:term":[{"taxonomy":"category","embeddable":true,"href":"https:\/\/www.europesays.com\/lv\/wp-json\/wp\/v2\/categories?post=81458"},{"taxonomy":"post_tag","embeddable":true,"href":"https:\/\/www.europesays.com\/lv\/wp-json\/wp\/v2\/tags?post=81458"}],"curies":[{"name":"wp","href":"https:\/\/api.w.org\/{rel}","templated":true}]}}