{"id":81460,"date":"2025-12-20T22:59:14","date_gmt":"2025-12-20T22:59:14","guid":{"rendered":"https:\/\/www.europesays.com\/lv\/81460\/"},"modified":"2025-12-20T22:59:14","modified_gmt":"2025-12-20T22:59:14","slug":"valsts-asinsdonoru-centrs-pirmssvetku-un-starpsvetku-dienas-aicina-ziedot-asinis-2","status":"publish","type":"post","link":"https:\/\/www.europesays.com\/lv\/81460\/","title":{"rendered":"Valsts asinsdonoru centrs pirmssv\u0113tku un starpsv\u0113tku dien\u0101s aicina ziedot asinis"},"content":{"rendered":"<p>Asinis ziedot var\u0113s 22., 23., 29. un 30. decembr\u012b, k\u0101 ar\u012b 2. janv\u0101r\u012b. Asins nodo\u0161anas vietas b\u016bs sl\u0113gtas no 24. decembra l\u012bdz 26. decembrim, k\u0101 ar\u012b no 31. decembra l\u012bdz 1. janv\u0101rim.<\/p>\n<p>Gaid\u012bti visu asinsgrupu donori, \u012bpa\u0161i B- un O-.<\/p>\n<p>K\u0101 uzsver centr\u0101, pacientu \u0101rst\u0113\u0161ana turpin\u0101s ar\u012b sv\u0113tkos, un tie\u0161i \u0161aj\u0101 laik\u0101 asins kr\u0101jumi ir \u012bpa\u0161i svar\u012bgi. VADC direktore Egita Pole nov\u0113rojusi, ka asins piepras\u012bjums un donoru aktivit\u0101te Latvij\u0101 saist\u012bta ar sezon\u0101liem un sv\u0113tku periodiem, k\u0101 ar\u012b ar pacientu skaitu slimn\u012bc\u0101s. Bie\u017ei asins kr\u0101jumi sar\u016bk garo br\u012bvdienu d\u0113\u013c. Piem\u0113ram, \u0161ogad p\u0113c \u010detr\u0101m br\u012bvdien\u0101m valsts sv\u0113tkos, kr\u0101jumi bija zemi, jo slimn\u012bc\u0101s bija smagi slimi pacienti, un bija piepras\u012bjums p\u0113c asins komponentiem. L\u012bdz\u012bgi ir ar\u012b citos sv\u0113tku periodos.<\/p>\n<p>Pirmdien, 23. decembr\u012b, VADC S\u0113lpils iel\u0101 9 b\u016bs atv\u0113rts no plkst. 8 l\u012bdz 15, VADC Br\u012bv\u012bbas bulv\u0101r\u012b 32 str\u0101d\u0101s no plkst. 8 l\u012bdz 14.30, bet Hipokr\u0101ta iel\u0101 2 &#8211; no plkst. 8 l\u012bdz 14.<\/p>\n<p>VADC Kurzemes fili\u0101le Liep\u0101j\u0101, Slimn\u012bcas iel\u0101 25, b\u016bs atv\u0113rta no plkst. 8 l\u012bdz 10, bet VADC Latgales fili\u0101le R\u0113zekn\u0113, 18. novembra iel\u0101 41, \u0161aj\u0101 dien\u0101 b\u016bs sl\u0113gta.<\/p>\n<p>Savuk\u0101rt 30. decembr\u012b VADC S\u0113lpils iel\u0101 9 str\u0101d\u0101s no plkst. 8 l\u012bdz 15, bet Br\u012bv\u012bbas bulv\u0101r\u012b 32 &#8211; no plkst. 8 l\u012bdz 14.30. Hipokr\u0101ta iel\u0101 2 darba laiks b\u016bs no plkst. 8 l\u012bdz 14, VADC Latgales fili\u0101le b\u016bs atv\u0113rta no plkst. 10 l\u012bdz 15, bet VADC Kurzemes fili\u0101le &#8211; no plkst. 8 l\u012bdz 10.<\/p>\n<p>Ceturtdien, 2. janv\u0101r\u012b, VADC S\u0113lpils iel\u0101 9 str\u0101d\u0101s no plkst. 8 l\u012bdz 16, VADC Br\u012bv\u012bbas bulv\u0101r\u012b 32 b\u016bs atv\u0113rts no plkst. 8 l\u012bdz 14.30. Hipokr\u0101ta iel\u0101 2 darba laiks b\u016bs no plkst. 8 l\u012bdz 14, VADC Latgales fili\u0101le str\u0101d\u0101s no plkst. 8 l\u012bdz 15, bet VADC Kurzemes fili\u0101le \u0161aj\u0101 dien\u0101 b\u016bs sl\u0113gta.<\/p>\n<p>VADC nor\u0101da, ka ziedojumi \u0161aj\u0101 period\u0101 nodro\u0161ina, ka medi\u0137i ar\u012b sv\u0113tku laik\u0101 var sniegt pal\u012bdz\u012bbu pacientiem, kuriem t\u0101 ir nepiecie\u0161ama.<\/p>\n<p>Saska\u0146\u0101 ar Darba likumu donoram p\u0113c asins ziedo\u0161anas n\u0101kamaj\u0101 dien\u0101 pien\u0101kas apmaks\u0101ta atp\u016btas diena, un p\u0113c vieno\u0161an\u0101s ar darba dev\u0113ju to var pie\u0161\u0137irt cit\u0101 laik\u0101. Darba dev\u0113js apmaks\u0101 l\u012bdz piec\u0101m \u0161\u0101d\u0101m dien\u0101m kalend\u0101raj\u0101 gad\u0101.<\/p>\n<p>Lai ziedotu asinis, l\u012bdzi j\u0101b\u016bt der\u012bgam personu apliecino\u0161am dokumentam vai jebkurai citai personu identific\u0113jo\u0161ai apliec\u012bbai, kas satur personas kodu, v\u0101rdu, uzv\u0101rdu un foto.<\/p>\n<p>Centr\u0101 atg\u0101dina, ka donora pa\u0161saj\u016btas un asins kvalit\u0101tes nodro\u0161in\u0101\u0161anai v\u012brie\u0161i dr\u012bkst ziedot asinis, iev\u0113rojot vismaz devi\u0146u ned\u0113\u013cu p\u0101rtraukumu, bet sievietes &#8211; vismaz 13 ned\u0113\u013cu p\u0101rtraukumu no iepriek\u0161\u0113j\u0101s asins ziedo\u0161anas reizes.<\/p>\n<p>Pirms asins ziedo\u0161anas ikdien\u0101 ieteicams dzert ne maz\u0101k par 1,5 l\u012bdz 2 litriem \u0161\u0137idruma, un sevi\u0161\u0137i tas svar\u012bgi pirms un p\u0113c asins vai asins komponentu nodo\u0161anas. Pietiekams uz\u0146emt\u0101 \u0161\u0137idruma daudzums nodro\u0161in\u0101s lab\u0101ku pa\u0161saj\u016btu p\u0113c proced\u016bras. 24 stundas pirms asins nodo\u0161anas nedr\u012bkst \u0113st treknus un asus \u0113dienus, k\u0101 ar\u012b lietot alkoholu. Asins ziedo\u0161anas dien\u0101 tr\u012bs l\u012bdz \u010detras stundas pirms proced\u016bras ieteicama viegla \u0113dienreize un papildu \u0161\u0137idruma uz\u0146em\u0161ana.<\/p>\n","protected":false},"excerpt":{"rendered":"Asinis ziedot var\u0113s 22., 23., 29. un 30. decembr\u012b, k\u0101 ar\u012b 2. janv\u0101r\u012b. Asins nodo\u0161anas vietas b\u016bs sl\u0113gtas&hellip;\n","protected":false},"author":2,"featured_media":81461,"comment_status":"","ping_status":"","sticky":false,"template":"","format":"standard","meta":{"footnotes":""},"categories":[12],"tags":[23,28,29,47,32,33,22,381,64,30,31,35,39,38,36,37,34,40,20,385,26,27,172,382,384,383,24,25,21],"class_list":{"0":"post-81460","1":"post","2":"type-post","3":"status-publish","4":"format-standard","5":"has-post-thumbnail","7":"category-latvija","8":"tag-aktualitates","9":"tag-breaking-news","10":"tag-breakingnews","11":"tag-ekonomika","12":"tag-featured-news","13":"tag-featurednews","14":"tag-headlines","15":"tag-jaunumi","16":"tag-kultura","17":"tag-latest-news","18":"tag-latestnews","19":"tag-latvia","20":"tag-latvian","21":"tag-latviesu","22":"tag-latviesu-valoda","23":"tag-latviesuvaloda","24":"tag-latvija","25":"tag-lv","26":"tag-news","27":"tag-pieriga","28":"tag-popularakas-zinas","29":"tag-popularakaszinas","30":"tag-riga","31":"tag-sabiedriba","32":"tag-sludinajumi","33":"tag-sports-afisa","34":"tag-top-stories","35":"tag-topstories","36":"tag-zinas"},"share_on_mastodon":{"url":"https:\/\/pubeurope.com\/@lv\/115754379766450692","error":""},"_links":{"self":[{"href":"https:\/\/www.europesays.com\/lv\/wp-json\/wp\/v2\/posts\/81460","targetHints":{"allow":["GET"]}}],"collection":[{"href":"https:\/\/www.europesays.com\/lv\/wp-json\/wp\/v2\/posts"}],"about":[{"href":"https:\/\/www.europesays.com\/lv\/wp-json\/wp\/v2\/types\/post"}],"author":[{"embeddable":true,"href":"https:\/\/www.europesays.com\/lv\/wp-json\/wp\/v2\/users\/2"}],"replies":[{"embeddable":true,"href":"https:\/\/www.europesays.com\/lv\/wp-json\/wp\/v2\/comments?post=81460"}],"version-history":[{"count":0,"href":"https:\/\/www.europesays.com\/lv\/wp-json\/wp\/v2\/posts\/81460\/revisions"}],"wp:featuredmedia":[{"embeddable":true,"href":"https:\/\/www.europesays.com\/lv\/wp-json\/wp\/v2\/media\/81461"}],"wp:attachment":[{"href":"https:\/\/www.europesays.com\/lv\/wp-json\/wp\/v2\/media?parent=81460"}],"wp:term":[{"taxonomy":"category","embeddable":true,"href":"https:\/\/www.europesays.com\/lv\/wp-json\/wp\/v2\/categories?post=81460"},{"taxonomy":"post_tag","embeddable":true,"href":"https:\/\/www.europesays.com\/lv\/wp-json\/wp\/v2\/tags?post=81460"}],"curies":[{"name":"wp","href":"https:\/\/api.w.org\/{rel}","templated":true}]}}