{"id":81462,"date":"2025-12-20T23:01:09","date_gmt":"2025-12-20T23:01:09","guid":{"rendered":"https:\/\/www.europesays.com\/lv\/81462\/"},"modified":"2025-12-20T23:01:09","modified_gmt":"2025-12-20T23:01:09","slug":"latvija-pec-84-gadiem-atgriezas-glezniecibas-klasika-tillberga-darbs-latviesu-meitene","status":"publish","type":"post","link":"https:\/\/www.europesays.com\/lv\/81462\/","title":{"rendered":"Latvij\u0101 p\u0113c 84 gadiem atgrie\u017eas glezniec\u012bbas klasi\u0137a Tillberga darbs &#8220;Latvie\u0161u meitene&#8221;"},"content":{"rendered":"<p>Pirms diviem gadiem \u201cPurv\u012b\u0161a muzeja\u201d komanda uzg\u0101ja ASV milit\u0101r\u0101s policijas detekt\u012bva Emanuela Von Der M\u016bla 1945. gad\u0101 veikt\u0101s izmekl\u0113\u0161anas dokumentus, kuros aprakst\u012bti centieni atrast Vilhelma Purv\u012b\u0161a gleznas un priv\u0101t\u0101s mantas. P\u0113tot atslepenotos Otr\u0101 pasaules kara milit\u0101ros dokumentus, arh\u012bvus un periodiku, tika ieg\u016bta v\u0113rt\u012bga inform\u0101cija, kas \u013cauj saglab\u0101t optimismu, ka V\u0101cijas teritorij\u0101 pazudu\u0161\u0101s Purv\u012b\u0161a gleznas v\u0113l ir iesp\u0113jams atrast.<\/p>\n<p>Iedro\u0161in\u0101jumu mekl\u0113jumiem nesa eksped\u012bcija \u0160l\u0113svig\u0101, kad \u201cPurv\u012b\u0161a muzeja\u201d komanda atrada pirms 84 gadiem no Latvijas izvesto J\u0101\u0146a Roberta Tillberga (1880-1972) gleznu \u201cLatvie\u0161u meitene\u201d. Sadarb\u012bbas ar \u0160l\u0113svigas muzeju rezult\u0101t\u0101, t\u0101 tre\u0161dienas, 17. decembra vakar\u0101 ir atgriezusies dzimten\u0113 un l\u012bdz 2026. gada martam b\u016bs apskat\u0101ma kult\u016brtelp\u0101 \u201cOla Foundation\u201d.<\/p>\n","protected":false},"excerpt":{"rendered":"Pirms diviem gadiem \u201cPurv\u012b\u0161a muzeja\u201d komanda uzg\u0101ja ASV milit\u0101r\u0101s policijas detekt\u012bva Emanuela Von Der M\u016bla 1945. gad\u0101 veikt\u0101s&hellip;\n","protected":false},"author":2,"featured_media":81463,"comment_status":"","ping_status":"","sticky":false,"template":"","format":"standard","meta":{"footnotes":""},"categories":[19],"tags":[89,11493,90,20503,20501,35,39,38,36,37,34,20500,505,40,3249,460,20499,5490,20502],"class_list":{"0":"post-81462","1":"post","2":"type-post","3":"status-publish","4":"format-standard","5":"has-post-thumbnail","7":"category-izklaide","8":"tag-entertainment","9":"tag-goran-gora","10":"tag-izklaide","11":"tag-janina-kursite-pakule","12":"tag-janis-holsteins-upmanis","13":"tag-latvia","14":"tag-latvian","15":"tag-latviesu","16":"tag-latviesu-valoda","17":"tag-latviesuvaloda","18":"tag-latvija","19":"tag-latvijas-kulturas-mantojums","20":"tag-latvijas-makslas-akademija","21":"tag-lv","22":"tag-makslas-vesture","23":"tag-ola-foundation","24":"tag-purvisa-muzejs","25":"tag-vilhelms-purvitis","26":"tag-zanete-grende"},"share_on_mastodon":{"url":"https:\/\/pubeurope.com\/@lv\/115754387688101457","error":""},"_links":{"self":[{"href":"https:\/\/www.europesays.com\/lv\/wp-json\/wp\/v2\/posts\/81462","targetHints":{"allow":["GET"]}}],"collection":[{"href":"https:\/\/www.europesays.com\/lv\/wp-json\/wp\/v2\/posts"}],"about":[{"href":"https:\/\/www.europesays.com\/lv\/wp-json\/wp\/v2\/types\/post"}],"author":[{"embeddable":true,"href":"https:\/\/www.europesays.com\/lv\/wp-json\/wp\/v2\/users\/2"}],"replies":[{"embeddable":true,"href":"https:\/\/www.europesays.com\/lv\/wp-json\/wp\/v2\/comments?post=81462"}],"version-history":[{"count":0,"href":"https:\/\/www.europesays.com\/lv\/wp-json\/wp\/v2\/posts\/81462\/revisions"}],"wp:featuredmedia":[{"embeddable":true,"href":"https:\/\/www.europesays.com\/lv\/wp-json\/wp\/v2\/media\/81463"}],"wp:attachment":[{"href":"https:\/\/www.europesays.com\/lv\/wp-json\/wp\/v2\/media?parent=81462"}],"wp:term":[{"taxonomy":"category","embeddable":true,"href":"https:\/\/www.europesays.com\/lv\/wp-json\/wp\/v2\/categories?post=81462"},{"taxonomy":"post_tag","embeddable":true,"href":"https:\/\/www.europesays.com\/lv\/wp-json\/wp\/v2\/tags?post=81462"}],"curies":[{"name":"wp","href":"https:\/\/api.w.org\/{rel}","templated":true}]}}